{"id":118775,"date":"2025-05-22T06:39:11","date_gmt":"2025-05-22T06:39:11","guid":{"rendered":"https:\/\/www.europesays.com\/fr\/118775\/"},"modified":"2025-05-22T06:39:11","modified_gmt":"2025-05-22T06:39:11","slug":"les-preparatifs-pour-louverture-du-consulat-general-de-russie-a-kapan-sont-en-cours-selon-s-lavrov","status":"publish","type":"post","link":"https:\/\/www.europesays.com\/fr\/118775\/","title":{"rendered":"Les pr\u00e9paratifs pour l&rsquo;ouverture du consulat g\u00e9n\u00e9ral de Russie \u00e0 Kapan sont en cours selon S. Lavrov"},"content":{"rendered":"<p>Les pr\u00e9paratifs pour l\u2019ouverture du consulat g\u00e9n\u00e9ral de Russie \u00e0 Kapan sont en cours, a d\u00e9clar\u00e9 le 21 mai \u00e0 Erevan le ministre russe des Affaires \u00e9trang\u00e8res Sergue\u00ef Lavrov.<\/p>\n<p>\u00ab Nous sommes \u00e9galement int\u00e9ress\u00e9s par le plein d\u00e9veloppement des liens de jumelage entre les villes, les municipalit\u00e9s, entre les r\u00e9gions russes et les r\u00e9gions arm\u00e9niennes \u00bb, a-t-il d\u00e9clar\u00e9 lors d\u2019une conf\u00e9rence de presse conjointe avec le ministre arm\u00e9nien des Affaires \u00e9trang\u00e8res Ararat Mirzoyan .<\/p>\n<p>Annon\u00e7ant la pr\u00e9paration d\u2019un autre forum interr\u00e9gional, M. Lavrov a estim\u00e9 que celui-ci consoliderait davantage les bases mat\u00e9rielles qui sous-tendent les relations bilat\u00e9rales d\u2019alliance et de partenariat strat\u00e9gique.<\/p>\n<p>Auparavant, le gouvernement russe avait approuv\u00e9 un accord visant \u00e0 ouvrir un consulat g\u00e9n\u00e9ral dans la ville de Kapan, centre administratif de la province de Syunik, dans le sud de l\u2019Arm\u00e9nie (\u00e0 la fronti\u00e8re avec l\u2019Iran et l\u2019Azerba\u00efdjan). La partie arm\u00e9nienne a \u00e9galement donn\u00e9 son accord.<\/p>\n<p>Le consulat g\u00e9n\u00e9ral de Kapan deviendra le deuxi\u00e8me consulat g\u00e9n\u00e9ral de la F\u00e9d\u00e9ration de Russie en Arm\u00e9nie apr\u00e8s celui de Gyumri.<\/p>\n","protected":false},"excerpt":{"rendered":"Les pr\u00e9paratifs pour l\u2019ouverture du consulat g\u00e9n\u00e9ral de Russie \u00e0 Kapan sont en cours, a d\u00e9clar\u00e9 le 21&hellip;\n","protected":false},"author":2,"featured_media":118776,"comment_status":"","ping_status":"","sticky":false,"template":"","format":"standard","meta":{"footnotes":""},"categories":[1591],"tags":[11,5950,554,1887,12,1885,1886,132],"class_list":{"0":"post-118775","1":"post","2":"type-post","3":"status-publish","4":"format-standard","5":"has-post-thumbnail","7":"category-russie","8":"tag-actualites","9":"tag-armenie","10":"tag-defense","11":"tag-federation-de-russie","12":"tag-news","13":"tag-russia","14":"tag-russian-federation","15":"tag-russie"},"share_on_mastodon":{"url":"https:\/\/pubeurope.com\/@fr\/114550116559491164","error":""},"_links":{"self":[{"href":"https:\/\/www.europesays.com\/fr\/wp-json\/wp\/v2\/posts\/118775","targetHints":{"allow":["GET"]}}],"collection":[{"href":"https:\/\/www.europesays.com\/fr\/wp-json\/wp\/v2\/posts"}],"about":[{"href":"https:\/\/www.europesays.com\/fr\/wp-json\/wp\/v2\/types\/post"}],"author":[{"embeddable":true,"href":"https:\/\/www.europesays.com\/fr\/wp-json\/wp\/v2\/users\/2"}],"replies":[{"embeddable":true,"href":"https:\/\/www.europesays.com\/fr\/wp-json\/wp\/v2\/comments?post=118775"}],"version-history":[{"count":0,"href":"https:\/\/www.europesays.com\/fr\/wp-json\/wp\/v2\/posts\/118775\/revisions"}],"wp:featuredmedia":[{"embeddable":true,"href":"https:\/\/www.europesays.com\/fr\/wp-json\/wp\/v2\/media\/118776"}],"wp:attachment":[{"href":"https:\/\/www.europesays.com\/fr\/wp-json\/wp\/v2\/media?parent=118775"}],"wp:term":[{"taxonomy":"category","embeddable":true,"href":"https:\/\/www.europesays.com\/fr\/wp-json\/wp\/v2\/categories?post=118775"},{"taxonomy":"post_tag","embeddable":true,"href":"https:\/\/www.europesays.com\/fr\/wp-json\/wp\/v2\/tags?post=118775"}],"curies":[{"name":"wp","href":"https:\/\/api.w.org\/{rel}","templated":true}]}}