{"id":118779,"date":"2025-05-22T06:41:11","date_gmt":"2025-05-22T06:41:11","guid":{"rendered":"https:\/\/www.europesays.com\/fr\/118779\/"},"modified":"2025-05-22T06:41:11","modified_gmt":"2025-05-22T06:41:11","slug":"pour-le-patron-de-nvidia-les-usa-se-sont-plantes-avec-les-puces","status":"publish","type":"post","link":"https:\/\/www.europesays.com\/fr\/118779\/","title":{"rendered":"Pour le patron de Nvidia, les USA se sont plant\u00e9s avec les puces"},"content":{"rendered":"<p>                    <b>Lors du salon Computex, qui se d\u00e9roule \u00e0 Ta\u00efwan, Jensen Huang -CEO de Nvidia- a regrett\u00e9 les effets des restrictions am\u00e9ricaines \u00e0 l\u2019exportation de semi-conducteurs vers la Chine. Selon lui, loin d\u2019entraver l\u2019essor technologique de cette derni\u00e8re, ces mesures auraient au contraire favoris\u00e9 l\u2019\u00e9mergence de concurrents chinois plus r\u00e9silients et plus d\u00e9termin\u00e9s. <\/b><\/p>\n<p>                                                                                                                                                        <img decoding=\"async\" src=\"https:\/\/www.europesays.com\/fr\/wp-content\/uploads\/2025\/05\/132a9e2a58_jensen-huang-nvidia.webp.webp\" alt=\"Jensen Huang Nvidia\" width=\"1200\" height=\"638\" loading=\"lazy\"\/>        <\/p>\n<p>Un constat d&rsquo;\u00e9chec        <\/p>\n<p>Les entreprises locales sont tr\u00e8s tr\u00e8s talentueuses et tr\u00e8s d\u00e9termin\u00e9es, et le contr\u00f4le des exportations leur a donn\u00e9 l\u2019\u00e9tat d\u2019esprit, l\u2019\u00e9nergie et le soutien du gouvernement pour acc\u00e9l\u00e9rer leur d\u00e9veloppement ..\/.. Je pense que, dans l\u2019ensemble, le contr\u00f4le des exportations a \u00e9t\u00e9 un \u00e9chec.<\/p>\n<p><b>Mais il n\u2019est pas question que de Donald Trump, bien loin de l\u00e0<\/b>. En effet, <b>depuis 2021, sous la pr\u00e9sidence de Joe Biden, Washington a multipli\u00e9 les restrictions sur les ventes de puces avanc\u00e9es \u00e0 la Chine<\/b>, notamment celles destin\u00e9es aux domaines strat\u00e9giques de l\u2019intelligence artificielle et du calcul haute performance. L\u2019objectif\u00a0: freiner les capacit\u00e9s technologiques de P\u00e9kin dans des secteurs jug\u00e9s critiques pour la s\u00e9curit\u00e9 nationale.<\/p>\n<p>                                                                                                                                                        <img decoding=\"async\" src=\"https:\/\/www.europesays.com\/fr\/wp-content\/uploads\/2025\/05\/88d26741fc_21biz-nvidia-china-ljfm-superjumbo-jpg.webp.webp\" alt=\"Pour le patron de Nvidia, les USA se sont plant\u00e9s avec les puces\" width=\"1200\" height=\"800\" loading=\"lazy\"\/>        <\/p>\n<p><b>Mais ces restrictions n\u2019ont pas du tout emp\u00each\u00e9 la Chine de renforcer ses efforts d\u2019autonomie technologique.<\/b> Des entreprises comme Huawei ou SMIC ont ainsi progress\u00e9 de mani\u00e8re significative dans le d\u00e9veloppement de solutions locales, parfois en contournant certaines mesures (par exemple, <a href=\"https:\/\/www.mac4ever.com\/ia\/186947-ce-que-vous-ignorez-sur-l-ia-chinoise-deepseek-qui-a-ebranle-la-bourse\" target=\"_blank\" rel=\"noopener\">Deepseek<\/a> et son \u00e9norme labo qui utiliserait pr\u00e8s de 50 000 GPU Nvidia&#8230;).<\/p>\n<p>L&rsquo;ironie de l\u2019histoire veut donc que <b>l&rsquo;administration Trump, tout juste install\u00e9e \u00e0 la Maison-Blanche, a annul\u00e9 \u00e0 la derni\u00e8re minute une s\u00e9rie de mesures suppl\u00e9mentaires <\/b>tout juste annonc\u00e9es juste avant le d\u00e9part de Joe Biden. Cens\u00e9es entrer en vigueur le 15 mai 2025, ces r\u00e8gles pr\u00e9voyaient de nouveaux durcissements sur les exportations de puces vers la Chine. Elles ont \u00e9t\u00e9 <b>remplac\u00e9es par de simples recommandations du d\u00e9partement am\u00e9ricain du Commerce<\/b>, mettant en garde contre les usages militaires ou strat\u00e9giques de ces technologies par P\u00e9kin.<\/p>\n<p>Un d\u00e9bat strat\u00e9gique relanc\u00e9<\/p>\n<p>En retour, l<b>es autorit\u00e9s chinoises ont promis mercredi des mesures fermes d\u00e9non\u00e7ant une forme d&rsquo;intimidation \u00e9conomique, dans un climat de tensions g\u00e9opolitiques d\u00e9j\u00e0 bien charg\u00e9<\/b>. Aussi l\u2019intervention de Jensen Huang, lui-m\u00eame Ta\u00efwanais d\u2019origine, est d\u2019autant plus symbolique qu\u2019elle intervient sur un territoire strat\u00e9gique pour l\u2019industrie mondiale des semi-conducteurs. <\/p>\n<p>Si Nvidia est aujourd\u2019hui leader incontest\u00e9 des puces pour l\u2019intelligence artificielle, l\u2019entreprise reste d\u00e9pendante d\u2019un \u00e9cosyst\u00e8me mondialis\u00e9, o\u00f9 la Chine repr\u00e9sente \u00e0 la fois un partenaire, un march\u00e9 et un concurrent. Et ce, comme beaucoup d&rsquo;autres entreprises.\n                    <\/p>\n","protected":false},"excerpt":{"rendered":"Lors du salon Computex, qui se d\u00e9roule \u00e0 Ta\u00efwan, Jensen Huang -CEO de Nvidia- a regrett\u00e9 les effets&hellip;\n","protected":false},"author":2,"featured_media":118780,"comment_status":"","ping_status":"","sticky":false,"template":"","format":"standard","meta":{"footnotes":""},"categories":[1589],"tags":[11,73,1866,861,12,8835,1864,1865,1863,308],"class_list":{"0":"post-118779","1":"post","2":"type-post","3":"status-publish","4":"format-standard","5":"has-post-thumbnail","7":"category-etats-unis","8":"tag-actualites","9":"tag-etats-unis","10":"tag-etats-unis-damerique","11":"tag-ia","12":"tag-news","13":"tag-nvidia","14":"tag-united-states","15":"tag-united-states-of-america","16":"tag-us","17":"tag-usa"},"share_on_mastodon":{"url":"https:\/\/pubeurope.com\/@fr\/114550124693477403","error":""},"_links":{"self":[{"href":"https:\/\/www.europesays.com\/fr\/wp-json\/wp\/v2\/posts\/118779","targetHints":{"allow":["GET"]}}],"collection":[{"href":"https:\/\/www.europesays.com\/fr\/wp-json\/wp\/v2\/posts"}],"about":[{"href":"https:\/\/www.europesays.com\/fr\/wp-json\/wp\/v2\/types\/post"}],"author":[{"embeddable":true,"href":"https:\/\/www.europesays.com\/fr\/wp-json\/wp\/v2\/users\/2"}],"replies":[{"embeddable":true,"href":"https:\/\/www.europesays.com\/fr\/wp-json\/wp\/v2\/comments?post=118779"}],"version-history":[{"count":0,"href":"https:\/\/www.europesays.com\/fr\/wp-json\/wp\/v2\/posts\/118779\/revisions"}],"wp:featuredmedia":[{"embeddable":true,"href":"https:\/\/www.europesays.com\/fr\/wp-json\/wp\/v2\/media\/118780"}],"wp:attachment":[{"href":"https:\/\/www.europesays.com\/fr\/wp-json\/wp\/v2\/media?parent=118779"}],"wp:term":[{"taxonomy":"category","embeddable":true,"href":"https:\/\/www.europesays.com\/fr\/wp-json\/wp\/v2\/categories?post=118779"},{"taxonomy":"post_tag","embeddable":true,"href":"https:\/\/www.europesays.com\/fr\/wp-json\/wp\/v2\/tags?post=118779"}],"curies":[{"name":"wp","href":"https:\/\/api.w.org\/{rel}","templated":true}]}}