{"id":118786,"date":"2025-05-22T06:46:09","date_gmt":"2025-05-22T06:46:09","guid":{"rendered":"https:\/\/www.europesays.com\/fr\/118786\/"},"modified":"2025-05-22T06:46:09","modified_gmt":"2025-05-22T06:46:09","slug":"lunion-europeenne-sapprete-a-surtaxer-les-engrais-agricoles-russes-liberation","status":"publish","type":"post","link":"https:\/\/www.europesays.com\/fr\/118786\/","title":{"rendered":"l\u2019Union europ\u00e9enne s\u2019appr\u00eate \u00e0 surtaxer les engrais agricoles russes \u2013 Lib\u00e9ration"},"content":{"rendered":"<p class=\"sc-ksZaOG ehjQrN text-element\">Une \u00e9tape de plus dans le bras de fer entre Bruxelles et Moscou. Le Parlement europ\u00e9en doit approuver ce jeudi 22 mai une surtaxation <a href=\"https:\/\/www.liberation.fr\/environnement\/lagriculture-mondiale-a-la-botte-des-engrais-russes-20220325_QATVOJRZINDXBBNKONZ33CSP4Q\/\" target=\"_blank\" rel=\"noopener\" title=\"https:\/\/www.liberation.fr\/environnement\/lagriculture-mondiale-a-la-botte-des-engrais-russes-20220325_QATVOJRZINDXBBNKONZ33CSP4Q\/\">des millions de tonnes d\u2019engrais import\u00e9es de Russie chaque ann\u00e9e<\/a> en Europe, malgr\u00e9 les craintes des agriculteurs d\u2019une envol\u00e9e des prix mondiaux. Le projet pr\u00e9voit la mise en place d\u00e8s juillet de taxes douani\u00e8res qui doivent augmenter progressivement durant trois ans, jusqu\u2019\u00e0 couper le robinet des fertilisants azot\u00e9s venus de Russie et de son alli\u00e9 b\u00e9larusse.<\/p>\n<p class=\"sc-ksZaOG ehjQrN text-element\">Plus de trois ans apr\u00e8s l\u2019invasion de l\u2019Ukraine, il faut cesser \u00abd\u2019alimenter la machine de guerre\u00bb de Vladimir Poutine et \u00ablimiter la d\u00e9pendance des agriculteurs europ\u00e9ens \u00e0 l\u2019\u00e9gard des engrais russes\u00bb, revendique l\u2019eurod\u00e9put\u00e9e lettone Inese Vaidere (PPE, droite), rapporteure de ce texte. L\u2019Union europ\u00e9enne a import\u00e9 6,2 millions de tonnes d\u2019engrais russes en 2024 et d\u00e9j\u00e0 pr\u00e8s de 2,5 millions depuis d\u00e9but 2025, soit un quart de ses importations en la mati\u00e8re.<\/p>\n<p class=\"sc-ksZaOG ehjQrN text-element\">\u00abL\u2019origine russe est la plus comp\u00e9titive en termes de prix\u00bb et la logistique de livraisons est \u00abbien \u00e9tablie\u00bb, souligne Dominique Dejonckheere, cadre du Copa-Cogeca, l\u2019organisation des syndicats agricoles europ\u00e9ens. Avec les surtaxes, l\u2019Europe veut emp\u00eacher la Russie de passer par ses engrais pour exporter son gaz naturel, mati\u00e8re premi\u00e8re principale de fabrication de ces fertilisants azot\u00e9s.<\/p>\n<p class=\"sc-ksZaOG ehjQrN text-element\">Bruxelles vise surtout une augmentation de la production europ\u00e9enne, pour davantage d\u2019ind\u00e9pendance. La taxation des engrais russes est d\u2019ailleurs applaudie par les industriels de l\u2019UE. \u00abLe temps presse. Cela fait trois ans que nous demandons \u00e0 l\u2019UE d\u2019agir\u00bb, souligne Tiffanie Stephani, chez Yara, l\u2019un des plus gros producteurs d\u2019engrais en Europe. \u00abLes importations russes ont eu un impact massif\u00bb avec une \u00abpression\u00bb sur les prix, estime-t-elle.<\/p>\n<p class=\"sc-ksZaOG ehjQrN text-element\">L\u2019UE va maintenant devoir rassurer <a href=\"https:\/\/www.liberation.fr\/environnement\/agriculture\/on-a-des-emprunts-des-charges-qui-augmentent-mais-pas-les-prix-les-agriculteurs-toujours-mecontents-un-an-apres-leur-mouvement-20250221_6JDG2AFJNZCH3IXKB64L57B4HI\/\" target=\"_blank\" rel=\"noreferrer noopener\" title=\"https:\/\/www.liberation.fr\/environnement\/agriculture\/on-a-des-emprunts-des-charges-qui-augmentent-mais-pas-les-prix-les-agriculteurs-toujours-mecontents-un-an-apres-leur-mouvement-20250221_6JDG2AFJNZCH3IXKB64L57B4HI\/\">les agriculteurs qui s\u2019alarment d\u2019une \u00e9ventuelle explosion des prix<\/a> sur l\u2019ensemble du march\u00e9. Cette taxation peut \u00eatre \u00abpotentiellement d\u00e9vastatrice\u00bb, a lanc\u00e9 le Copa-Cogeca. \u00abLes agriculteurs europ\u00e9ens ne doivent pas devenir des dommages collat\u00e9raux\u00bb de la situation g\u00e9opolitique, dit ce lobby agricole.<\/p>\n<p class=\"sc-ksZaOG ehjQrN text-element\">A la Commission europ\u00e9enne, on assure que toutes les pr\u00e9cautions ont \u00e9t\u00e9 prises pour que le march\u00e9 ne soit pas affect\u00e9. L\u2019ex\u00e9cutif europ\u00e9en insiste sur la progressivit\u00e9 de la mesure, en trois ans. Et promet d\u2019intervenir si les prix grimpent. En cas d\u2019inflation, la Commission pourrait suspendre les taxes douani\u00e8res sur les engrais d\u2019autres r\u00e9gions pour compenser : Maghreb, Asie Centrale, Etats-Unis, Trinit\u00e9-et-Tobago ou Nigeria\u2026<\/p>\n<p class=\"sc-ksZaOG ehjQrN text-element\">Les cours varient, mais la tonne d\u2019engrais \u00e0 base d\u2019azote vaut quelque 350 euros actuellement. Sauf coup de th\u00e9\u00e2tre, le vote du Parlement europ\u00e9en devrait \u00eatre acquis sans trop de difficult\u00e9 ce jeudi en pl\u00e9ni\u00e8re \u00e0 Bruxelles. Mais des voix \u00e0 droite demandent un report d\u2019un an de la mesure.<\/p>\n<p class=\"sc-ksZaOG ehjQrN text-element\">Et une s\u00e9rie d\u2019\u00e9lus d\u2019extr\u00eame droite ont tent\u00e9, en vain, de d\u00e9tricoter la proposition. La taxation des engrais russes \u00abne va pas changer d\u2019un iota la guerre et est extr\u00eamement p\u00e9rilleuse pour nos agriculteurs\u00bb, juge l\u2019eurod\u00e9put\u00e9 d\u2019extr\u00eame droite Thierry Mariani. \u00abC\u2019est une usine \u00e0 gaz et un suicide \u00e9conomique\u00bb, l\u00e2che cet \u00e9lu fran\u00e7ais, <a href=\"https:\/\/www.liberation.fr\/politique\/thierry-mariani-tres-amical-observateur-des-elections-a-letranger-20210702_TWBQAKXZJVBR5BXOI4UH462BWM\/\" target=\"_blank\" rel=\"noreferrer noopener\" title=\"https:\/\/www.liberation.fr\/politique\/thierry-mariani-tres-amical-observateur-des-elections-a-letranger-20210702_TWBQAKXZJVBR5BXOI4UH462BWM\/\">r\u00e9guli\u00e8rement point\u00e9 du doigt pour sa proximit\u00e9 avec la Russie de Vladimir Poutine<\/a>.<\/p>\n<p class=\"sc-ksZaOG ehjQrN text-element\">Echaud\u00e9e par la col\u00e8re agricole de 2024, la Commission europ\u00e9enne va surveiller le sujet comme le lait sur le feu. L\u2019ex\u00e9cutif a encha\u00een\u00e9 les gestes \u00e0 l\u2019\u00e9gard des agriculteurs ces derniers mois, \u00e0 l\u2019image d\u2019un plan pr\u00e9sent\u00e9 mi-mai pour simplifier la politique agricole commune en all\u00e9geant les r\u00e8gles environnementales. Interpell\u00e9 mercredi, le gouvernement fran\u00e7ais a assur\u00e9 avoir n\u00e9goci\u00e9 des concessions avant ces surtaxes, notamment de ne pas inclure les produits \u00e0 base d\u2019ammoniac.<\/p>\n","protected":false},"excerpt":{"rendered":"Une \u00e9tape de plus dans le bras de fer entre Bruxelles et Moscou. Le Parlement europ\u00e9en doit approuver&hellip;\n","protected":false},"author":2,"featured_media":118787,"comment_status":"","ping_status":"","sticky":false,"template":"","format":"standard","meta":{"footnotes":""},"categories":[1586],"tags":[11,21427,1777,674,1779,1011,27,12,25,132,1778,297,364],"class_list":{"0":"post-118786","1":"post","2":"type-post","3":"status-publish","4":"format-standard","5":"has-post-thumbnail","7":"category-europe","8":"tag-actualites","9":"tag-agriculteurs-en-colere","10":"tag-eu","11":"tag-europe","12":"tag-european-union","13":"tag-fr","14":"tag-france","15":"tag-news","16":"tag-republique-francaise","17":"tag-russie","18":"tag-ue","19":"tag-ukraine-la-crise","20":"tag-union-europeenne"},"share_on_mastodon":{"url":"https:\/\/pubeurope.com\/@fr\/114550144105259260","error":""},"_links":{"self":[{"href":"https:\/\/www.europesays.com\/fr\/wp-json\/wp\/v2\/posts\/118786","targetHints":{"allow":["GET"]}}],"collection":[{"href":"https:\/\/www.europesays.com\/fr\/wp-json\/wp\/v2\/posts"}],"about":[{"href":"https:\/\/www.europesays.com\/fr\/wp-json\/wp\/v2\/types\/post"}],"author":[{"embeddable":true,"href":"https:\/\/www.europesays.com\/fr\/wp-json\/wp\/v2\/users\/2"}],"replies":[{"embeddable":true,"href":"https:\/\/www.europesays.com\/fr\/wp-json\/wp\/v2\/comments?post=118786"}],"version-history":[{"count":0,"href":"https:\/\/www.europesays.com\/fr\/wp-json\/wp\/v2\/posts\/118786\/revisions"}],"wp:featuredmedia":[{"embeddable":true,"href":"https:\/\/www.europesays.com\/fr\/wp-json\/wp\/v2\/media\/118787"}],"wp:attachment":[{"href":"https:\/\/www.europesays.com\/fr\/wp-json\/wp\/v2\/media?parent=118786"}],"wp:term":[{"taxonomy":"category","embeddable":true,"href":"https:\/\/www.europesays.com\/fr\/wp-json\/wp\/v2\/categories?post=118786"},{"taxonomy":"post_tag","embeddable":true,"href":"https:\/\/www.europesays.com\/fr\/wp-json\/wp\/v2\/tags?post=118786"}],"curies":[{"name":"wp","href":"https:\/\/api.w.org\/{rel}","templated":true}]}}