{"id":118800,"date":"2025-05-22T06:54:08","date_gmt":"2025-05-22T06:54:08","guid":{"rendered":"https:\/\/www.europesays.com\/fr\/118800\/"},"modified":"2025-05-22T06:54:08","modified_gmt":"2025-05-22T06:54:08","slug":"assia-determinee-a-entrainer-meme-confrontee-a-un-mur-du-cote-de-la-federation-de-basket-2","status":"publish","type":"post","link":"https:\/\/www.europesays.com\/fr\/118800\/","title":{"rendered":"Assia, d\u00e9termin\u00e9e \u00e0 entra\u00eener, m\u00eame \u00ab confront\u00e9e \u00e0 un mur \u00bb du c\u00f4t\u00e9 de la F\u00e9d\u00e9ration de basket"},"content":{"rendered":"<p><strong>discriminations &#8211; Sur TF1 le 13\u00a0mai, Emmanuel Macron s\u2019est prononc\u00e9 contre le port du voile dans les comp\u00e9titions. Entra\u00eeneuse voil\u00e9e, Assia Verhoeven a d\u00e9j\u00e0 affront\u00e9 de nombreux obstacles depuis que la f\u00e9d\u00e9ration de basket-ball a mis en place cette interdiction<\/strong><\/p>\n<p>R\u00e9cup\u00e9rer le ballon de <a href=\"https:\/\/www.20minutes.fr\/sport\/basketball\/?at_medium=RSS%20feed&amp;at_campaign=ynews&amp;utm_source=yahoo&amp;utm_medium=rss&amp;utm_campaign=news_feed&amp;utm_content=in_article_link\" rel=\"nofollow noopener\" target=\"_blank\" data-ylk=\"slk:basket;elm:context_link;itc:0;sec:content-canvas\" class=\"link \">basket<\/a> d\u2019une main, viser le panier, marquer. Apr\u00e8s avoir r\u00e9parti en bin\u00f4me ses \u00e9l\u00e8ves, Assia Verhoeven, 25 ans, distille ses conseils. Dans un gymnase <a href=\"https:\/\/www.20minutes.fr\/dossier\/ivry?at_medium=RSS%20feed&amp;at_campaign=ynews&amp;utm_source=yahoo&amp;utm_medium=rss&amp;utm_campaign=news_feed&amp;utm_content=in_article_link\" rel=\"nofollow noopener\" target=\"_blank\" data-ylk=\"slk:d\u2019Ivry-sur-Seine;elm:context_link;itc:0;sec:content-canvas\" class=\"link \">d\u2019Ivry-sur-Seine<\/a> (Val-de-Marne) mi-avril, la coach a ax\u00e9 sa s\u00e9ance sur la d\u00e9fense collective de son \u00e9quipe, une dizaine de filles de 13 et 14 ans. En entra\u00eenement, <a href=\"https:\/\/www.20minutes.fr\/justice\/4151101-20250430-yvelines-femme-porte-plainte-apres-etre-fait-arracher-voile-pleine-rue?at_medium=RSS%20feed&amp;at_campaign=ynews&amp;utm_source=yahoo&amp;utm_medium=rss&amp;utm_campaign=news_feed&amp;utm_content=in_article_link\" rel=\"nofollow noopener\" target=\"_blank\" data-ylk=\"slk:son voile;elm:context_link;itc:0;sec:content-canvas\" class=\"link \">son voile<\/a> ne pose aucun probl\u00e8me, mais lors des matchs, c\u2019est une tout autre histoire.<\/p>\n<p>Car la F\u00e9d\u00e9ration fran\u00e7aise de basket-ball (FFBB) a durci ses r\u00e8gles depuis trois ans en interdisant le port de couvre-chef dans les comp\u00e9titions. Une proposition de loi, <a href=\"https:\/\/www.20minutes.fr\/societe\/4139464-20250218-port-voile-sportives-senat-vote-interdiction-soutenue-gouvernement?at_medium=RSS%20feed&amp;at_campaign=ynews&amp;utm_source=yahoo&amp;utm_medium=rss&amp;utm_campaign=news_feed&amp;utm_content=in_article_link\" rel=\"nofollow noopener\" target=\"_blank\" data-ylk=\"slk:adopt\u00e9e par le S\u00e9nat;elm:context_link;itc:0;sec:content-canvas\" class=\"link \">adopt\u00e9e par le S\u00e9nat<\/a> en f\u00e9vrier, reprend ce principe et vise \u00e0 interdire le port de signes manifestant ostensiblement une appartenance politique ou religieuse lors des comp\u00e9titions au nom \u00ab\u00a0du respect du principe de la\u00efcit\u00e9 dans le sport\u00a0\u00bb. Elle sera mise \u00e0 l\u2019ordre du jour \u00e0 <a href=\"https:\/\/www.20minutes.fr\/dossier\/assemblee_nationale?at_medium=RSS%20feed&amp;at_campaign=ynews&amp;utm_source=yahoo&amp;utm_medium=rss&amp;utm_campaign=news_feed&amp;utm_content=in_article_link\" rel=\"nofollow noopener\" target=\"_blank\" data-ylk=\"slk:l\u2019Assembl\u00e9e nationale;elm:context_link;itc:0;sec:content-canvas\" class=\"link \">l\u2019Assembl\u00e9e nationale<\/a>, a confirm\u00e9 en avril le Premier ministre. Et sur <a href=\"https:\/\/www.20minutes.fr\/politique\/4153316-20250513-parapluie-nucleaire-prisons-port-voile-referendums-essentiel-annonces-macron-tf1?at_medium=RSS%20feed&amp;at_campaign=ynews&amp;utm_source=yahoo&amp;utm_medium=rss&amp;utm_campaign=news_feed&amp;utm_content=in_article_link\" rel=\"nofollow noopener\" target=\"_blank\" data-ylk=\"slk:TF1 le 13\u00a0mai,;elm:context_link;itc:0;sec:content-canvas\" class=\"link \">TF1 le 13\u00a0mai,<\/a> <a href=\"https:\/\/www.20minutes.fr\/politique\/emmanuel-macron\/?at_medium=RSS%20feed&amp;at_campaign=ynews&amp;utm_source=yahoo&amp;utm_medium=rss&amp;utm_campaign=news_feed&amp;utm_content=in_article_link\" rel=\"nofollow noopener\" target=\"_blank\" data-ylk=\"slk:Emmanuel Macron;elm:context_link;itc:0;sec:content-canvas\" class=\"link \">Emmanuel Macron<\/a> s\u2019est aussi prononc\u00e9 contre le port du voile dans les comp\u00e9titions sportives.<\/p>\n<p>Un couvre-chef consid\u00e9r\u00e9 comme \u00ab\u00a0inappropri\u00e9 au jeu\u00a0\u00bb<\/p>\n<p>Assia Verhoeven, qui entra\u00eene depuis\u00a02019 et s\u2019est mise \u00e0 porter le foulard deux ans plus tard, ne se souvient pas avoir fait l\u2019objet de remarques avant\u00a02022. Une premi\u00e8re note du r\u00e8glement de la FFBB pr\u00e9cise alors que les accessoires couvrant la t\u00eate sont interdits, consid\u00e9r\u00e9s comme \u00ab\u00a0inappropri\u00e9s au jeu\u00a0\u00bb. Une position inverse \u00e0 celle de la F\u00e9d\u00e9ration internationale de basket-ball (FIBA)(&#8230;)<\/p>\n<p><a href=\"https:\/\/www.20minutes.fr\/societe\/4152020-20250522-sportives-voilees-assia-determinee-entrainer-confrontee-mur-cote-federation-basket?at_medium=RSS%20feed&amp;at_campaign=ynews&amp;utm_source=yahoo&amp;utm_medium=rss&amp;utm_campaign=news_feed&amp;utm_content=read_more_link&quot;\" rel=\"nofollow noopener\" target=\"_blank\" data-ylk=\"slk:Lire la suite sur 20minutes;elm:context_link;itc:0;sec:content-canvas\" class=\"link \">Lire la suite sur 20minutes<\/a><\/p>\n<p>\u00c0 lire aussi :<br \/><a href=\"https:\/\/www.20minutes.fr\/societe\/4151837-20250517-sportives-voilees-exclues-matchs-elles-sentent-humiliees-traitees-comme-pestiferees?at_medium=RSS%20feed&amp;at_campaign=ynews&amp;utm_source=yahoo&amp;utm_medium=rss&amp;utm_campaign=news_feed&amp;utm_content=related_content_link\" rel=\"nofollow noopener\" target=\"_blank\" data-ylk=\"slk:Sportives voil\u00e9es\u00a0: Exclues des matchs, elles se sentent \u00ab\u00a0humili\u00e9es\u00a0\u00bb, et trait\u00e9es \u00ab\u00a0comme des pestif\u00e9r\u00e9es\u00a0\u00bb;elm:context_link;itc:0;sec:content-canvas\" class=\"link \">Sportives voil\u00e9es\u00a0: Exclues des matchs, elles se sentent \u00ab\u00a0humili\u00e9es\u00a0\u00bb, et trait\u00e9es \u00ab\u00a0comme des pestif\u00e9r\u00e9es\u00a0\u00bb<\/a><br \/><a href=\"https:\/\/www.20minutes.fr\/societe\/4132710-20250109-laicite-ca-empeche-avoir-bac-5-port-voile-pose-vraiment-probleme-universite?at_medium=RSS%20feed&amp;at_campaign=ynews&amp;utm_source=yahoo&amp;utm_medium=rss&amp;utm_campaign=news_feed&amp;utm_content=related_content_link\" rel=\"nofollow noopener\" target=\"_blank\" data-ylk=\"slk:La\u00efcit\u00e9\u00a0: \u00ab\u00a0\u00c7a ne m\u2019emp\u00eache pas d\u2019avoir un bac +\u00a05\u00a0\u00bb\u2026 Le port du voile pose-t-il vraiment probl\u00e8me \u00e0 l\u2019universit\u00e9\u00a0?;elm:context_link;itc:0;sec:content-canvas\" class=\"link \">La\u00efcit\u00e9\u00a0: \u00ab\u00a0\u00c7a ne m\u2019emp\u00eache pas d\u2019avoir un bac +\u00a05\u00a0\u00bb\u2026 Le port du voile pose-t-il vraiment probl\u00e8me \u00e0 l\u2019universit\u00e9\u00a0?<\/a><\/p>\n","protected":false},"excerpt":{"rendered":"discriminations &#8211; Sur TF1 le 13\u00a0mai, Emmanuel Macron s\u2019est prononc\u00e9 contre le port du voile dans les comp\u00e9titions.&hellip;\n","protected":false},"author":2,"featured_media":118801,"comment_status":"","ping_status":"","sticky":false,"template":"","format":"standard","meta":{"footnotes":""},"categories":[1414],"tags":[23969,1465,1464,23971,1073,23970,1011,27,60,199],"class_list":{"0":"post-118800","1":"post","2":"type-post","3":"status-publish","4":"format-standard","5":"has-post-thumbnail","7":"category-basket","8":"tag-assia-verhoeven","9":"tag-basket","10":"tag-basketball","11":"tag-competitions-sportives","12":"tag-emmanuel-macron","13":"tag-federation-francaise-de-basket-ball","14":"tag-fr","15":"tag-france","16":"tag-sports","17":"tag-tf1"},"share_on_mastodon":{"url":"https:\/\/pubeurope.com\/@fr\/114550175369697968","error":""},"_links":{"self":[{"href":"https:\/\/www.europesays.com\/fr\/wp-json\/wp\/v2\/posts\/118800","targetHints":{"allow":["GET"]}}],"collection":[{"href":"https:\/\/www.europesays.com\/fr\/wp-json\/wp\/v2\/posts"}],"about":[{"href":"https:\/\/www.europesays.com\/fr\/wp-json\/wp\/v2\/types\/post"}],"author":[{"embeddable":true,"href":"https:\/\/www.europesays.com\/fr\/wp-json\/wp\/v2\/users\/2"}],"replies":[{"embeddable":true,"href":"https:\/\/www.europesays.com\/fr\/wp-json\/wp\/v2\/comments?post=118800"}],"version-history":[{"count":0,"href":"https:\/\/www.europesays.com\/fr\/wp-json\/wp\/v2\/posts\/118800\/revisions"}],"wp:featuredmedia":[{"embeddable":true,"href":"https:\/\/www.europesays.com\/fr\/wp-json\/wp\/v2\/media\/118801"}],"wp:attachment":[{"href":"https:\/\/www.europesays.com\/fr\/wp-json\/wp\/v2\/media?parent=118800"}],"wp:term":[{"taxonomy":"category","embeddable":true,"href":"https:\/\/www.europesays.com\/fr\/wp-json\/wp\/v2\/categories?post=118800"},{"taxonomy":"post_tag","embeddable":true,"href":"https:\/\/www.europesays.com\/fr\/wp-json\/wp\/v2\/tags?post=118800"}],"curies":[{"name":"wp","href":"https:\/\/api.w.org\/{rel}","templated":true}]}}