{"id":118812,"date":"2025-05-22T07:00:15","date_gmt":"2025-05-22T07:00:15","guid":{"rendered":"https:\/\/www.europesays.com\/fr\/118812\/"},"modified":"2025-05-22T07:00:15","modified_gmt":"2025-05-22T07:00:15","slug":"dans-cette-ville-de-leure-les-sculptures-de-richard-orlinski-ouvrent-le-debat","status":"publish","type":"post","link":"https:\/\/www.europesays.com\/fr\/118812\/","title":{"rendered":"Dans cette ville de l&rsquo;Eure, les sculptures de Richard Orlinski ouvrent le d\u00e9bat"},"content":{"rendered":"<p>            Par<br \/>\n        <strong><br \/>\n            <a href=\"https:\/\/actu.fr\/auteur\/mathieu-janvier02\" title=\"Consulter tous les articles de Mathieu Janvier\" rel=\"nofollow noopener\" target=\"_blank\">Mathieu Janvier<\/a><br \/>\n        <\/strong><\/p>\n<p>        Publi\u00e9 le<\/p>\n<p>            21 mai 2025 \u00e0 18h32        <\/p>\n<p>Dans le cadre de l\u2019exposition Animaux Art D\u00e9co au mus\u00e9e Blanche Hosched\u00e9-Monet, dont l\u2019inauguration s\u2019est d\u00e9roul\u00e9e le samedi 17 mai \u00a0trois sculptures r\u00e9alis\u00e9es par l\u2019artiste fran\u00e7ais Richard Orlinski ont pris possession de certaines rues de Vernon, et suscitent des<b> avis mitig\u00e9s<\/b>.<\/p>\n<p class=\" wall-content\">Jusqu\u2019au 30 septembre, panth\u00e8re bleue, ours polaire blanc et crocodile rouge ont respectivement pris place sur le parvis de l\u2019h\u00f4tel de Ville, la place de Paris et les berges de la Seine pr\u00e8s des arches du vieux pont.<\/p>\n<p class=\" wall-content\">Et ce, dans un objectif simple, comme l\u2019explique Nicole Balmary, maire adjointe en charge de la culture et du patrimoine : \u00ab L\u2019id\u00e9e c\u2019\u00e9tait de <b>partager en ext\u00e9rieur des \u0153uvres d\u2019art<\/b> pour que le public qui n\u2019est pas familier avec les mus\u00e9es puisse avoir cette chance de pouvoir regarder gratuitement, en passant, et b\u00e9n\u00e9ficier de tout ce qu\u2019apporte une \u0153uvre d\u2019art \u00bb.<\/p>\n<p>Sensibiliser et interroger<\/p>\n<p class=\" wall-content\">Les \u0153uvres, qui sont un clin d\u2019\u0153il \u00e0 l\u2019exposition du mus\u00e9e, ont \u00e9t\u00e9 mises en d\u00e9p\u00f4t et install\u00e9es par les \u00e9quipes de l\u2019artiste, apr\u00e8s concertation avec la municipalit\u00e9.<\/p>\n<p class=\" wall-content\">\u00ab Orlinski est un des artistes fran\u00e7ais les plus vendus \u00e0 l\u2019international, c\u2019est une<b> chance exceptionnelle<\/b> de pouvoir montrer son travail dans une ville de 25 000\u00a0habitants \u00bb, reprend l\u2019adjointe.<\/p>\n<p class=\" wall-content\">Les sculptures repr\u00e9sentent des sujets animaux, offrant ainsi une accessibilit\u00e9 \u00e0 toutes les formes de public tout en s\u2019imposant comme un biais de sensibilisation \u00e0 la pr\u00e9servation des esp\u00e8ces menac\u00e9es.<\/p>\n<p>Vid\u00e9os : en ce moment sur Actu<br \/>\n    <a href=\"https:\/\/www.facebook.com\/plugins\/post.php?href=https%3A%2F%2Fwww.facebook.com%2Fvilledevernoneure%2Fposts%2Fpfbid0Db67LmDGGhdkhbz3bw5CJMLkt6UXbkoCkEMSjXgLJwpafKD5oVGzVR8VJrXqV8dGl&amp;show_text=true&amp;width=350\" title=\"Ouvrie le lien\" rel=\"nofollow noopener\" target=\"_blank\">Cliquez ici pour visualiser le contenu<\/a><\/p>\n<p class=\" wall-content\">\u00ab Cela permet d\u2019engager ce dialogue, ce <b>rapport au questionnement <\/b>qui m\u2019est tr\u00e8s cher pour qu\u2019on devienne plus conscient de tout un tas de r\u00e9alit\u00e9s. Cela va du geste du sculpteur, \u00e0 la mati\u00e8re, \u00e0 la vie, \u00e0 la place de l\u2019animal dans son environnement \u00bb, pr\u00e9cise\u00a0Nicole Balmary.<\/p>\n<p>Une esth\u00e9tique controvers\u00e9e<\/p>\n<p class=\" wall-content\">Bien s\u00fbr, les \u00e9lus restent conscients que les \u0153uvres de l\u2019artiste n\u00e9o pop<b> ne font pas l\u2019unanimit\u00e9<\/b> au sein de la population. Le maire, Fran\u00e7ois Ouzilleau, s\u2019en amuse d\u2019ailleurs : \u00ab Ces \u0153uvres font beaucoup parler et \u00e9crire, en bien en mal, mais j\u2019aime bien quand on parle de <a href=\"https:\/\/actu.fr\/normandie\/vernon_27681\" rel=\"nofollow noopener\" target=\"_blank\">Vernon<\/a> \u00bb.<\/p>\n<p class=\" wall-content\">Sur les r\u00e9seaux, les d\u00e9tracteurs s\u2019en donnent \u00e0 c\u0153ur joie. \u00ab Il y avait d\u2019autres d\u00e9penses \u00e0 faire plus intelligentes que \u00e7a ! Quel est le montant de cette<b> id\u00e9e farfelue <\/b>? \u00bb demande Annie sur Facebook.<br \/>\u00ab L\u2019id\u00e9e farfelue \u00bb, pour reprendre ses termes, aura co\u00fbt\u00e9 30 000\u00a0euros \u00e0 la municipalit\u00e9, r\u00e9partis entre les co\u00fbts d\u2019assurance, de transport, d\u2019installation, etc.<\/p>\n<p class=\" wall-content\">Plus laconique, Marie-Claire surench\u00e9rit d\u2019un simple \u00ab moches \u00bb, tandis qu\u2019un autre internaute s\u2019inqui\u00e8te de savoir si le crocodile va faire fuir les canards des quais de Vernonnet\u2026<\/p>\n<p class=\" wall-content\">Interrog\u00e9e sur la dissension, l\u2019adjointe \u00e0 la culture d\u00e9clare que \u00ab chacun est libre de son ressenti. Qu\u2019il soit positif ou n\u00e9gatif, il faut que cette personne se pose la question du pourquoi : pourquoi cette sculpture ne para\u00eet pas pertinente dans son environnement, pour essayer de <b>s\u2019ouvrir \u00e0 d\u2019autres questionnements<\/b> \u00bb.<\/p>\n<p class=\" wall-content\">Une r\u00e9flexion sur l\u2019art, en somme : \u00ab que cela plaise ou non, c\u2019est vraiment essentiel que les gens se posent la question de <b>savoir pourquoi \u00e7a ne leur pla\u00eet pas<\/b>, et de s\u2019ouvrir \u00e0 d\u2019autres regards, d\u2019autres points de vue \u00bb, reprend Nicole Balmary.<\/p>\n<p class=\" wall-content\">Selon ses propres mots, l\u2019artiste <a href=\"https:\/\/www.galeries-orlinski.com\/\" rel=\"nofollow noopener\" target=\"_blank\">Richard Orlinski <\/a>entend que ses sculptures \u00ab expriment <b>la puissance et la passion<\/b> \u00bb. Un pari qui semble r\u00e9ussi au vu des r\u00e9actions.<\/p>\n<p class=\" wall-content\">Quant aux canards de <a href=\"https:\/\/actu.fr\/normandie\/vernon_27681\" rel=\"nofollow noopener\" target=\"_blank\">Vernonnet<\/a>, il semblerait qu\u2019ils ne s\u2019en portent pas plus mal\u2026<\/p>\n<p class=\" wall-content\">Suivez toute l\u2019actualit\u00e9 de vos villes et m\u00e9dias favoris en vous inscrivant \u00e0 <a href=\"https:\/\/moncompte.actu.fr\" title=\"D\u00e9couvez Mon Actu\" rel=\"nofollow noopener\" data-trk=\"{&quot;cta&quot;:{&quot;action&quot;:&quot;https:\\\/\\\/moncompte.actu.fr&quot;,&quot;category&quot;:&quot;mon compte&quot;,&quot;from&quot;:&quot;article footer&quot;,&quot;name&quot;:&quot;Mon actu&quot;,&quot;type&quot;:&quot;cta&quot;}}\" target=\"_blank\">Mon Actu<\/a>.<\/p>\n","protected":false},"excerpt":{"rendered":"Par Mathieu Janvier Publi\u00e9 le 21 mai 2025 \u00e0 18h32 Dans le cadre de l\u2019exposition Animaux Art D\u00e9co&hellip;\n","protected":false},"author":2,"featured_media":118813,"comment_status":"","ping_status":"","sticky":false,"template":"","format":"standard","meta":{"footnotes":""},"categories":[1358],"tags":[1348,1384,1385,1386,58,59,1011,27,1652,7189],"class_list":{"0":"post-118812","1":"post","2":"type-post","3":"status-publish","4":"format-standard","5":"has-post-thumbnail","7":"category-arts-et-design","8":"tag-arts","9":"tag-arts-and-design","10":"tag-arts-et-design","11":"tag-design","12":"tag-divertissement","13":"tag-entertainment","14":"tag-fr","15":"tag-france","16":"tag-loisirs-culture","17":"tag-street-art"},"share_on_mastodon":{"url":"https:\/\/pubeurope.com\/@fr\/114550199040247777","error":""},"_links":{"self":[{"href":"https:\/\/www.europesays.com\/fr\/wp-json\/wp\/v2\/posts\/118812","targetHints":{"allow":["GET"]}}],"collection":[{"href":"https:\/\/www.europesays.com\/fr\/wp-json\/wp\/v2\/posts"}],"about":[{"href":"https:\/\/www.europesays.com\/fr\/wp-json\/wp\/v2\/types\/post"}],"author":[{"embeddable":true,"href":"https:\/\/www.europesays.com\/fr\/wp-json\/wp\/v2\/users\/2"}],"replies":[{"embeddable":true,"href":"https:\/\/www.europesays.com\/fr\/wp-json\/wp\/v2\/comments?post=118812"}],"version-history":[{"count":0,"href":"https:\/\/www.europesays.com\/fr\/wp-json\/wp\/v2\/posts\/118812\/revisions"}],"wp:featuredmedia":[{"embeddable":true,"href":"https:\/\/www.europesays.com\/fr\/wp-json\/wp\/v2\/media\/118813"}],"wp:attachment":[{"href":"https:\/\/www.europesays.com\/fr\/wp-json\/wp\/v2\/media?parent=118812"}],"wp:term":[{"taxonomy":"category","embeddable":true,"href":"https:\/\/www.europesays.com\/fr\/wp-json\/wp\/v2\/categories?post=118812"},{"taxonomy":"post_tag","embeddable":true,"href":"https:\/\/www.europesays.com\/fr\/wp-json\/wp\/v2\/tags?post=118812"}],"curies":[{"name":"wp","href":"https:\/\/api.w.org\/{rel}","templated":true}]}}