{"id":118816,"date":"2025-05-22T07:02:13","date_gmt":"2025-05-22T07:02:13","guid":{"rendered":"https:\/\/www.europesays.com\/fr\/118816\/"},"modified":"2025-05-22T07:02:13","modified_gmt":"2025-05-22T07:02:13","slug":"clemence-maries-au-premier-regard-2025-stressee-a-lidee-de-poser-une-question-a-malik-dans-le-prochain-episode","status":"publish","type":"post","link":"https:\/\/www.europesays.com\/fr\/118816\/","title":{"rendered":"Cl\u00e9mence (Mari\u00e9s au premier regard 2025) stress\u00e9e \u00e0 l&rsquo;id\u00e9e de poser une question \u00e0 Malik dans le prochain \u00e9pisode"},"content":{"rendered":"<p>Lundi 26 mai 2025, un nouvel \u00e9pisode de Mari\u00e9s au premier regard va suivre la suite du voyage de noces de Cl\u00e9mence et Malik. La nouvelle mari\u00e9e exprime le besoin d&rsquo;\u00e9changer avec son compagnon sur un sujet qui lui tient grandement \u00e0 c\u0153ur.<\/p>\n<p>La saison 9 de Mari\u00e9s au premier regard bat son plein. Si<a href=\"https:\/\/www.programme-tv.net\/news\/tv\/379294-je-ne-souhaite-pas-rester-en-contact-le-message-plein-d-ironie-d-ilona-maries-au-premier-regard-pour-faire-le-bilan-de-son-mariage-annule-avec-damien\/\" data-api-deeplink=\"teleloisirs:\/\/news\/379294\" target=\"_blank\" rel=\"noopener\"> Ilona n&rsquo;a pas pu avoir son jour devant l&rsquo;autel <\/a>et que des couples comme celui d&rsquo;<a href=\"https:\/\/www.programme-tv.net\/news\/tv\/378939-deuxieme-mariage-deuxieme-echec-c-est-la-fin-pour-anthony-et-laury-dans-maries-au-premier-regard\/\" data-api-deeplink=\"teleloisirs:\/\/news\/378939\" target=\"_blank\" rel=\"noopener\">Anthony et Laury ont eu du mal \u00e0 survivre aux \u00e9preuves<\/a>, d&rsquo;autres semblent couler des jours heureux. C&rsquo;est le cas notamment de Cl\u00e9mence et Malik. <a href=\"https:\/\/www.programme-tv.net\/news\/tele-realite\/374788-clemence-de-retour-dans-maries-au-premier-regard-apres-avoir-ete-rejetee-par-romain-il-peut-y-avoir-un-non\/\" data-api-deeplink=\"teleloisirs:\/\/news\/374788\" target=\"_blank\" rel=\"noopener\">Apr\u00e8s avoir tent\u00e9 sa chance dans la saison 8 et avoir subi une d\u00e9convenue<\/a>, la jeune femme est tr\u00e8s heureuse depuis le d\u00e9but de son aventure et<a href=\"https:\/\/www.programme-tv.net\/news\/tele-realite\/377925-on-se-rapproche-de-plus-en-plus-malik-et-clemence-maries-au-premier-regard-2025-racontent-leur-premiere-nuit-de-noces-dans-le-prochain-episode-deja-disponible\/\" data-api-deeplink=\"teleloisirs:\/\/news\/377925\" target=\"_blank\" rel=\"noopener\"> le jour o\u00f9 elle a dit oui \u00e0 Malik<\/a>. Lorsqu&rsquo;elle avait annonc\u00e9 sur Instagram son retour dans l&rsquo;\u00e9mission, elle avait remerci\u00e9 ses abonn\u00e9s pour leur \u00ab\u00a0bienveillance et [leur] soutien incommensurable suite \u00e0 [sa] malheureuse exp\u00e9rience\u00a0\u00bb et avait promis : \u00ab\u00a0tout ce que j\u2019ai fait, dit, ressenti, je l\u2019ai v\u00e9cu \u00e0 10.000% en toute sinc\u00e9rit\u00e9 et authenticit\u00e9\u00a0\u00bb. C&rsquo;est en tout cas ce qu&rsquo;il se d\u00e9gage devant les images de leur lune de miel, au cours de laquelle le couple semble tr\u00e8s \u00e9panoui.<\/p>\n<p>Cl\u00e9mence et Malik Mari\u00e9s au premier regard 2025, tr\u00e8s complices en lune de miel<\/p>\n<p>Dans le prochain \u00e9pisode, diffus\u00e9 lundi 26 mai 2025, ils partagent tous les deux des ressentis similaires. Malik, qui para\u00eet tr\u00e8s apais\u00e9, d\u00e9clare : \u00ab\u00a0On est tr\u00e8s c\u00e2lins tous les deux, assez tactiles. C\u2019est ce c\u00f4t\u00e9 rassurant que j\u2019aime bien. J\u2019ai l\u2019impression qu\u2019elle ressent le besoin que j\u2019ai d\u2019\u00eatre c\u00e2lin\u00e9, elle me prend dans ses bras. C\u2019est un effet miroir. On n\u2019a pas peur de se montrer, par de petits gestes d\u2019affection, qu\u2019on est bien avec l\u2019autre. Qu\u2019on me donne autant que je donne, j\u2019en avais besoin. [\u2026] Je ne pouvais pas r\u00eaver mieux\u00a0\u00bb. Une d\u00e9claration emplie de tendresse, qui confirme bien l&rsquo;alchimie qui op\u00e8re entre les deux depuis le d\u00e9but. Mais s&rsquo;ils sont en osmose, Cl\u00e9mence a une crainte. Car il y a un sujet qui la taraude et dont elle n&rsquo;a pas encore os\u00e9 parler \u00e0 son compagnon. Dans ce nouvel \u00e9pisode, elle exprime face cam\u00e9ra ses appr\u00e9hensions \u00e0 lancer le sujet, qui n&rsquo;est autre que celui de la maternit\u00e9.<\/p>\n<p>                        Ce sujet que Cl\u00e9mence veut aborder avec Malik dans Mari\u00e9s au premier regard 2025<\/p>\n<p>Car en ce qui concerne les sentiments grandissants, ils sont sur la m\u00eame longueur d&rsquo;ondes. Cette escapade en amoureux, \u00ab\u00a0\u00e7a me confirme de plus en plus qu\u2019en effet on est compatibles parce que moi j\u2019appr\u00e9cie aussi ses petits regards, ses petites attentions. C\u2019est un mari, c\u2019est un meilleur ami, c\u2019est un bin\u00f4me. \u00c7a fait longtemps que je n\u2019ai pas eu cette affection et cette tendresse\u00a0\u00bb, confie-t-elle. Mais \u00ab\u00a0on n\u2019a pas eu trop le temps d\u2019approfondir certains sujets. Notamment s\u2019il souhaite avoir des enfants. Quand on a 40 ans, c\u2019est vrai qu\u2019on r\u00e9fl\u00e9chit un petit peu plus \u00e0 la projection plus rapidement. Si je veux un enfant, je ne vais pas pouvoir attendre 10 ans. Il y a un moment o\u00f9 ce n\u2019est plus possible\u00a0\u00bb, ajoute-t-elle. Puis de conclure : \u00ab\u00a0C\u2019est important de savoir si, en effet, c\u2019est compatible avec une projection ensemble. Pour moi c\u2019est tr\u00e8s important. Malik a d\u00e9j\u00e0 un enfant, j\u2019esp\u00e8re qu\u2019il voudra en avoir d\u2019autres\u00a0\u00bb. Va-t-elle parvenir \u00e0 poser la question et \u00e0 obtenir une r\u00e9ponse favorable ? \u00c0 suivre\u2026<\/p>\n","protected":false},"excerpt":{"rendered":"Lundi 26 mai 2025, un nouvel \u00e9pisode de Mari\u00e9s au premier regard va suivre la suite du voyage&hellip;\n","protected":false},"author":2,"featured_media":118817,"comment_status":"","ping_status":"","sticky":false,"template":"","format":"standard","meta":{"footnotes":""},"categories":[1356],"tags":[5636,244,58,59,1011,27,494,5637,5214,252,1364,1630],"class_list":{"0":"post-118816","1":"post","2":"type-post","3":"status-publish","4":"format-standard","5":"has-post-thumbnail","7":"category-television","8":"tag-clu00e9mence-mariu00e9s-au-premier-regard-8","9":"tag-commentaire","10":"tag-divertissement","11":"tag-entertainment","12":"tag-fr","13":"tag-france","14":"tag-m6","15":"tag-malik-mariu00e9s-au-premier-regard-9","16":"tag-mariu00e9s-au-premier-regard","17":"tag-television","18":"tag-tv","19":"tag-zapping"},"share_on_mastodon":{"url":"https:\/\/pubeurope.com\/@fr\/114550206834413808","error":""},"_links":{"self":[{"href":"https:\/\/www.europesays.com\/fr\/wp-json\/wp\/v2\/posts\/118816","targetHints":{"allow":["GET"]}}],"collection":[{"href":"https:\/\/www.europesays.com\/fr\/wp-json\/wp\/v2\/posts"}],"about":[{"href":"https:\/\/www.europesays.com\/fr\/wp-json\/wp\/v2\/types\/post"}],"author":[{"embeddable":true,"href":"https:\/\/www.europesays.com\/fr\/wp-json\/wp\/v2\/users\/2"}],"replies":[{"embeddable":true,"href":"https:\/\/www.europesays.com\/fr\/wp-json\/wp\/v2\/comments?post=118816"}],"version-history":[{"count":0,"href":"https:\/\/www.europesays.com\/fr\/wp-json\/wp\/v2\/posts\/118816\/revisions"}],"wp:featuredmedia":[{"embeddable":true,"href":"https:\/\/www.europesays.com\/fr\/wp-json\/wp\/v2\/media\/118817"}],"wp:attachment":[{"href":"https:\/\/www.europesays.com\/fr\/wp-json\/wp\/v2\/media?parent=118816"}],"wp:term":[{"taxonomy":"category","embeddable":true,"href":"https:\/\/www.europesays.com\/fr\/wp-json\/wp\/v2\/categories?post=118816"},{"taxonomy":"post_tag","embeddable":true,"href":"https:\/\/www.europesays.com\/fr\/wp-json\/wp\/v2\/tags?post=118816"}],"curies":[{"name":"wp","href":"https:\/\/api.w.org\/{rel}","templated":true}]}}