{"id":118824,"date":"2025-05-22T07:07:13","date_gmt":"2025-05-22T07:07:13","guid":{"rendered":"https:\/\/www.europesays.com\/fr\/118824\/"},"modified":"2025-05-22T07:07:13","modified_gmt":"2025-05-22T07:07:13","slug":"cannes-2025-lena-situations-audacieuse-elle-flirte-avec-les-limites-sur-le-tapis-rouge","status":"publish","type":"post","link":"https:\/\/www.europesays.com\/fr\/118824\/","title":{"rendered":"CANNES 2025. L\u00e9na Situations audacieuse : elle flirte avec les limites sur le tapis rouge"},"content":{"rendered":"<p><a href=\"https:\/\/www.closermag.fr\/people\/lena-situations-apres-les-critiques-ignobles-lors-festival-de-cannes-elle-recoit-le-soutien-d-une-celebre-championne-1724065#item=1\" target=\"_blank\" rel=\"noopener\"><br \/>\nL\u00e9na Situations<\/a> a mont\u00e9 les marches du film\u00a0The<br \/>\nHistory of Sound, d\u2019Oliver Hemanus, au Festival de <a href=\"https:\/\/www.closermag.fr\/people\/cannes-2025-adriana-karembeu-change-de-ton-apres-lange-noir-elle-laisse-place-a-la-transparence-3547387\" target=\"_blank\" rel=\"noopener\"><br \/>\nCannes<\/a> ce 21 mai. Habitu\u00e9e \u00e0 poser sur le tapis rouge,<br \/>\nl\u2019influenceuse \u00e9tait habill\u00e9e <strong>d\u2019une jupe et soutien-gorge<br \/>\nroses sign\u00e9s Ala\u00efa.<\/strong><\/p>\n<p>Quand elle arrive \u00e0 Cannes, on le sait\u2026.<strong>Cris et<br \/>\nhurlements<\/strong> \u00e0 l\u2019arriv\u00e9e du van, L\u00e9na Situations a suscit\u00e9<br \/>\nles regards et les photos du Palais des Festivals. La jeune femme<br \/>\nde 27 ans a <strong>enflamm\u00e9<\/strong> le Festival de Cannes ce<br \/>\nmercredi 21 mai.<\/p>\n<p>Un look os\u00e9 qui flirte avec les limites pour L\u00e9na<br \/>\nSituations<\/p>\n<p>Au milieu de nombreuses stars\u00a0sur le tapis rouge,<br \/>\n<strong>on ne voyait qu\u2019elle.<\/strong> L\u00e9na Situations a os\u00e9 un<br \/>\nlook atypique, \u00e0 la <strong>limite du code vestimentaire<\/strong><br \/>\ndu tapis rouge. La <a href=\"https:\/\/www.closermag.fr\/people\/lena-mahfouf-surprise-linfluenceuse-star-annonce-setre-mariee-a-lautre-bout-du-monde-3464753\" target=\"_blank\" rel=\"noopener\"><br \/>\ncompagne de Seb Frit<\/a> portait une <strong>jupe bouffante<br \/>\npatineuse coordonn\u00e9e \u00e0 un soutien-gorge Ala\u00efa.<\/strong> La couleur<br \/>\nrose drag\u00e9e contrastait parfaitement pour faire ressortir sa<br \/>\npeau.<\/p>\n<p>Elle portait \u00e9galement un <strong>bustier au d\u00e9collet\u00e9 profond,<br \/>\nun ras-de-cou et des boucles d\u2019oreilles en \u00e9meraude<\/strong><br \/>\nChopard. C\u00f4t\u00e9 mise en beaut\u00e9, assur\u00e9e par L\u2019Or\u00e9al Paris, L\u00e9na<br \/>\nSituations avait une <strong>queue-de-cheval haute plaqu\u00e9e<\/strong><br \/>\nsur sa t\u00eate et a opt\u00e9 pour un <strong>maquillage ros\u00e9 tr\u00e8s<br \/>\nfrais<\/strong>. En chaussures, elle portait des <strong>mules en<br \/>\nsatin<\/strong> Amina Muaddi.<\/p>\n<p>Star du tapis rouge : elle enflamme<br \/>\nCannes comme d\u2019habitude<\/p>\n<p>En <strong>seulement quatre ans<\/strong>, L\u00e9na Situations est<br \/>\ndevenue une <strong>invit\u00e9e r\u00e9guli\u00e8re<\/strong> du Festival de<br \/>\nCannes. \u201cPour mon premier Festival de Cannes, <strong>la seule<br \/>\nmaison qui avait accept\u00e9 de m\u2019habiller pour la mont\u00e9e des marches<br \/>\nc\u2019\u00e9tait Valentino.<\/strong>\u2019\u2019 s\u2019est-elle souvenue sur<br \/>\nInstagram juste avant son apparition.<\/p>\n<p>En 2021, la jeune femme portait une <strong>robe bustier \u00e0<br \/>\nvolants roses.<\/strong> Niveau looks qui ont fait parler : il y<br \/>\navait \u00e9galement <strong>sa robe bicolore haute couture<\/strong><br \/>\nSt\u00e9phane Rolland en 2022 ou encore <strong>son body Vivienne<br \/>\nWestwood<\/strong> inspir\u00e9 d\u2019une tenue datant de 1994, port\u00e9e \u00e0<br \/>\nl\u2019\u00e9poque par Naomi Campbell.<\/p>\n<p>Diaporama<br \/>\n<img decoding=\"async\" class=\"diapo_img img-responsive lazy-load\" loading=\"lazy\" src=\"https:\/\/www.europesays.com\/fr\/wp-content\/uploads\/2025\/05\/bestimage_00707816_000043-scaled.jpg\"\/><\/p>\n<p>BESTIMAGE<\/p>\n<p>1\/5 CANNES 2025. L\u00e9na Situations audacieuse :<br \/>\nelle flirte avec les limites sur le tapis rouge<\/p>\n<p>L\u00e9na Situations a mont\u00e9 les marches du film The History of<br \/>\nSound, d\u2019Oliver Hemanus, au Festival de Cannes ce 21 mai.<\/p>\n<p>L\u00e9na Situations a mont\u00e9 les marches du film The History of<br \/>\nSound, d\u2019Oliver Hemanus, au Festival de Cannes ce 21 mai.<\/p>\n<p><img decoding=\"async\" class=\"diapo_img img-responsive lazy-load\" loading=\"lazy\" src=\"https:\/\/www.europesays.com\/fr\/wp-content\/uploads\/2025\/05\/bestimage_00707817_000141-scaled.jpg\"\/><\/p>\n<p>BESTIMAGE<\/p>\n<p>2\/5 CANNES 2025. L\u00e9na Situations audacieuse :<br \/>\nelle flirte avec les limites sur le tapis rouge<\/p>\n<p>Habitu\u00e9e \u00e0 poser sur le tapis rouge, l\u2019influenceuse \u00e9tait<br \/>\nhabill\u00e9e d\u2019une jupe et soutien-gorge roses sign\u00e9s Ala\u00efa.<\/p>\n<p>Habitu\u00e9e \u00e0 poser sur le tapis rouge, l\u2019influenceuse \u00e9tait<br \/>\nhabill\u00e9e d\u2019une jupe et soutien-gorge roses sign\u00e9s Ala\u00efa.<\/p>\n<p><img decoding=\"async\" class=\"diapo_img img-responsive lazy-load\" loading=\"lazy\" src=\"https:\/\/www.europesays.com\/fr\/wp-content\/uploads\/2025\/05\/bestimage_00707817_000147-scaled.jpg\"\/><\/p>\n<p>BESTIMAGE<\/p>\n<p>3\/5 CANNES 2025. L\u00e9na Situations audacieuse :<br \/>\nelle flirte avec les limites sur le tapis rouge<\/p>\n<p>Cris et hurlements \u00e0 son arriv\u00e9e, L\u00e9na Situations a suscit\u00e9 les<br \/>\nregards et les photos du Palais des Festivals.<\/p>\n<p>Cris et hurlements \u00e0 son arriv\u00e9e, L\u00e9na Situations a suscit\u00e9 les<br \/>\nregards et les photos du Palais des Festivals.<\/p>\n<p><img decoding=\"async\" class=\"diapo_img img-responsive lazy-load\" loading=\"lazy\" src=\"https:\/\/www.europesays.com\/fr\/wp-content\/uploads\/2025\/05\/bestimage_00707817_000143-scaled.jpg\"\/><\/p>\n<p>BESTIMAGE<\/p>\n<p>4\/5 CANNES 2025. L\u00e9na Situations audacieuse :<br \/>\nelle flirte avec les limites sur le tapis rouge<\/p>\n<p>L\u00e9na Situations a os\u00e9 un look atypique, \u00e0 la limite du code<br \/>\nvestimentaire du tapis rouge.<\/p>\n<p>L\u00e9na Situations a os\u00e9 un look atypique, \u00e0 la limite du code<br \/>\nvestimentaire du tapis rouge.<\/p>\n<p><img decoding=\"async\" class=\"diapo_img img-responsive lazy-load\" loading=\"lazy\" src=\"https:\/\/www.europesays.com\/fr\/wp-content\/uploads\/2025\/05\/bestimage_00707850_000028-scaled-e1747892482816.jpg\"\/><\/p>\n<p>BESTIMAGE<\/p>\n<p>5\/5 CANNES 2025. L\u00e9na Situations audacieuse :<br \/>\nelle flirte avec les limites sur le tapis rouge<\/p>\n<p>En seulement quatre ans, L\u00e9na Situations est devenue une invit\u00e9e<br \/>\nr\u00e9guli\u00e8re du Festival de Cannes. \u201cPour mon premier Festival de<br \/>\nCannes, la seule maison qui avait accept\u00e9 de m\u2019habiller pour la<br \/>\nmont\u00e9e des marches c\u2019\u00e9tait Valentino.\u2019\u2019 s\u2019est-elle souvenue sur<br \/>\nInstagram<\/p>\n<p>En seulement quatre ans, L\u00e9na Situations est devenue une invit\u00e9e<br \/>\nr\u00e9guli\u00e8re du Festival de Cannes. \u201cPour mon premier Festival de<br \/>\nCannes, la seule maison qui avait accept\u00e9 de m\u2019habiller pour la<br \/>\nmont\u00e9e des marches c\u2019\u00e9tait Valentino.\u2019\u2019 s\u2019est-elle souvenue sur<br \/>\nInstagram<\/p>\n","protected":false},"excerpt":{"rendered":"L\u00e9na Situations a mont\u00e9 les marches du film\u00a0The History of Sound, d\u2019Oliver Hemanus, au Festival de Cannes ce&hellip;\n","protected":false},"author":2,"featured_media":118825,"comment_status":"","ping_status":"","sticky":false,"template":"","format":"standard","meta":{"footnotes":""},"categories":[8],"tags":[58,59,1011,27,1638,23974,23975],"class_list":{"0":"post-118824","1":"post","2":"type-post","3":"status-publish","4":"format-standard","5":"has-post-thumbnail","7":"category-divertissement","8":"tag-divertissement","9":"tag-entertainment","10":"tag-fr","11":"tag-france","12":"tag-has_diapo","13":"tag-lena-mahfouf","14":"tag-lena-situations"},"share_on_mastodon":{"url":"https:\/\/pubeurope.com\/@fr\/114550226598676982","error":""},"_links":{"self":[{"href":"https:\/\/www.europesays.com\/fr\/wp-json\/wp\/v2\/posts\/118824","targetHints":{"allow":["GET"]}}],"collection":[{"href":"https:\/\/www.europesays.com\/fr\/wp-json\/wp\/v2\/posts"}],"about":[{"href":"https:\/\/www.europesays.com\/fr\/wp-json\/wp\/v2\/types\/post"}],"author":[{"embeddable":true,"href":"https:\/\/www.europesays.com\/fr\/wp-json\/wp\/v2\/users\/2"}],"replies":[{"embeddable":true,"href":"https:\/\/www.europesays.com\/fr\/wp-json\/wp\/v2\/comments?post=118824"}],"version-history":[{"count":0,"href":"https:\/\/www.europesays.com\/fr\/wp-json\/wp\/v2\/posts\/118824\/revisions"}],"wp:featuredmedia":[{"embeddable":true,"href":"https:\/\/www.europesays.com\/fr\/wp-json\/wp\/v2\/media\/118825"}],"wp:attachment":[{"href":"https:\/\/www.europesays.com\/fr\/wp-json\/wp\/v2\/media?parent=118824"}],"wp:term":[{"taxonomy":"category","embeddable":true,"href":"https:\/\/www.europesays.com\/fr\/wp-json\/wp\/v2\/categories?post=118824"},{"taxonomy":"post_tag","embeddable":true,"href":"https:\/\/www.europesays.com\/fr\/wp-json\/wp\/v2\/tags?post=118824"}],"curies":[{"name":"wp","href":"https:\/\/api.w.org\/{rel}","templated":true}]}}