{"id":118832,"date":"2025-05-22T07:11:08","date_gmt":"2025-05-22T07:11:08","guid":{"rendered":"https:\/\/www.europesays.com\/fr\/118832\/"},"modified":"2025-05-22T07:11:08","modified_gmt":"2025-05-22T07:11:08","slug":"les-mesures-de-bruno-retailleau-sont-une-blague-cingle-marine-le-pen","status":"publish","type":"post","link":"https:\/\/www.europesays.com\/fr\/118832\/","title":{"rendered":"\u00abLes mesures de Bruno Retailleau sont une blague\u00bb, cingle Marine Le Pen"},"content":{"rendered":"<p>Invit\u00e9e sur France 2, la chef des d\u00e9put\u00e9s RN a cibl\u00e9 le ministre de l\u2019Int\u00e9rieur, accus\u00e9 de ne pas prendre au s\u00e9rieux la menace fr\u00e9riste.<\/p>\n<p class=\"fig-paragraph\">\u00abJe n\u2019ai rien appris.\u00bb Pour\u00a0<a href=\"https:\/\/www.lefigaro.fr\/tag\/marine-le-pen\" target=\"_blank\" rel=\"noopener\" data-gtm-custom-categorie=\"navigation\" data-gtm-custom-action=\"crossclick\" data-gtm-custom-label=\"Contextuel\" data-gtm-event=\"customEventSPE\">Marine Le Pen<\/a>, le rapport command\u00e9 par l\u2019ex\u00e9cutif sur le mouvement des\u00a0<a href=\"http:\/\/www.lefigaro.fr\/actualite-france\/reseaux-tentaculaires-organisation-secrete-quartiers-islamises-le-rapport-choc-sur-les-freres-musulmans-qui-veulent-instaurer-la-charia-en-france-20250520\" data-fig-type=\"Article\" data-gtm-custom-categorie=\"navigation\" data-gtm-custom-action=\"crossclick\" data-gtm-custom-label=\"Contextuel\" data-gtm-event=\"customEventSPE\" data-fig-domain=\"LEFIGARO\" target=\"_blank\" rel=\"noopener\">Fr\u00e8res musulmans<\/a>\u00a0est la confirmation du diagnostic pos\u00e9 depuis plusieurs ann\u00e9es par le\u00a0<a href=\"https:\/\/www.lefigaro.fr\/tag\/rassemblement-national\" target=\"_blank\" rel=\"noopener\" data-gtm-custom-categorie=\"navigation\" data-gtm-custom-action=\"crossclick\" data-gtm-custom-label=\"Contextuel\" data-gtm-event=\"customEventSPE\">Rassemblement national<\/a>\u00a0(RN). \u00abCela fait 15 ans qu\u2019on dit \u00e7a et 15 ans qu\u2019on nous explique que c\u2019est faux\u00bb, a d\u00e9plor\u00e9 la chef des d\u00e9put\u00e9s nationalistes, avant de cibler le ministre de l\u2019Int\u00e9rieur, dont les\u00a0<a href=\"http:\/\/www.lefigaro.fr\/actualite-france\/a-la-sortie-du-conseil-de-defense-sur-les-freres-musulmans-macron-temporise-et-exige-de-revoir-la-copie-20250521\" data-fig-type=\"Article\" data-gtm-custom-categorie=\"navigation\" data-gtm-custom-action=\"crossclick\" data-gtm-custom-label=\"Contextuel\" data-gtm-event=\"customEventSPE\" data-fig-domain=\"LEFIGARO\" target=\"_blank\" rel=\"noopener\">propositions pour contrecarrer la mouvance fr\u00e9riste<\/a>\u00a0ont \u00e9t\u00e9 retoqu\u00e9es par\u00a0<a href=\"https:\/\/www.lefigaro.fr\/tag\/emmanuel-macron\" target=\"_blank\" rel=\"noopener\" data-gtm-custom-categorie=\"navigation\" data-gtm-custom-action=\"crossclick\" data-gtm-custom-label=\"Contextuel\" data-gtm-event=\"customEventSPE\">Emmanuel Macron<\/a>\u00a0: \u00abLes mesures de Bruno Retailleau sont une blague qui ne me fait pas rire. M\u00eame le pr\u00e9sident de la R\u00e9publique a trouv\u00e9 \u00e7a indigent, c\u2019est pour vous dire&#8230;\u00bb<\/p>\n<p class=\"fig-paragraph\">Face au \u00abdanger mortel\u00bb que repr\u00e9sente cette \u00abid\u00e9ologie totalitaire\u00bb, la triple candidate \u00e0 l\u2019\u00e9lection pr\u00e9sidentielle a appel\u00e9 \u00e0 \u00abarr\u00eater avec les mesurettes administratives\u00bb, plaidant une nouvelle fois pour l\u2019interdiction des Fr\u00e8res musulmans. En r\u00e9action \u00e0 la\u00a0<a href=\"http:\/\/www.lefigaro.fr\/politique\/loi-separatisme-interdiction-du-voile-fermeture-de-mosquees-les-politiques-rivalisent-d-idees-pour-lutter-contre-l-entrisme-islamiste-20250521\" data-fig-type=\"Article\" data-gtm-custom-categorie=\"navigation\" data-gtm-custom-action=\"crossclick\" data-gtm-custom-label=\"Contextuel\" data-gtm-event=\"customEventSPE\" data-fig-domain=\"LEFIGARO\" target=\"_blank\" rel=\"noopener\">proposition de Gabriel Attal<\/a>\u00a0d\u2019interdire le port du voile pour les moins de 15 ans, Marine Le\u00a0Pen n\u2019a pu s\u2019emp\u00eacher de rappeler les positions pass\u00e9es du secr\u00e9taire g\u00e9n\u00e9ral de Renaissance\u00a0: \u00abQuand j\u2019ai propos\u00e9 l\u2019interdiction du voile dans l\u2019espace public, il m\u2019a agoni d\u2019injures, il m\u2019a trait\u00e9 d\u2019incomp\u00e9tente. Et aujourd\u2019hui il veut le faire\u00a0?\u00bb<\/p>\n<p>\u00abIls disent la m\u00eame chose que nous\u00bb<\/p>\n<p class=\"fig-paragraph\">Aux yeux de la d\u00e9put\u00e9e du\u00a0<a href=\"https:\/\/www.lefigaro.fr\/tag\/pas-de-calais\" target=\"_blank\" rel=\"noopener\" data-gtm-custom-categorie=\"navigation\" data-gtm-custom-action=\"crossclick\" data-gtm-custom-label=\"Contextuel\" data-gtm-event=\"customEventSPE\">Pas-de-Calais<\/a>, ses adversaires sont complices de la situation. \u00abTous ces gens font partie du probl\u00e8me, ils nous font perdre un temps fou, a-t-elle affirm\u00e9, incluant Bruno Retailleau dans le lot. Ils disent la m\u00eame chose que nous pour nous emp\u00eacher de le faire.\u00bb Alors que le ministre de l\u2019Int\u00e9rieur est cr\u00e9dit\u00e9 de\u00a0<a href=\"http:\/\/www.lefigaro.fr\/politique\/presidentielle-2027-la-poussee-de-retailleau-lance-le-match-avec-philippe-pour-le-second-tour-decouvrez-le-sondage-du-figaro-20250521\" data-fig-type=\"NewsFlash\" data-gtm-custom-categorie=\"navigation\" data-gtm-custom-action=\"crossclick\" data-gtm-custom-label=\"Contextuel\" data-gtm-event=\"customEventSPE\" data-fig-domain=\"LEFIGARO\" target=\"_blank\" rel=\"noopener\">16% des intentions de vote<\/a>\u00a0au premier tour de l\u2019\u00e9lection pr\u00e9sidentielle selon un sondage Ifop-Fiducial pour Le Figaro et Sud Radio, Marine Le\u00a0Pen a rappel\u00e9 l\u2019effondrement de Val\u00e9rie P\u00e9cresse apr\u00e8s sa d\u00e9signation comme candidate de la droite en 2022.<\/p>\n<p class=\"fig-paragraph\">La chef des d\u00e9put\u00e9s RN a ensuite brandi une photo de Bruno Retailleau, le soir de son \u00e9lection \u00e0 la pr\u00e9sidence des R\u00e9publicains, dans laquelle il appara\u00eet aux c\u00f4t\u00e9s de G\u00e9rard Larcher et\u00a0<a href=\"http:\/\/www.lefigaro.fr\/politique\/bruno-retailleau-annonce-la-nomination-de-michel-barnier-comme-president-du-conseil-national-de-lr-20250520\" data-fig-type=\"NewsFlash\" data-gtm-custom-categorie=\"navigation\" data-gtm-custom-action=\"crossclick\" data-gtm-custom-label=\"Contextuel\" data-gtm-event=\"customEventSPE\" data-fig-domain=\"LEFIGARO\" target=\"_blank\" rel=\"noopener\">Michel Barnier<\/a>. \u00abVoil\u00e0 son \u00e9quipe. Les Fran\u00e7ais pensent qu\u2019elle est susceptible de sortir le pays des difficult\u00e9s dans lesquelles il est plong\u00e9 et dans lesquelles ils ont contribu\u00e9 \u00e0 le plonger\u00a0? \u00c9videmment que non\u00bb, a conclu la nationaliste.<\/p>\n","protected":false},"excerpt":{"rendered":"Invit\u00e9e sur France 2, la chef des d\u00e9put\u00e9s RN a cibl\u00e9 le ministre de l\u2019Int\u00e9rieur, accus\u00e9 de ne&hellip;\n","protected":false},"author":2,"featured_media":118833,"comment_status":"","ping_status":"","sticky":false,"template":"","format":"standard","meta":{"footnotes":""},"categories":[4],"tags":[11,426,427,422,423,1011,27,418,424,425,420,421,430,12,419,316,429,25,428],"class_list":{"0":"post-118832","1":"post","2":"type-post","3":"status-publish","4":"format-standard","5":"has-post-thumbnail","7":"category-france","8":"tag-actualites","9":"tag-candidat","10":"tag-candidats","11":"tag-depute","12":"tag-deputes","13":"tag-fr","14":"tag-france","15":"tag-gouvernement","16":"tag-institution","17":"tag-institutions","18":"tag-loi","19":"tag-lois","20":"tag-marine-le-pen","21":"tag-news","22":"tag-opposition","23":"tag-politique","24":"tag-ps","25":"tag-republique-francaise","26":"tag-ump"},"share_on_mastodon":{"url":"https:\/\/pubeurope.com\/@fr\/114550242254288440","error":""},"_links":{"self":[{"href":"https:\/\/www.europesays.com\/fr\/wp-json\/wp\/v2\/posts\/118832","targetHints":{"allow":["GET"]}}],"collection":[{"href":"https:\/\/www.europesays.com\/fr\/wp-json\/wp\/v2\/posts"}],"about":[{"href":"https:\/\/www.europesays.com\/fr\/wp-json\/wp\/v2\/types\/post"}],"author":[{"embeddable":true,"href":"https:\/\/www.europesays.com\/fr\/wp-json\/wp\/v2\/users\/2"}],"replies":[{"embeddable":true,"href":"https:\/\/www.europesays.com\/fr\/wp-json\/wp\/v2\/comments?post=118832"}],"version-history":[{"count":0,"href":"https:\/\/www.europesays.com\/fr\/wp-json\/wp\/v2\/posts\/118832\/revisions"}],"wp:featuredmedia":[{"embeddable":true,"href":"https:\/\/www.europesays.com\/fr\/wp-json\/wp\/v2\/media\/118833"}],"wp:attachment":[{"href":"https:\/\/www.europesays.com\/fr\/wp-json\/wp\/v2\/media?parent=118832"}],"wp:term":[{"taxonomy":"category","embeddable":true,"href":"https:\/\/www.europesays.com\/fr\/wp-json\/wp\/v2\/categories?post=118832"},{"taxonomy":"post_tag","embeddable":true,"href":"https:\/\/www.europesays.com\/fr\/wp-json\/wp\/v2\/tags?post=118832"}],"curies":[{"name":"wp","href":"https:\/\/api.w.org\/{rel}","templated":true}]}}