{"id":118840,"date":"2025-05-22T07:15:34","date_gmt":"2025-05-22T07:15:34","guid":{"rendered":"https:\/\/www.europesays.com\/fr\/118840\/"},"modified":"2025-05-22T07:15:34","modified_gmt":"2025-05-22T07:15:34","slug":"laxou-on-se-prepare-pour-le-trail-du-8-juin","status":"publish","type":"post","link":"https:\/\/www.europesays.com\/fr\/118840\/","title":{"rendered":"Laxou. On se pr\u00e9pare pour le trail du 8\u00a0juin"},"content":{"rendered":"<p>Avis aux amateurs de course en pleine nature\u00a0: le trail de Laxou revient le 8\u00a0juin pour une nouvelle \u00e9dition pleine de d\u00e9fis. Que vous soyez coureur confirm\u00e9 ou simple passionn\u00e9 de nature, plusieurs parcours adapt\u00e9s \u00e0 tous les niveaux vous attendent. Le programme est constitu\u00e9 de deux itin\u00e9raires, le Marcassin 11\u00a0km 220D +\u00a0et la Belette 24\u00a0km 500D +, les inscriptions se font sur le site \u00ab\u00a0www.wanatime.fr\u00a0\u00bb.<\/p>\n","protected":false},"excerpt":{"rendered":"Avis aux amateurs de course en pleine nature\u00a0: le trail de Laxou revient le 8\u00a0juin pour une nouvelle&hellip;\n","protected":false},"author":2,"featured_media":118841,"comment_status":"","ping_status":"","sticky":false,"template":"","format":"standard","meta":{"footnotes":""},"categories":[9635],"tags":[1111,11,7782,1687,1704,1777,674,1011,27,775,10426,10262,1702,12,25],"class_list":{"0":"post-118840","1":"post","2":"type-post","3":"status-publish","4":"format-standard","5":"has-post-thumbnail","7":"category-nancy","8":"tag-actu","9":"tag-actualites","10":"tag-balades-et-randonnees","11":"tag-culture-loisirs","12":"tag-edition-nancy-et-agglomeration","13":"tag-eu","14":"tag-europe","15":"tag-fr","16":"tag-france","17":"tag-grand-est","18":"tag-laxou","19":"tag-metropole-du-grand-nancy-54b5","20":"tag-nancy","21":"tag-news","22":"tag-republique-francaise"},"share_on_mastodon":{"url":"https:\/\/pubeurope.com\/@fr\/114550258078934160","error":""},"_links":{"self":[{"href":"https:\/\/www.europesays.com\/fr\/wp-json\/wp\/v2\/posts\/118840","targetHints":{"allow":["GET"]}}],"collection":[{"href":"https:\/\/www.europesays.com\/fr\/wp-json\/wp\/v2\/posts"}],"about":[{"href":"https:\/\/www.europesays.com\/fr\/wp-json\/wp\/v2\/types\/post"}],"author":[{"embeddable":true,"href":"https:\/\/www.europesays.com\/fr\/wp-json\/wp\/v2\/users\/2"}],"replies":[{"embeddable":true,"href":"https:\/\/www.europesays.com\/fr\/wp-json\/wp\/v2\/comments?post=118840"}],"version-history":[{"count":0,"href":"https:\/\/www.europesays.com\/fr\/wp-json\/wp\/v2\/posts\/118840\/revisions"}],"wp:featuredmedia":[{"embeddable":true,"href":"https:\/\/www.europesays.com\/fr\/wp-json\/wp\/v2\/media\/118841"}],"wp:attachment":[{"href":"https:\/\/www.europesays.com\/fr\/wp-json\/wp\/v2\/media?parent=118840"}],"wp:term":[{"taxonomy":"category","embeddable":true,"href":"https:\/\/www.europesays.com\/fr\/wp-json\/wp\/v2\/categories?post=118840"},{"taxonomy":"post_tag","embeddable":true,"href":"https:\/\/www.europesays.com\/fr\/wp-json\/wp\/v2\/tags?post=118840"}],"curies":[{"name":"wp","href":"https:\/\/api.w.org\/{rel}","templated":true}]}}