{"id":118842,"date":"2025-05-22T07:16:11","date_gmt":"2025-05-22T07:16:11","guid":{"rendered":"https:\/\/www.europesays.com\/fr\/118842\/"},"modified":"2025-05-22T07:16:11","modified_gmt":"2025-05-22T07:16:11","slug":"grand-nancy-un-enfant-senfuit-de-la-creche-letablissement-ferme-pour-graves-dysfonctionnements","status":"publish","type":"post","link":"https:\/\/www.europesays.com\/fr\/118842\/","title":{"rendered":"Grand Nancy. Un enfant s\u2019enfuit de la cr\u00e8che, l\u2019\u00e9tablissement ferm\u00e9 pour graves dysfonctionnements"},"content":{"rendered":"<p>C\u2019est une cr\u00e8che d\u2019entreprise appartenant au groupe <a href=\"https:\/\/www.republicain-lorrain.fr\/education\/2025\/03\/22\/creches-la-maison-bleue-sait-qu-elle-est-dans-l-oeil-du-cyclone\" target=\"_blank\" rel=\"noopener\">La Maison bleue<\/a> , implant\u00e9e sur le p\u00f4le Saint-Jacques \u00e0 Max\u00e9ville, \u00e0 quelques m\u00e8tres de l\u2019h\u00f4pital priv\u00e9 Elsan. Depuis le 31 mars, les enfants ne peuvent plus \u00eatre accueillis au sein de l\u2019\u00e9tablissement.<\/p>\n<p>Et pour cause, les services de la Protection maternelle infantile (PMI) ont estim\u00e9 \u00ab que les conditions de fonctionnement pr\u00e9sentent des risques susceptibles de compromettre ou de menacer la sant\u00e9 et la s\u00e9curit\u00e9 des enfants. \u00bb R\u00e9sultat : fermeture imm\u00e9diate provisoire de quatre mois act\u00e9e le 28 mars.<\/p>\n<p>Au total, ce sont 32 familles qui se retrouvent sans solution d\u2019accueil du jour au lendemain pour leurs petits.<\/p>\n<p>  Un enfant de deux ans sur le parking<\/p>\n<p>Sur la porte d\u2019entr\u00e9e de la cr\u00e8che, ce vendredi matin, on constate qu\u2019un arr\u00eat\u00e9 de la pr\u00e9sidente du conseil d\u00e9partemental, <a href=\"https:\/\/www.estrepublicain.fr\/p\/chaynesse-khirouni\" target=\"_blank\" rel=\"noopener\">Chaynesse Khirouni<\/a>, est affich\u00e9. Un point attire particuli\u00e8rement l\u2019attention dans la liste des dysfonctionnements : \u00abUn enfant de 2 ans a ouvert la porte de la structure et s\u2019est enfui sur le parking apr\u00e8s avoir \u00e9chapp\u00e9 \u00e0 la vigilance des professionnels. \u00bb<\/p>\n<p>Dans un mail aux parents le 21 mars, deux jours apr\u00e8s les faits, la direction se d\u00e9fend en pr\u00e9cisant \u00ab qu\u2019\u00e0 aucun moment il n\u2019a \u00e9t\u00e9 seul, la professionnelle l\u2019a vu sortir et l\u2019a de suite rattrap\u00e9 et port\u00e9 pour rentrer \u00bb.<\/p>\n<p>L\u2019int\u00e9rimaire n\u2019a plus la possibilit\u00e9 de travailler sur ce lieu et des travaux d\u2019urgence vont \u00eatre r\u00e9alis\u00e9s pour s\u00e9curiser la porte, ajoutait la direction.<\/p>\n<p>\u00ab Les explications donn\u00e9es par la cr\u00e8che sont fausses ! confie la m\u00e8re de famille qui a port\u00e9 plainte aupr\u00e8s de la gendarmerie de Neuves-Maisons. La v\u00e9rit\u00e9 est que mon petit gar\u00e7on de deux ans a \u00e9t\u00e9 retrouv\u00e9 sur le parking par on ne sait qui, car il a r\u00e9ussi \u00e0 passer les deux portes d&rsquo;entr\u00e9e de la cr\u00e8che qui au passage se situent devant le bureau de la directrice. On ne sait combien de temps il a pass\u00e9 dehors. \u00bb<\/p>\n<p>  Absence de professionnels de sant\u00e9<\/p>\n<p>Mais ce n\u2019est pas tout, puisque selon la PMI, \u00ab la structure n\u2019est plus en mesure d\u2019assurer la s\u00e9curit\u00e9 des enfants accueillis, constatant l\u2019absence de professionnel de sant\u00e9, titulaire d\u2019un dipl\u00f4me d\u2019\u00c9tat de pu\u00e9ricultrice ou d\u2019infirmier, ainsi que l\u2019absence de r\u00e9f\u00e9rent sant\u00e9 et d\u2019accueil inclusif et l\u2019absence de professionnel assurant des s\u00e9ances d\u2019analyse de la pratique, \u00e0 l\u2019hygi\u00e8ne, la sant\u00e9, le bien-\u00eatre et l\u2019\u00e9panouissement des enfants \u00bb. Seules trois professionnelles r\u00e9pondent aux normes de qualifications.<\/p>\n<p>Ce manque de personnel, La Maison bleue le reconna\u00eet. Contact\u00e9e par t\u00e9l\u00e9phone ce jeudi 3 avril, la directrice de la cr\u00e8che max\u00e9villoise n\u2019a pas souhait\u00e9 r\u00e9pondre \u00e0 nos sollicitations, contrairement \u00e0 la direction du groupe.<\/p>\n","protected":false},"excerpt":{"rendered":"C\u2019est une cr\u00e8che d\u2019entreprise appartenant au groupe La Maison bleue , implant\u00e9e sur le p\u00f4le Saint-Jacques \u00e0 Max\u00e9ville,&hellip;\n","protected":false},"author":2,"featured_media":118843,"comment_status":"","ping_status":"","sticky":false,"template":"","format":"standard","meta":{"footnotes":""},"categories":[9635],"tags":[119,1111,11,1704,1057,1777,674,274,1011,27,775,1757,10061,10262,3457,1702,12,25,104],"class_list":{"0":"post-118842","1":"post","2":"type-post","3":"status-publish","4":"format-standard","5":"has-post-thumbnail","7":"category-nancy","8":"tag-accident","9":"tag-actu","10":"tag-actualites","11":"tag-edition-nancy-et-agglomeration","12":"tag-education","13":"tag-eu","14":"tag-europe","15":"tag-faits-divers-justice","16":"tag-fr","17":"tag-france","18":"tag-grand-est","19":"tag-insolite","20":"tag-maxeville","21":"tag-metropole-du-grand-nancy-54b5","22":"tag-meurthe-et-moselle","23":"tag-nancy","24":"tag-news","25":"tag-republique-francaise","26":"tag-societe"},"share_on_mastodon":{"url":"https:\/\/pubeurope.com\/@fr\/114550261978140907","error":""},"_links":{"self":[{"href":"https:\/\/www.europesays.com\/fr\/wp-json\/wp\/v2\/posts\/118842","targetHints":{"allow":["GET"]}}],"collection":[{"href":"https:\/\/www.europesays.com\/fr\/wp-json\/wp\/v2\/posts"}],"about":[{"href":"https:\/\/www.europesays.com\/fr\/wp-json\/wp\/v2\/types\/post"}],"author":[{"embeddable":true,"href":"https:\/\/www.europesays.com\/fr\/wp-json\/wp\/v2\/users\/2"}],"replies":[{"embeddable":true,"href":"https:\/\/www.europesays.com\/fr\/wp-json\/wp\/v2\/comments?post=118842"}],"version-history":[{"count":0,"href":"https:\/\/www.europesays.com\/fr\/wp-json\/wp\/v2\/posts\/118842\/revisions"}],"wp:featuredmedia":[{"embeddable":true,"href":"https:\/\/www.europesays.com\/fr\/wp-json\/wp\/v2\/media\/118843"}],"wp:attachment":[{"href":"https:\/\/www.europesays.com\/fr\/wp-json\/wp\/v2\/media?parent=118842"}],"wp:term":[{"taxonomy":"category","embeddable":true,"href":"https:\/\/www.europesays.com\/fr\/wp-json\/wp\/v2\/categories?post=118842"},{"taxonomy":"post_tag","embeddable":true,"href":"https:\/\/www.europesays.com\/fr\/wp-json\/wp\/v2\/tags?post=118842"}],"curies":[{"name":"wp","href":"https:\/\/api.w.org\/{rel}","templated":true}]}}