{"id":118846,"date":"2025-05-22T07:18:09","date_gmt":"2025-05-22T07:18:09","guid":{"rendered":"https:\/\/www.europesays.com\/fr\/118846\/"},"modified":"2025-05-22T07:18:09","modified_gmt":"2025-05-22T07:18:09","slug":"tour-dhorizon-de-ceux-qui-animeront-la-fete-de-la-marseillaise-samedi-a-toulon-4","status":"publish","type":"post","link":"https:\/\/www.europesays.com\/fr\/118846\/","title":{"rendered":"Tour d\u2019horizon de ceux qui animeront la F\u00eate de La Marseillaise samedi \u00e0 Toulon"},"content":{"rendered":"\n<p>Pour la 2e ann\u00e9e cons\u00e9cutive et apr\u00e8s une d\u00e9cennie de rel\u00e2che, la F\u00eate de La Marseillaise revient dans le Var. Une \u00e9dition qui va se d\u00e9rouler samedi 24\u00a0mai, de 10h \u00e0 23h sur le parking des plages du Mourillon \u00e0 Toulon.<\/p>\n<p>Un moment de partage et de convivialit\u00e9 gratuit et ouvert \u00e0 tous qui fera encore toute sa place au d\u00e9bat et \u00e0 la r\u00e9flexion avec de nombreux invit\u00e9s. Parmi eux, outre le s\u00e9nateur PCF de Paris Ian Brossat et de nombreux autres \u00e9lus et responsables communistes, sont \u00e9galement annonc\u00e9s de fa\u00e7on non exhaustive la t\u00eate de liste de Toulon en Commun Magali Brunel (PS), Isaline Cornil (LFI) et Jean-Pierre Luquand (EELV).<\/p>\n<p> Les invit\u00e9s politiques\n              <\/p>\n<p>Avec plein de th\u00e8mes importants \u00e0 aborder, comme celui des mobilit\u00e9s, mais bien \u00e9videmment aussi celui du logement en g\u00e9n\u00e9ral et du logement social en particulier, dans un d\u00e9partement qui souffre d\u2019une grave p\u00e9nurie, du fait d\u2019\u00e9lus qui ne jouent pas toujours le jeu. La Conf\u00e9d\u00e9ration nationale du logement (CNL) sera l\u00e0 pour r\u00e9pondre aux questions des locataires.<\/p>\n<p>Au programme \u00e9galement, l\u2019emploi, les salaires, mais aussi la paix et la solidarit\u00e9. Avec pour ces deux derniers th\u00e8mes un monde associatif plus que mobilis\u00e9 cette fois encore. Des stands leur ont \u00e9t\u00e9 attribu\u00e9s pour rencontrer les visiteurs et informer de leurs actions.<\/p>\n","protected":false},"excerpt":{"rendered":"Pour la 2e ann\u00e9e cons\u00e9cutive et apr\u00e8s une d\u00e9cennie de rel\u00e2che, la F\u00eate de La Marseillaise revient dans&hellip;\n","protected":false},"author":2,"featured_media":118847,"comment_status":"","ping_status":"","sticky":false,"template":"","format":"standard","meta":{"footnotes":""},"categories":[9619],"tags":[1111,11,1777,674,23399,1011,27,12,882,25,2310],"class_list":{"0":"post-118846","1":"post","2":"type-post","3":"status-publish","4":"format-standard","5":"has-post-thumbnail","7":"category-toulon","8":"tag-actu","9":"tag-actualites","10":"tag-eu","11":"tag-europe","12":"tag-fete-de-la-marseillaise","13":"tag-fr","14":"tag-france","15":"tag-news","16":"tag-provence-alpes-cote-dazur","17":"tag-republique-francaise","18":"tag-toulon"},"share_on_mastodon":{"url":"https:\/\/pubeurope.com\/@fr\/114550269709109132","error":""},"_links":{"self":[{"href":"https:\/\/www.europesays.com\/fr\/wp-json\/wp\/v2\/posts\/118846","targetHints":{"allow":["GET"]}}],"collection":[{"href":"https:\/\/www.europesays.com\/fr\/wp-json\/wp\/v2\/posts"}],"about":[{"href":"https:\/\/www.europesays.com\/fr\/wp-json\/wp\/v2\/types\/post"}],"author":[{"embeddable":true,"href":"https:\/\/www.europesays.com\/fr\/wp-json\/wp\/v2\/users\/2"}],"replies":[{"embeddable":true,"href":"https:\/\/www.europesays.com\/fr\/wp-json\/wp\/v2\/comments?post=118846"}],"version-history":[{"count":0,"href":"https:\/\/www.europesays.com\/fr\/wp-json\/wp\/v2\/posts\/118846\/revisions"}],"wp:featuredmedia":[{"embeddable":true,"href":"https:\/\/www.europesays.com\/fr\/wp-json\/wp\/v2\/media\/118847"}],"wp:attachment":[{"href":"https:\/\/www.europesays.com\/fr\/wp-json\/wp\/v2\/media?parent=118846"}],"wp:term":[{"taxonomy":"category","embeddable":true,"href":"https:\/\/www.europesays.com\/fr\/wp-json\/wp\/v2\/categories?post=118846"},{"taxonomy":"post_tag","embeddable":true,"href":"https:\/\/www.europesays.com\/fr\/wp-json\/wp\/v2\/tags?post=118846"}],"curies":[{"name":"wp","href":"https:\/\/api.w.org\/{rel}","templated":true}]}}