{"id":118852,"date":"2025-05-22T07:21:08","date_gmt":"2025-05-22T07:21:08","guid":{"rendered":"https:\/\/www.europesays.com\/fr\/118852\/"},"modified":"2025-05-22T07:21:08","modified_gmt":"2025-05-22T07:21:08","slug":"ce-weekend-cette-commune-de-lagglo-de-rouen-attend-des-milliers-de-personnes-pour-une-fete-imperiale","status":"publish","type":"post","link":"https:\/\/www.europesays.com\/fr\/118852\/","title":{"rendered":"Ce weekend, cette commune de l&rsquo;agglo de Rouen attend des milliers de personnes pour une f\u00eate imp\u00e9riale"},"content":{"rendered":"<p>            Par<br \/>\n        <strong><br \/>\n            <a href=\"https:\/\/actu.fr\/auteur\/julien-bouteiller\" title=\"Consulter tous les articles de Julien Bouteiller\" target=\"_blank\" rel=\"noopener\">Julien Bouteiller<\/a><br \/>\n        <\/strong><\/p>\n<p>        Publi\u00e9 le<\/p>\n<p>            22 mai 2025 \u00e0 8h57        <\/p>\n<p>Vous ne le savez peut-\u00eatre pas, mais la petite commune de <a href=\"https:\/\/actu.fr\/normandie\/val-de-la-haye_76717\" target=\"_blank\" rel=\"noopener\">Val-de-la-Haye<\/a>, dans la m\u00e9tropole de Rouen, <strong>a un lien important avec Napol\u00e9on<\/strong>. Et ce weekend des 24 et 25\u00a0mai 2025 sera l\u2019occasion de le c\u00e9l\u00e9brer\u2009!<\/p>\n<p>Val-de-la-Haye, une ville imp\u00e9riale<\/p>\n<p class=\" wall-content\">Val-de-la-Haye fait partie <strong>du r\u00e9seau Ville imp\u00e9riale<\/strong>, honorant les communes qui valorisent leur patrimoine en lien avec le Premier et le Second Empire.<\/p>\n<p class=\" wall-content\">Elle en b\u00e9n\u00e9ficie car elle abrite <a href=\"https:\/\/actu.fr\/normandie\/val-de-la-haye_76717\/connaissez-vous-l-histoire-de-la-colonne-napoleon-pres-de-rouen_41663459.html\" target=\"_blank\" rel=\"noopener\">une Colonne Napol\u00e9on<\/a>, un monument comm\u00e9morant <strong>le transbordement des cendres de l\u2019empereur<\/strong> en face de la commune, le 9\u00a0d\u00e9cembre 1840.<\/p>\n<p class=\" wall-content\">Un moment c\u00e9l\u00e9br\u00e9 donc lors de ces samedi et dimanche. Pour l\u2019occasion, <strong>de nombreuses animations sont pr\u00e9vues<\/strong>\u2009: expositions retra\u00e7ant l\u2019histoire de la Colonne, une maquette, reconstitution de batailles, d\u00e9dicaces d\u2019\u00e9crivains et historiens, restauration, repas sous un chapiteau, cort\u00e8ge, musique, d\u00e9fil\u00e9, conf\u00e9rences et c\u00e9r\u00e9monie. Le programme complet est ici.<\/p>\n<p class=\" wall-content\">C\u2019est un \u00e9v\u00e9nement majeur pour la commune puisque, selon le maire Pascal Delaporte, la commune de 700\u00a0habitants<strong> \u00ab\u2009attend entre\u00a04000 et\u00a05000 visiteurs\u2009\u00bb<\/strong> ce weekend.<\/p>\n<p>Vid\u00e9os : en ce moment sur ActuSuivez l\u2019actualit\u00e9 de Rouen <a href=\"https:\/\/www.whatsapp.com\/channel\/0029VaKfnf99hXF2ddApFB1D\" target=\"_blank\" rel=\"noopener\">sur notre cha\u00eene WhatsApp<\/a> et <a href=\"https:\/\/www.tiktok.com\/@76actu.fr?lang=fr\" target=\"_blank\" rel=\"noopener\">sur notre compte TikTok<\/a><\/p>\n<p class=\" wall-content\">Suivez toute l\u2019actualit\u00e9 de vos villes et m\u00e9dias favoris en vous inscrivant \u00e0 <a href=\"https:\/\/moncompte.actu.fr\" title=\"D\u00e9couvez Mon Actu\" rel=\"nofollow noopener\" data-trk=\"{&quot;cta&quot;:{&quot;action&quot;:&quot;https:\\\/\\\/moncompte.actu.fr&quot;,&quot;category&quot;:&quot;mon compte&quot;,&quot;from&quot;:&quot;article footer&quot;,&quot;name&quot;:&quot;Mon actu&quot;,&quot;type&quot;:&quot;cta&quot;}}\" target=\"_blank\">Mon Actu<\/a>.<\/p>\n<p>                    <script async src=\"\/\/www.tiktok.com\/embed.js\"><\/script><\/p>\n","protected":false},"excerpt":{"rendered":"Par Julien Bouteiller Publi\u00e9 le 22 mai 2025 \u00e0 8h57 Vous ne le savez peut-\u00eatre pas, mais la&hellip;\n","protected":false},"author":2,"featured_media":118853,"comment_status":"","ping_status":"","sticky":false,"template":"","format":"standard","meta":{"footnotes":""},"categories":[9587],"tags":[1111,11,9086,1777,674,1011,27,937,1652,23977,12,5161,25,9590],"class_list":{"0":"post-118852","1":"post","2":"type-post","3":"status-publish","4":"format-standard","5":"has-post-thumbnail","7":"category-rouen","8":"tag-actu","9":"tag-actualites","10":"tag-bon-plan-a-rouen","11":"tag-eu","12":"tag-europe","13":"tag-fr","14":"tag-france","15":"tag-histoire","16":"tag-loisirs-culture","17":"tag-napoleon","18":"tag-news","19":"tag-normandie","20":"tag-republique-francaise","21":"tag-rouen"},"share_on_mastodon":{"url":"https:\/\/pubeurope.com\/@fr\/114550281550165075","error":""},"_links":{"self":[{"href":"https:\/\/www.europesays.com\/fr\/wp-json\/wp\/v2\/posts\/118852","targetHints":{"allow":["GET"]}}],"collection":[{"href":"https:\/\/www.europesays.com\/fr\/wp-json\/wp\/v2\/posts"}],"about":[{"href":"https:\/\/www.europesays.com\/fr\/wp-json\/wp\/v2\/types\/post"}],"author":[{"embeddable":true,"href":"https:\/\/www.europesays.com\/fr\/wp-json\/wp\/v2\/users\/2"}],"replies":[{"embeddable":true,"href":"https:\/\/www.europesays.com\/fr\/wp-json\/wp\/v2\/comments?post=118852"}],"version-history":[{"count":0,"href":"https:\/\/www.europesays.com\/fr\/wp-json\/wp\/v2\/posts\/118852\/revisions"}],"wp:featuredmedia":[{"embeddable":true,"href":"https:\/\/www.europesays.com\/fr\/wp-json\/wp\/v2\/media\/118853"}],"wp:attachment":[{"href":"https:\/\/www.europesays.com\/fr\/wp-json\/wp\/v2\/media?parent=118852"}],"wp:term":[{"taxonomy":"category","embeddable":true,"href":"https:\/\/www.europesays.com\/fr\/wp-json\/wp\/v2\/categories?post=118852"},{"taxonomy":"post_tag","embeddable":true,"href":"https:\/\/www.europesays.com\/fr\/wp-json\/wp\/v2\/tags?post=118852"}],"curies":[{"name":"wp","href":"https:\/\/api.w.org\/{rel}","templated":true}]}}