{"id":118860,"date":"2025-05-22T07:27:13","date_gmt":"2025-05-22T07:27:13","guid":{"rendered":"https:\/\/www.europesays.com\/fr\/118860\/"},"modified":"2025-05-22T07:27:13","modified_gmt":"2025-05-22T07:27:13","slug":"le-grand-est-a-son-lot-despeces-menacees","status":"publish","type":"post","link":"https:\/\/www.europesays.com\/fr\/118860\/","title":{"rendered":"Le Grand Est a son lot d\u2019esp\u00e8ces menac\u00e9es"},"content":{"rendered":"<p><strong>20 000<\/strong>. C\u2019est le nombre d\u2019esp\u00e8ces de plantes et d\u2019animaux qui sont, chaque ann\u00e9e, en <strong>danger de disparition imminente,<\/strong> d\u2019apr\u00e8s une \u00e9tude de l\u2019Union Internationale pour la Conservation de la Nature (IUCN). La<strong> France figure parmi les 10 pays qui h\u00e9bergent le plus grand nombre d\u2019esp\u00e8ces menac\u00e9es<\/strong>. 2 472 esp\u00e8ces menac\u00e9es au niveau mondial sont pr\u00e9sentes sur le territoire.\u00a0<\/p>\n<p>La r\u00e9gion Grand Est<strong> n\u2019est pas exempte de ce ph\u00e9nom\u00e8ne.<\/strong>\u00a0<\/p>\n<p>Une collecte de connaissances sur les esp\u00e8ces\u00a0<\/p>\n<p>Le 11 mai a lieu la <strong>Journ\u00e9e mondiale des esp\u00e8ces menac\u00e9es<\/strong>. Cette derni\u00e8re a pour but de sensibiliser le monde scientifique et le grand public sur l\u2019importance de la protection des esp\u00e8ces en voie de disparition et sur les <strong>mesures \u00e0 prendre au quotidien pour les prot\u00e9ger.\u00a0<\/strong><\/p>\n<p>Depuis 2016,<a href=\"https:\/\/www.odonat-grandest.fr\/\" target=\"_blank\" rel=\"noopener\"> l\u2019Office des Donn\u00e9es Naturalistes du Grand Est (ODONAT)<\/a> \u0153uvre pour le d\u00e9veloppement de la connaissance des esp\u00e8ces et des milieux naturels, par la<strong> collecte et la valorisation des donn\u00e9es naturalistes dans la r\u00e9gion.\u00a0<\/strong><\/p>\n<p>Pour ce faire, la f\u00e9d\u00e9ration \u00e9labore des listes de r\u00e9f\u00e9rences ainsi que des listes rouges : \u00ab C\u2019est une compilation de toutes les esp\u00e8ces qu\u2019on conna\u00eet dans le Grand Est, explique Raynald Moratin, responsable scientifique \u00e0 l\u2019Odonat Grand Est. Pour faire une liste rouge, on doit forc\u00e9ment faire une liste de r\u00e9f\u00e9rence. Une fois que les donn\u00e9es sont jug\u00e9es finales ou non, on regarde si elles sont r\u00e9centes ou plus anciennes \u00bb.\u00a0<\/p>\n<p>Le but est d\u2019identifier les <strong>priorit\u00e9s en mati\u00e8re de protection des esp\u00e8ces et des sites<\/strong>, afin de fournir une base norm\u00e9e pour orienter la conservation.<strong> Les <\/strong><a href=\"https:\/\/www.puissancetelevision.fr\/environnement-meteo\/des-listes-rouges-pour-identifier-les-especes-menacees\/\" target=\"_blank\" rel=\"noopener\"><strong>listes rouges<\/strong><\/a><strong> et de r\u00e9f\u00e9rence<\/strong> forment un socle de connaissances des esp\u00e8ces du Grand Est et pour les actions en faveur de leur pr\u00e9servation.\u00a0<\/p>\n<p>La liste de r\u00e9f\u00e9rence est une liste critique et comment\u00e9e de l\u2019ensemble des esp\u00e8ces d\u2019un domaine d\u2019\u00e9tude observ\u00e9 ou alors signal\u00e9es dans l\u2019ensemble du territoire.\u00a0<\/p>\n<p>Les listes rouges, quant \u00e0 elles, sont <strong>\u00e9labor\u00e9es selon la m\u00e9thodologie de l\u2019Union Internationale pour la Conservation de la Nature (UICN) <\/strong>et permettent de hi\u00e9rarchiser les esp\u00e8ces en fonction de leur risque de disparition dans la r\u00e9gion.\u00a0<\/p>\n<p>La derni\u00e8re en date a \u00e9t\u00e9 publi\u00e9e en<strong> mars 2025.\u00a0<\/strong><\/p>\n<p>Les esp\u00e8ces cat\u00e9goris\u00e9es<\/p>\n<p>L\u2019\u00e9valuation des esp\u00e8ces s\u2019appuie sur une<strong> grille de crit\u00e8res d\u00e9finie par l\u2019UICN.<\/strong>\u00a0<\/p>\n<p>Parmi les crit\u00e8res se trouvent la tendance n\u00e9gative de la population, le taux de r\u00e9gression, le caract\u00e8re restreint de l\u2019aire de pr\u00e9sence ou encore la fragilit\u00e9 de la population \u00e9valu\u00e9e au nombre d\u2019individus.\u00a0<\/p>\n<p>Par la suite, chacune est hi\u00e9rarchis\u00e9e au sein d\u2019une \u00e9chelle qui<strong> comporte dix cat\u00e9gories<\/strong>. Plus l\u2019esp\u00e8ce se trouve haut dans l\u2019\u00e9chelle et <strong>plus elle est menac\u00e9e<\/strong>. \u00ab Toutes les esp\u00e8ces peuvent avoir diff\u00e9rents statuts de menace en fonction de l\u2019\u00e9chelle, d\u00e9clare Raynald Moratin, responsable scientifique \u00e0 l\u2019Odonat Grand Est. Le point est de faire une liste des esp\u00e8ces et apr\u00e8s les mettre dans une cat\u00e9gorie \u00bb.\u00a0\u00a0<\/p>\n<p>Voici les dix diff\u00e9rentes cat\u00e9gories :\u00a0<\/p>\n<ul class=\"wp-block-list\">\n<li><strong>EX : \u00c9teinte au niveau mondial<\/strong><\/li>\n<li><strong>EW : \u00c9teinte \u00e0 l\u2019\u00e9tat sauvage\u00a0<\/strong><\/li>\n<li><strong>RE : Disparue au niveau r\u00e9gional\u00a0<\/strong><\/li>\n<\/ul>\n<ul class=\"wp-block-list\">\n<li><strong>CR : En danger critique<\/strong><\/li>\n<li><strong>EN : En danger<\/strong><\/li>\n<li><strong>VU : Vuln\u00e9rable\u00a0<\/strong><\/li>\n<li><strong>NT :\u00a0 Quasi menac\u00e9e<\/strong><\/li>\n<li><strong>LC : Pr\u00e9occupation mineure<\/strong><\/li>\n<li><strong>DD : Donn\u00e9es insuffisantes<\/strong><\/li>\n<li><strong>NA :\u00a0 Non applicable<\/strong><\/li>\n<\/ul>\n<p>Pour qu\u2019une esp\u00e8ce soit consid\u00e9r\u00e9e comme menac\u00e9e, il faut qu\u2019elle poss\u00e8de <strong>moins de 50 couples reproducteurs<\/strong> : \u00ab Les aigles, on peut les compter, par exemple on a entre 20 ou 30 couples. Mais pour les insectes, ce n\u2019est pas possible, donc on va \u00e9valuer la zone d\u2019occupation \u00bb, d\u00e9crit le responsable scientifique \u00e0 l\u2019Odonat Grand Est.\u00a0<\/p>\n<p>Les esp\u00e8ces menac\u00e9es dans la r\u00e9gion<\/p>\n<p>Selon un rapport 2024 de l\u2019Observatoire Grand Est de la Biodiversit\u00e9, cinq esp\u00e8ces sont prot\u00e9g\u00e9es dans la r\u00e9gion :\u00a0<\/p>\n<ul class=\"wp-block-list\">\n<li>Trois esp\u00e8ces d\u2019\u00e9crevisses<\/li>\n<li>28 esp\u00e8ces de chauve-souris\u00a0<\/li>\n<li>19 esp\u00e8ces d\u2019amphibiens<\/li>\n<li>Onze esp\u00e8ces de reptiles<\/li>\n<li>175 esp\u00e8ces d\u2019oiseaux<\/li>\n<\/ul>\n<p>\u00c0 cela s\u2019ajoute son lot d\u2019esp\u00e8ces menac\u00e9es. D\u2019apr\u00e8s la<strong> liste rouge 2025<\/strong>, <strong>onze esp\u00e8ces de crustac\u00e9s grands branchiopodes<\/strong> sont pr\u00e9sentes dans la r\u00e9gion. Parmi ce nombre, sept sont menac\u00e9es, deux sont quasi menac\u00e9es, deux autres sont en danger critique d\u2019extinction et une est \u00e9teinte.\u00a0<\/p>\n<p>Du c\u00f4t\u00e9 des<strong> oiseaux hivernants<\/strong>, selon la<strong> liste rouge de 2024<\/strong>, sur <strong>30 esp\u00e8ces \u00e9valu\u00e9es dans le Grand Est<\/strong>, sept sont class\u00e9es vuln\u00e9rables, six sont quasi menac\u00e9es et 17 sont en pr\u00e9occupation mineure.\u00a0<\/p>\n<p>Une autre esp\u00e8ce d\u2019oiseaux est en<strong> position critique<\/strong>. Il s\u2019agit des <strong>oiseaux nicheurs<\/strong>. Dans le monde, 49 % sont en d\u00e9clin, 1 490 sont menac\u00e9es et 1 002 sont quasi menac\u00e9es.\u00a0<\/p>\n<p>Dans le Grand Est,<strong> 234 esp\u00e8ces sont r\u00e9pertori\u00e9es depuis le 16\u1d49 si\u00e8cle<\/strong>. 199 ont \u00e9t\u00e9 \u00e9valu\u00e9es, parmi elles,<strong> quatorze ont disparu<\/strong>, 92 sont menac\u00e9es, 32 quasi menac\u00e9es et 59 en pr\u00e9occupation mineure.\u00a0<\/p>\n<p>\u00ab On plaide pour que les Listes soient prises en compte dans les travaux et analyses concernant la conservation des esp\u00e8ces \u00bb, avance Raynald Moratin, responsable scientifique \u00e0 l\u2019Odonat Grand Est.\u00a0<br \/>Les scientifiques continuent la <strong>publication des Listes rouges pour 2025<\/strong>. Pour l\u2019heure, celles des mammif\u00e8res, des poissons, des crustac\u00e9s et des papillons de jour sont encore manquantes.<\/p>\n","protected":false},"excerpt":{"rendered":"20 000. C\u2019est le nombre d\u2019esp\u00e8ces de plantes et d\u2019animaux qui sont, chaque ann\u00e9e, en danger de disparition&hellip;\n","protected":false},"author":2,"featured_media":118861,"comment_status":"","ping_status":"","sticky":false,"template":"","format":"standard","meta":{"footnotes":""},"categories":[2820],"tags":[1111,11,7442,1777,674,1011,27,775,12,25,640],"class_list":{"0":"post-118860","1":"post","2":"type-post","3":"status-publish","4":"format-standard","5":"has-post-thumbnail","7":"category-strasbourg","8":"tag-actu","9":"tag-actualites","10":"tag-especes-menacees","11":"tag-eu","12":"tag-europe","13":"tag-fr","14":"tag-france","15":"tag-grand-est","16":"tag-news","17":"tag-republique-francaise","18":"tag-strasbourg"},"share_on_mastodon":{"url":"https:\/\/pubeurope.com\/@fr\/114550305556888754","error":""},"_links":{"self":[{"href":"https:\/\/www.europesays.com\/fr\/wp-json\/wp\/v2\/posts\/118860","targetHints":{"allow":["GET"]}}],"collection":[{"href":"https:\/\/www.europesays.com\/fr\/wp-json\/wp\/v2\/posts"}],"about":[{"href":"https:\/\/www.europesays.com\/fr\/wp-json\/wp\/v2\/types\/post"}],"author":[{"embeddable":true,"href":"https:\/\/www.europesays.com\/fr\/wp-json\/wp\/v2\/users\/2"}],"replies":[{"embeddable":true,"href":"https:\/\/www.europesays.com\/fr\/wp-json\/wp\/v2\/comments?post=118860"}],"version-history":[{"count":0,"href":"https:\/\/www.europesays.com\/fr\/wp-json\/wp\/v2\/posts\/118860\/revisions"}],"wp:featuredmedia":[{"embeddable":true,"href":"https:\/\/www.europesays.com\/fr\/wp-json\/wp\/v2\/media\/118861"}],"wp:attachment":[{"href":"https:\/\/www.europesays.com\/fr\/wp-json\/wp\/v2\/media?parent=118860"}],"wp:term":[{"taxonomy":"category","embeddable":true,"href":"https:\/\/www.europesays.com\/fr\/wp-json\/wp\/v2\/categories?post=118860"},{"taxonomy":"post_tag","embeddable":true,"href":"https:\/\/www.europesays.com\/fr\/wp-json\/wp\/v2\/tags?post=118860"}],"curies":[{"name":"wp","href":"https:\/\/api.w.org\/{rel}","templated":true}]}}