{"id":118864,"date":"2025-05-22T07:29:09","date_gmt":"2025-05-22T07:29:09","guid":{"rendered":"https:\/\/www.europesays.com\/fr\/118864\/"},"modified":"2025-05-22T07:29:09","modified_gmt":"2025-05-22T07:29:09","slug":"les-pots-de-yaourt-sont-desormais-en-carton-la-chasse-au-plastique-continue-dans-les-cantines-scolaires-de-nice","status":"publish","type":"post","link":"https:\/\/www.europesays.com\/fr\/118864\/","title":{"rendered":"Les pots de yaourt sont d\u00e9sormais en carton: la chasse au plastique continue dans les cantines scolaires de Nice"},"content":{"rendered":"<p>Plus aucun pot de yaourt en plastique \u00e0 la cantine. Jean-Luc Gagliolo, adjoint au maire d\u00e9l\u00e9gu\u00e9 \u00e0 l\u2019\u00c9ducation, s\u2019y \u00e9tait engag\u00e9 mi-mars devant les directeurs d\u2019\u00e9cole. Il semble avoir tenu parole. Depuis lundi, tous les pots de yaourt en plastique sont remplac\u00e9s par des pots en carton au sein des cr\u00e8ches et des \u00e9coles publiques de la ville.<\/p>\n<p>Un million de pots de yaourt en plastique \u00e9taient servis dans les cantines ni\u00e7oises chaque ann\u00e9e, ce qui repr\u00e9senterait 8,5 tonnes de d\u00e9chets plastiques \u00e0 traiter. \u00ab\u00a0La Ville de Nice fait d\u00e9sormais appel \u00e0 un nouveau fournisseur et ces pots de yaourts en carton seront recycl\u00e9s\u00a0\u00bb, se r\u00e9jouit Christian Estrosi.<\/p>\n<p>Le plastique, tr\u00e8s difficile \u00e0 recycler<\/p>\n<p>Chaque ann\u00e9e, 15 milliards de pots de yaourt plastiques sont consomm\u00e9s en France. Mais seuls 7% seraient recycl\u00e9s \u00e0 cause de leur composition complexe. <a href=\"https:\/\/www.citeo.com\/le-mag\/pots-de-yaourt-peut-les-recycler\" target=\"_blank\" rel=\"noopener nofollow\">D\u2019apr\u00e8s Citeo<\/a>, entreprise sp\u00e9cialis\u00e9e dans le recyclage des emballages, de nouvelles avanc\u00e9es permettraient d\u00e9sormais de recycler 80% des pots collect\u00e9s en France.<\/p>\n<p>Cette disposition s\u2019inscrit d\u2019abord dans la volont\u00e9 de la municipalit\u00e9 d\u2019\u00a0\u00bb\u00e9liminer les plastiques \u00e0 usage unique de l\u2019ensemble des pratiques locales\u00a0\u00bb, selon le maire. Mais elle r\u00e9sonne aussi parfaitement alors que s\u2019ouvre dans moins d\u2019un mois la Conf\u00e9rence des Nations-Unies sur l\u2019Oc\u00e9an. <a href=\"https:\/\/www.europarl.europa.eu\/topics\/fr\/article\/20181005STO15110\/pollution-marine-donnees-consequences-et-nouvelles-regles-europeennes\" target=\"_blank\" rel=\"noopener nofollow\">Selon le Parlement europ\u00e9en<\/a>, plus de 150 millions de tonnes de plastiques flotteraient aujourd\u2019hui dans les oc\u00e9ans.<\/p>\n<p>Une mesure \u00ab\u00a0sans surco\u00fbt\u00a0\u00bb<\/p>\n<p>Quant au co\u00fbt de l\u2019op\u00e9ration, Christian Estrosi affirme qu\u2019il est nul: \u00ab\u00a0Gr\u00e2ce aux nombreuses actions men\u00e9es par la Ville de Nice, avec la participation des enfants, dans la lutte contre le gaspillage alimentaire et tri des d\u00e9chets, cette d\u00e9marche de modification de l\u2019emballage des yaourts se fait sans surco\u00fbt.\u00a0\u00bb<\/p>\n<p>En 2018, <a href=\"https:\/\/www.nicematin.com\/vie-locale\/cest-le-plus-gros-chantier-du-mandat-de-christian-estrosi-la-cuisine-centrale-de-nice-est-presque-terminee-390380\" rel=\"nofollow noopener\" target=\"_blank\">la Ville avait inaugur\u00e9 sa cuisine centrale<\/a> (co\u00fbt: 32 millions d\u2019euros) pour pr\u00e9parer les 30.000 repas quotidiens servis dans les cr\u00e8ches, \u00e9coles et centres de loisirs de la ville. Gr\u00e2ce \u00e0 son nouveau mode de cuisson dans des cuves en inox, cette infrastructure a permis de <a href=\"https:\/\/www.nicematin.com\/vie-locale\/le-plastique-officiellement-interdit-dans-les-cantines-de-nice-a-la-rentree-262595\" rel=\"nofollow noopener\" target=\"_blank\">supprimer le plastique de toute la chaine de production des repas<\/a>.<\/p>\n","protected":false},"excerpt":{"rendered":"Plus aucun pot de yaourt en plastique \u00e0 la cantine. Jean-Luc Gagliolo, adjoint au maire d\u00e9l\u00e9gu\u00e9 \u00e0 l\u2019\u00c9ducation,&hellip;\n","protected":false},"author":2,"featured_media":118865,"comment_status":"","ping_status":"","sticky":false,"template":"","format":"standard","meta":{"footnotes":""},"categories":[2819],"tags":[1111,11,1777,674,1011,27,12,2401,882,25,3366],"class_list":{"0":"post-118864","1":"post","2":"type-post","3":"status-publish","4":"format-standard","5":"has-post-thumbnail","7":"category-nice","8":"tag-actu","9":"tag-actualites","10":"tag-eu","11":"tag-europe","12":"tag-fr","13":"tag-france","14":"tag-news","15":"tag-nice","16":"tag-provence-alpes-cote-dazur","17":"tag-republique-francaise","18":"tag-vie-locale"},"share_on_mastodon":{"url":"https:\/\/pubeurope.com\/@fr\/114550313826551102","error":""},"_links":{"self":[{"href":"https:\/\/www.europesays.com\/fr\/wp-json\/wp\/v2\/posts\/118864","targetHints":{"allow":["GET"]}}],"collection":[{"href":"https:\/\/www.europesays.com\/fr\/wp-json\/wp\/v2\/posts"}],"about":[{"href":"https:\/\/www.europesays.com\/fr\/wp-json\/wp\/v2\/types\/post"}],"author":[{"embeddable":true,"href":"https:\/\/www.europesays.com\/fr\/wp-json\/wp\/v2\/users\/2"}],"replies":[{"embeddable":true,"href":"https:\/\/www.europesays.com\/fr\/wp-json\/wp\/v2\/comments?post=118864"}],"version-history":[{"count":0,"href":"https:\/\/www.europesays.com\/fr\/wp-json\/wp\/v2\/posts\/118864\/revisions"}],"wp:featuredmedia":[{"embeddable":true,"href":"https:\/\/www.europesays.com\/fr\/wp-json\/wp\/v2\/media\/118865"}],"wp:attachment":[{"href":"https:\/\/www.europesays.com\/fr\/wp-json\/wp\/v2\/media?parent=118864"}],"wp:term":[{"taxonomy":"category","embeddable":true,"href":"https:\/\/www.europesays.com\/fr\/wp-json\/wp\/v2\/categories?post=118864"},{"taxonomy":"post_tag","embeddable":true,"href":"https:\/\/www.europesays.com\/fr\/wp-json\/wp\/v2\/tags?post=118864"}],"curies":[{"name":"wp","href":"https:\/\/api.w.org\/{rel}","templated":true}]}}