{"id":118886,"date":"2025-05-22T07:40:09","date_gmt":"2025-05-22T07:40:09","guid":{"rendered":"https:\/\/www.europesays.com\/fr\/118886\/"},"modified":"2025-05-22T07:40:09","modified_gmt":"2025-05-22T07:40:09","slug":"le-secteur-de-la-porte-daix-toujours-prise-par-des-consommateurs-de-drogues-a-marseille","status":"publish","type":"post","link":"https:\/\/www.europesays.com\/fr\/118886\/","title":{"rendered":"Le secteur de la Porte d\u2019Aix toujours pris\u00e9 par des consommateurs de drogues \u00e0 Marseille"},"content":{"rendered":"<p>C\u00f4t\u00e9 face, le secteur de la<a href=\"https:\/\/www.laprovence.com\/article\/region\/3933460625767314\/marseille-entre-etudiants-et-migrants-la-fete-de-la-porte-d-aix-sous-le-signe-du-dialogue-interculturel\" target=\"_blank\" rel=\"nofollow noopener\"> Porte d\u2019Aix<\/a> (1er) prend un nouveau tournant avec un parc pour les enfants fr\u00e9quent\u00e9s par les familles de Belsunce, une <a href=\"https:\/\/www.laprovence.com\/article\/region\/62437328005614\/face-aux-enjeux-climatiques-les-architectes-doivent-tout-reinventer-rencontre-avec-la-directrice-de-lecole-darchitecture-de-marseille\" target=\"_blank\" rel=\"nofollow noopener\">\u00e9cole d\u2019architecture<\/a> et bient\u00f4t un <a href=\"https:\/\/www.laprovence.com\/article\/region\/2188739863500414\/marseille-un-campus-geant-tourne-vers-lia-et-le-sport-a-la-porte-daix-pour-la-rentree-2026\" target=\"_blank\" rel=\"nofollow noopener\">campus d\u2019\u00e9cole de commerce<\/a>, plus de policiers pour apaiser les lieux et rassurer les commer\u00e7ants. C\u00f4t\u00e9 pile, le long du boulevard Charles-N\u00e9delec, de la rue Jules-Ferry ou de la rue Antoine-Zattara, sous la rue Haute, pr\u00e8s de l\u2019A7, il n\u2019y a jamais eu autant de consommateurs de drogues en demande de <a href=\"https:\/\/www.laprovence.com\/article\/region\/1003639939817414\/marseille-la-ville-quadruple-son-budget-pour-ramasser-les-seringues-dans-les-rues\" target=\"_blank\" rel=\"nofollow noopener\">pipes \u00e0 crack ou de seringues<\/a> pour s\u2019injecter de la coca\u00efne.<\/p>\n","protected":false},"excerpt":{"rendered":"C\u00f4t\u00e9 face, le secteur de la Porte d\u2019Aix (1er) prend un nouveau tournant avec un parc pour les&hellip;\n","protected":false},"author":2,"featured_media":118887,"comment_status":"","ping_status":"","sticky":false,"template":"","format":"standard","meta":{"footnotes":""},"categories":[2814],"tags":[17,1111,11,13636,154,1777,674,1011,27,884,12,5912,5396,12559,882,16,25,12779,1810],"class_list":{"0":"post-118886","1":"post","2":"type-post","3":"status-publish","4":"format-standard","5":"has-post-thumbnail","7":"category-marseille","8":"tag-17","9":"tag-actu","10":"tag-actualites","11":"tag-daix","12":"tag-des","13":"tag-eu","14":"tag-europe","15":"tag-fr","16":"tag-france","17":"tag-marseille","18":"tag-news","19":"tag-par","20":"tag-porte","21":"tag-prise","22":"tag-provence-alpes-cote-dazur","23":"tag-region","24":"tag-republique-francaise","25":"tag-secteur","26":"tag-toujours"},"share_on_mastodon":{"url":"https:\/\/pubeurope.com\/@fr\/114550356357622201","error":""},"_links":{"self":[{"href":"https:\/\/www.europesays.com\/fr\/wp-json\/wp\/v2\/posts\/118886","targetHints":{"allow":["GET"]}}],"collection":[{"href":"https:\/\/www.europesays.com\/fr\/wp-json\/wp\/v2\/posts"}],"about":[{"href":"https:\/\/www.europesays.com\/fr\/wp-json\/wp\/v2\/types\/post"}],"author":[{"embeddable":true,"href":"https:\/\/www.europesays.com\/fr\/wp-json\/wp\/v2\/users\/2"}],"replies":[{"embeddable":true,"href":"https:\/\/www.europesays.com\/fr\/wp-json\/wp\/v2\/comments?post=118886"}],"version-history":[{"count":0,"href":"https:\/\/www.europesays.com\/fr\/wp-json\/wp\/v2\/posts\/118886\/revisions"}],"wp:featuredmedia":[{"embeddable":true,"href":"https:\/\/www.europesays.com\/fr\/wp-json\/wp\/v2\/media\/118887"}],"wp:attachment":[{"href":"https:\/\/www.europesays.com\/fr\/wp-json\/wp\/v2\/media?parent=118886"}],"wp:term":[{"taxonomy":"category","embeddable":true,"href":"https:\/\/www.europesays.com\/fr\/wp-json\/wp\/v2\/categories?post=118886"},{"taxonomy":"post_tag","embeddable":true,"href":"https:\/\/www.europesays.com\/fr\/wp-json\/wp\/v2\/tags?post=118886"}],"curies":[{"name":"wp","href":"https:\/\/api.w.org\/{rel}","templated":true}]}}