{"id":118891,"date":"2025-05-22T07:43:21","date_gmt":"2025-05-22T07:43:21","guid":{"rendered":"https:\/\/www.europesays.com\/fr\/118891\/"},"modified":"2025-05-22T07:43:21","modified_gmt":"2025-05-22T07:43:21","slug":"en-region-parisienne-la-crise-diplomatique-entre-paris-et-alger-vue-par-les-franco-algeriens","status":"publish","type":"post","link":"https:\/\/www.europesays.com\/fr\/118891\/","title":{"rendered":"En r\u00e9gion parisienne, la crise diplomatique entre Paris et Alger vue par les Franco-Alg\u00e9riens"},"content":{"rendered":"<p>\n                                                Durant huit mois, les Franco-Alg\u00e9riens ont \u00e9t\u00e9 les spectateurs impuissants de l&rsquo;escalade diplomatique entre Paris et Alger. En r\u00e9gion parisienne, RFI est all\u00e9 recueillir leurs t\u00e9moignages \u00e0 l&rsquo;occasion d&rsquo;un projet th\u00e9\u00e2tral mont\u00e9 par\u00a0Abdelwaheb Sefsaf, directeur du th\u00e9\u00e2tre de Sartrouville.                    <\/p>\n<p>Apr\u00e8s huit mois d&rsquo;une crise diplomatique sans pr\u00e9c\u00e9dent entre Paris et Alger, d&rsquo;escalade, de menaces et de mesures de r\u00e9torsion, la <a href=\"https:\/\/www.rfi.fr\/fr\/france\/\" target=\"_self\" rel=\"noopener\"><strong>France<\/strong><\/a> annonce une \u00ab\u00a0nouvelle phase\u00a0\u00bb dans les relations entre les deux pays, apr\u00e8s une visite du ministre fran\u00e7ais des Affaires \u00e9trang\u00e8res \u00e0 Alger, dimanche 6 avril. Ce n&rsquo;\u00e9tait \u00e9videmment pas la premi\u00e8re crise entre les deux pays depuis l&rsquo;ind\u00e9pendance de l&rsquo;<a href=\"https:\/\/www.rfi.fr\/fr\/tag\/alg\u00e9rie\/\" target=\"_self\" rel=\"noopener\"><strong>Alg\u00e9rie<\/strong><\/a> en 1962, et les sujets sensibles sont encore si nombreux que cette r\u00e9conciliation semble fragile. Des tensions r\u00e9currentes qui viennent d&rsquo;abord heurter tous ceux qui ont des liens avec les deux c\u00f4t\u00e9s de la M\u00e9diterran\u00e9e\u00a0; les Alg\u00e9riens de France, les binationaux, les enfants d&rsquo;Alg\u00e9riens, tous ceux qui font que les liens entre les deux pays sont ind\u00e9m\u00ealables.<\/p>\n<p>En r\u00e9gion parisienne, tous les vendredis soir, Abdelwaheb Sefsaf, le directeur du th\u00e9\u00e2tre de Sartrouville, anime un atelier pour com\u00e9diens amateurs. Sur les 14 participants, les trois-quarts ont des liens avec l&rsquo;Alg\u00e9rie. Ils ont entre 42 et 65 ans et\u00a0ont accept\u00e9 de nous raconter comment ils avaient travers\u00e9 cette \u00e9ni\u00e8me crise entre Paris et Alger. \u00ab\u00a0Comme\u00a0une violence inou\u00efe, parce que cela remet en cause la question de la l\u00e9gitimit\u00e9\u00a0\u00bb, confie d&#8217;embl\u00e9e Mohamed, venu en France \u00e0 l&rsquo;\u00e2ge de huit ans seulement en 1968.<\/p>\n<p>Malika, dont les parents sont originaires d&rsquo;Alg\u00e9rie, \u00e9voque la mise \u00e0 l&rsquo;\u00e9cart du journaliste Jean-Michel Apathie pour avoir compar\u00e9 les crimes de l&rsquo;arm\u00e9e coloniale fran\u00e7aise en Alg\u00e9rie, \u00e0 certaines exactions commises par les nazis.\u00a0\u00ab\u00a0Moi, cela m&rsquo;a mise tr\u00e8s mal \u00e0 l&rsquo;aise, et je crois que ce qui m&rsquo;a fait le plus mal, c&rsquo;est que tu as une esp\u00e8ce de n\u00e9gation par rapport aux exactions de la France en Alg\u00e9rie\u00a0\u00bb, estime-t-elle. Pour nos quatre com\u00e9diens amateurs, c&rsquo;est l&rsquo;un des plus gros n\u0153uds. Selon eux, la France ne parvient toujours pas \u00e0 regarder la r\u00e9alit\u00e9 de son pass\u00e9 en Alg\u00e9rie.<\/p>\n<p>\u00ab\u00a0Je crois que la difficult\u00e9, elle est l\u00e0\u00a0: on n&rsquo;arrive pas \u00e0 s&rsquo;entendre sur l&rsquo;Histoire. \u00catre Alg\u00e9rien, pour les gens, cela veut aussi dire \u00eatre musulman. On a l&rsquo;impression d&rsquo;avoir un double handicap\u00a0\u00bb, regrette-t-elle.\u00a0\u00ab\u00a0C&rsquo;est la double peine. Tous les musulmans sont attaqu\u00e9s aujourd&rsquo;hui, mais l&rsquo;Alg\u00e9rien, c&rsquo;est la cible.\u00a0Certains politiciens se sont dit \u00ab\u00a0Voil\u00e0, on va toucher l&rsquo;Alg\u00e9rie\u00a0\u00bb, parce qu&rsquo;ils ont tous des comptes \u00e0 r\u00e9gler avec les Alg\u00e9riens\u00a0\u00bb, estime Mohamed. \u00ab\u00a0J&rsquo;ai l&rsquo;impression qu&rsquo;\u00eatre Fran\u00e7ais int\u00e9gr\u00e9 ou assimil\u00e9, c&rsquo;est renoncer \u00e0 ses origines. Pour moi, c&rsquo;est une h\u00e9r\u00e9sie\u00a0\u00bb, entend-on encore.<\/p>\n<p>Alors, rien d&rsquo;\u00e9tonnant si le projet th\u00e9\u00e2tral que leur a propos\u00e9 Abdelwaheb Sefsaf les inspire. Il s&rsquo;intitule\u00a0Fran\u00e7ais du futur\u00a0et ils l&rsquo;\u00e9crivent ensemble. \u00ab\u00a0Si j&rsquo;ai besoin, moi, de faire ce travail, c&rsquo;est parce que, quand j&rsquo;\u00e9tais enfant, j&rsquo;\u00e9tais assez troubl\u00e9 par le fait qu&rsquo;on me qualifiait, non pas de Fran\u00e7ais de premi\u00e8re g\u00e9n\u00e9ration, mais plut\u00f4t d&rsquo;immigr\u00e9 de seconde g\u00e9n\u00e9ration, comme si mes enfants allaient \u00eatre des immigr\u00e9s de troisi\u00e8me g\u00e9n\u00e9ration, et ainsi de suite jusqu&rsquo;\u00e0 ne jamais devenir Fran\u00e7ais\u00a0\u00bb se d\u00e9sesp\u00e8re le metteur en sc\u00e8ne.<\/p>\n<p>Mais c&rsquo;est aussi son histoire qu&rsquo;il lui fait dire que Paris et Alger n&rsquo;ont pas d&rsquo;autres choix que de se r\u00e9concilier. \u00ab\u00a0\u200b\u200b\u200b\u200b\u200b\u200b\u200bLa France a une histoire de 200 ans avec un pays arabe qui s&rsquo;appelle l&rsquo;Alg\u00e9rie. On ne peut pas la balayer d&rsquo;un revers de main. Ce n&rsquo;est pas possible. C&rsquo;est d&rsquo;abord nier l&rsquo;histoire, c&rsquo;est insulter la m\u00e9moire des disparus. Mais, pire encore, c&rsquo;est insulter la m\u00e9moire des vivants. On tente de r\u00e9duire l&rsquo;\u00e9cart\u00e8lement auquel on nous assigne, mais \u00e0 un moment donn\u00e9, cela devient intenable\u00a0\u00bb, explique-t-il.<\/p>\n<p>Ainsi, pour ne pas se sentir \u00e9cartel\u00e9, la petite troupe a d\u00e9cid\u00e9 de se servir de son v\u00e9cu, de ses richesses, pour dresser ensemble le portrait de ce qu&rsquo;elle incarne, en partie : le \u00ab\u00a0\u200b\u200b\u200b\u200b\u200b\u200b\u200bFran\u00e7ais du futur\u00a0\u00bb.<\/p>\n<p class=\"a-read-more\">\u00c0 lire aussi<a href=\"https:\/\/www.rfi.fr\/fr\/podcasts\/le-grand-invit\u00e9-afrique\/20250407-france-alg\u00e9rie-on-revient-\u00e0-plus-de-normalit\u00e9-\u00e0-plus-de-choses-transparentes\" target=\"_self\" class=\"a-read-more__link\" rel=\"noopener\">France-Alg\u00e9rie: \u00abOn revient \u00e0 plus de normalit\u00e9, \u00e0 plus de choses transparentes\u00bb<\/a><\/p>\n","protected":false},"excerpt":{"rendered":"Durant huit mois, les Franco-Alg\u00e9riens ont \u00e9t\u00e9 les spectateurs impuissants de l&rsquo;escalade diplomatique entre Paris et Alger. En&hellip;\n","protected":false},"author":2,"featured_media":118892,"comment_status":"","ping_status":"","sticky":false,"template":"","format":"standard","meta":{"footnotes":""},"categories":[1592],"tags":[1111,11,15,1777,674,1011,27,662,12,626,5920,25,104],"class_list":{"0":"post-118891","1":"post","2":"type-post","3":"status-publish","4":"format-standard","5":"has-post-thumbnail","7":"category-ile-de-france","8":"tag-actu","9":"tag-actualites","10":"tag-algerie","11":"tag-eu","12":"tag-europe","13":"tag-fr","14":"tag-france","15":"tag-ile-de-france","16":"tag-news","17":"tag-paris","18":"tag-reportage-france","19":"tag-republique-francaise","20":"tag-societe"},"share_on_mastodon":{"url":"https:\/\/pubeurope.com\/@fr\/114550368036367358","error":""},"_links":{"self":[{"href":"https:\/\/www.europesays.com\/fr\/wp-json\/wp\/v2\/posts\/118891","targetHints":{"allow":["GET"]}}],"collection":[{"href":"https:\/\/www.europesays.com\/fr\/wp-json\/wp\/v2\/posts"}],"about":[{"href":"https:\/\/www.europesays.com\/fr\/wp-json\/wp\/v2\/types\/post"}],"author":[{"embeddable":true,"href":"https:\/\/www.europesays.com\/fr\/wp-json\/wp\/v2\/users\/2"}],"replies":[{"embeddable":true,"href":"https:\/\/www.europesays.com\/fr\/wp-json\/wp\/v2\/comments?post=118891"}],"version-history":[{"count":0,"href":"https:\/\/www.europesays.com\/fr\/wp-json\/wp\/v2\/posts\/118891\/revisions"}],"wp:featuredmedia":[{"embeddable":true,"href":"https:\/\/www.europesays.com\/fr\/wp-json\/wp\/v2\/media\/118892"}],"wp:attachment":[{"href":"https:\/\/www.europesays.com\/fr\/wp-json\/wp\/v2\/media?parent=118891"}],"wp:term":[{"taxonomy":"category","embeddable":true,"href":"https:\/\/www.europesays.com\/fr\/wp-json\/wp\/v2\/categories?post=118891"},{"taxonomy":"post_tag","embeddable":true,"href":"https:\/\/www.europesays.com\/fr\/wp-json\/wp\/v2\/tags?post=118891"}],"curies":[{"name":"wp","href":"https:\/\/api.w.org\/{rel}","templated":true}]}}