{"id":118895,"date":"2025-05-22T07:45:08","date_gmt":"2025-05-22T07:45:08","guid":{"rendered":"https:\/\/www.europesays.com\/fr\/118895\/"},"modified":"2025-05-22T07:45:08","modified_gmt":"2025-05-22T07:45:08","slug":"des-operations-escargots-en-cours-sur-les-autoroutes","status":"publish","type":"post","link":"https:\/\/www.europesays.com\/fr\/118895\/","title":{"rendered":"des op\u00e9rations escargots en cours sur les autoroutes"},"content":{"rendered":"<p>            Par<br \/>\n        <strong><br \/>\n            <a href=\"https:\/\/actu.fr\/auteur\/redaction-paris\" title=\"Consulter tous les articles de R\u00e9daction Paris\" rel=\"nofollow noopener\" target=\"_blank\">R\u00e9daction Paris<\/a><br \/>\n        <\/strong><\/p>\n<p>        Publi\u00e9 le<\/p>\n<p>            22 mai 2025 \u00e0 9h16        <\/p>\n<p>Jour 4 de la <a href=\"https:\/\/actu.fr\/ile-de-france\/paris_75056\/manifestation-des-taxis-operations-escargots-sur-les-autoroutes-d-ile-de-france-la-circulation-ralentie_62666073.html\" rel=\"nofollow noopener\" target=\"_blank\">mobilisation des chauffeurs de taxi<\/a>. Ce jeudi 22\u00a0mai 2025, plusieurs <strong>op\u00e9rations escargots<\/strong> sont men\u00e9es sur les autoroutes autour de Paris. Le cort\u00e8ge s\u2019est \u00e9lanc\u00e9 depuis le boulevard Raspail et prend la direction de plusieurs axes, notamment ceux qui m\u00e8nent aux <a href=\"https:\/\/actu.fr\/tag\/aeroport-dorly\" rel=\"nofollow noopener\" target=\"_blank\">a\u00e9roports d\u2019Orly<\/a>.<\/p>\n<p>Certaines routes compl\u00e8tement bloqu\u00e9es<\/p>\n<p class=\" wall-content\">D\u2019apr\u00e8s <a href=\"https:\/\/www.sytadin.fr\/sys\/alert_reseau.jsp.html#574673\" rel=\"nofollow noopener\" target=\"_blank\">Sytadin.fr<\/a>, plusieurs manifestations sont en cours sur les routes suivantes\u2009:<\/p>\n<p class=\" wall-content\">\u2013 Sur l\u2019<strong>A6A<\/strong> vers Paris au niveau de la porte d\u2019Orl\u00e9ans. Le cort\u00e8ge se d\u00e9place \u00e0 tr\u00e8s faible vitesse et occupe l\u2019int\u00e9gralit\u00e9 des voies de circulation.<\/p>\n<p class=\" wall-content\">\u2013 Sur l\u2019<a href=\"https:\/\/actu.fr\/tag\/autoroute-10-a10\" rel=\"nofollow noopener\" target=\"_blank\">A10<\/a> vers Paris, une manifestation sous la forme d\u2019une op\u00e9ration escargot se d\u00e9roule sur l\u2019autoroute. L\u00e0 aussi, le cort\u00e8ge se d\u00e9place \u00e0 tr\u00e8s faible vitesse sur toutes les voies de circulation.<\/p>\n<p class=\" wall-content\">\u2013 L\u2019<strong>A106<\/strong> en direction d\u2019Orly est coup\u00e9e au niveau de Rungis. La sortie n\u00b04 vers est obligatoire.<\/p>\n<p>Vid\u00e9os : en ce moment sur Actu<\/p>\n<p class=\" wall-content\">\u2013 Sur l\u2019A10 vers Paris entre Janvry et Massy. La circulation est difficile A10COF-N104\/Janvry et A10-A126\/Massy. Le temps de parcours pour effectuer 9 kilom\u00e8tres prend 45\u00a0minutes contre 11 en temps normal.<\/p>\n<p class=\" wall-content\">Cette liste, non exhaustive, est <strong>susceptible de s\u2019allonger<\/strong> au cours de la matin\u00e9e. Pour rappel, les chauffeurs de taxi protestent contre la nouvelle tarification du transport sanitaire et la concurrence des VTC.<\/p>\n<p class=\" wall-content\">Suivez toute l\u2019actualit\u00e9 de vos villes et m\u00e9dias favoris en vous inscrivant \u00e0 <a href=\"https:\/\/moncompte.actu.fr\" title=\"D\u00e9couvez Mon Actu\" rel=\"nofollow noopener\" data-trk=\"{&quot;cta&quot;:{&quot;action&quot;:&quot;https:\\\/\\\/moncompte.actu.fr&quot;,&quot;category&quot;:&quot;mon compte&quot;,&quot;from&quot;:&quot;article footer&quot;,&quot;name&quot;:&quot;Mon actu&quot;,&quot;type&quot;:&quot;cta&quot;}}\" target=\"_blank\">Mon Actu<\/a>.<\/p>\n<ul class=\"ac-article-tag wall-content\">\n<li><a href=\"https:\/\/actu.fr\/tag\/aeroport-dorly\" data-trk=\"{&quot;cta&quot;:{&quot;action&quot;:&quot;A\\u00e9roport d&#039;Orly&quot;,&quot;category&quot;:&quot;tag&quot;,&quot;from&quot;:&quot;article footer&quot;,&quot;name&quot;:&quot;A\\u00e9roport d&#039;Orly&quot;,&quot;type&quot;:&quot;cta&quot;}}\" rel=\"nofollow noopener\" target=\"_blank\">#A\u00e9roport d&rsquo;Orly<\/a><\/li>\n<li><a href=\"https:\/\/actu.fr\/tag\/manifestations\" data-trk=\"{&quot;cta&quot;:{&quot;action&quot;:&quot;Manifestations&quot;,&quot;category&quot;:&quot;tag&quot;,&quot;from&quot;:&quot;article footer&quot;,&quot;name&quot;:&quot;Manifestations&quot;,&quot;type&quot;:&quot;cta&quot;}}\" rel=\"nofollow noopener\" target=\"_blank\">#Manifestations<\/a><\/li>\n<\/ul>\n","protected":false},"excerpt":{"rendered":"Par R\u00e9daction Paris Publi\u00e9 le 22 mai 2025 \u00e0 9h16 Jour 4 de la mobilisation des chauffeurs de&hellip;\n","protected":false},"author":2,"featured_media":111348,"comment_status":"","ping_status":"","sticky":false,"template":"","format":"standard","meta":{"footnotes":""},"categories":[1888],"tags":[1111,1928,11,1927,659,1777,674,1011,27,1272,12,1926,626,1925,25,104],"class_list":{"0":"post-118895","1":"post","2":"type-post","3":"status-publish","4":"format-standard","5":"has-post-thumbnail","7":"category-paris","8":"tag-actu","9":"tag-actu-paris","10":"tag-actualites","11":"tag-actualites-paris","12":"tag-aeroport-dorly","13":"tag-eu","14":"tag-europe","15":"tag-fr","16":"tag-france","17":"tag-manifestations","18":"tag-news","19":"tag-news-paris","20":"tag-paris","21":"tag-paris-news","22":"tag-republique-francaise","23":"tag-societe"},"share_on_mastodon":{"url":"https:\/\/pubeurope.com\/@fr\/114550375940814315","error":""},"_links":{"self":[{"href":"https:\/\/www.europesays.com\/fr\/wp-json\/wp\/v2\/posts\/118895","targetHints":{"allow":["GET"]}}],"collection":[{"href":"https:\/\/www.europesays.com\/fr\/wp-json\/wp\/v2\/posts"}],"about":[{"href":"https:\/\/www.europesays.com\/fr\/wp-json\/wp\/v2\/types\/post"}],"author":[{"embeddable":true,"href":"https:\/\/www.europesays.com\/fr\/wp-json\/wp\/v2\/users\/2"}],"replies":[{"embeddable":true,"href":"https:\/\/www.europesays.com\/fr\/wp-json\/wp\/v2\/comments?post=118895"}],"version-history":[{"count":0,"href":"https:\/\/www.europesays.com\/fr\/wp-json\/wp\/v2\/posts\/118895\/revisions"}],"wp:featuredmedia":[{"embeddable":true,"href":"https:\/\/www.europesays.com\/fr\/wp-json\/wp\/v2\/media\/111348"}],"wp:attachment":[{"href":"https:\/\/www.europesays.com\/fr\/wp-json\/wp\/v2\/media?parent=118895"}],"wp:term":[{"taxonomy":"category","embeddable":true,"href":"https:\/\/www.europesays.com\/fr\/wp-json\/wp\/v2\/categories?post=118895"},{"taxonomy":"post_tag","embeddable":true,"href":"https:\/\/www.europesays.com\/fr\/wp-json\/wp\/v2\/tags?post=118895"}],"curies":[{"name":"wp","href":"https:\/\/api.w.org\/{rel}","templated":true}]}}