{"id":118900,"date":"2025-05-22T07:48:08","date_gmt":"2025-05-22T07:48:08","guid":{"rendered":"https:\/\/www.europesays.com\/fr\/118900\/"},"modified":"2025-05-22T07:48:08","modified_gmt":"2025-05-22T07:48:08","slug":"circulation-a-paris-a-quoi-sattendre-avec-le-mouvement-des-taxis-ce-jeudi","status":"publish","type":"post","link":"https:\/\/www.europesays.com\/fr\/118900\/","title":{"rendered":"Circulation \u00e0 Paris\u00a0: \u00e0 quoi s\u2019attendre avec le mouvement des taxis\u00a0ce jeudi\u00a0?"},"content":{"rendered":"<p class=\"paragraph text_align_left\">Pour les automobilistes franciliens qui esp\u00e9raient un retour \u00e0 la normale ce jeudi 22 mai, il faudra encore patienter. Les taxis avaient pourtant mis en garde le gouvernement : ils sont en col\u00e8re et leur mobilisation continuera de se renforcer tant qu\u2019ils \u00ab n\u2019auront pas obtenu gain de cause \u00bb.<\/p>\n<p class=\"paragraph text_align_left\"><a href=\"https:\/\/www.leparisien.fr\/paris-75\/circulation-a-paris-a-quoi-sattendre-avec-les-operations-escargots-des-taxis-19-05-2025-ERXX6EZRZ5AN5DJV7M4IVKBVWU.php\" target=\"_blank\" rel=\"noreferrer nofollow noopener\">Depuis lundi<\/a>, plusieurs centaines de chauffeurs bloquent l\u2019int\u00e9gralit\u00e9 du Boulevard Raspail (VIe, VIIe et XIVe arrondissement), pr\u00e8s du minist\u00e8re des Transports, et m\u00e8nent de mani\u00e8re sporadique des op\u00e9rations escargots sur les axes de la r\u00e9gion pour protester contre <a href=\"https:\/\/www.leparisien.fr\/economie\/transport-sanitaire-les-taxis-vont-devoir-lever-le-pied-15-05-2025-EJE6CM2G3ZGGZPHSG474WST46I.php\" target=\"_blank\" rel=\"noreferrer nofollow noopener\">la nouvelle tarification des transports sanitaires<\/a>.<\/p>\n<p class=\"paragraph text_align_left\">\u00c0 l\u2019image de ces trois derniers jours, \u00ab beaucoup de taxis de province continuent de rallier Paris et c\u2019est certain qu\u2019il va y avoir un grand nombre de ralentissements sur les routes \u00bb, pr\u00e9vient Dominique Buisson, secr\u00e9taire f\u00e9d\u00e9ral de la F\u00e9d\u00e9ration nationale des taxis (FNDT).<\/p>\n<p>Des op\u00e9rations escargots d\u00e9j\u00e0 en cours<\/p>\n<p class=\"paragraph text_align_left\">\u00c0 8 heures ce jeudi matin, des ralentissements \u00e9taient d\u00e9j\u00e0 enregistr\u00e9s au niveau des autoroutes A10 et A6A en direction de Paris. \u00ab Actuellement, une manifestation sous la forme d\u2018une op\u00e9ration escargot se d\u00e9roule sur l\u2019autoroute A6A et A10 en direction de Paris. Le Cort\u00e8ge se d\u00e9place \u00e0 tr\u00e8s faible vitesse et occupe l\u2019int\u00e9gralit\u00e9 des voies de circulation \u00bb, alerte le site gouvernemental Sytadin. Sur l\u2019A13, pour le moment, une dizaine de taxis sont aussi en route Vers Paris, actuellement \u00e0 hauteur de Buchelay, \u00ab et circulent \u00e0 allure normale, sans cr\u00e9er de ralentissements \u00bb, selon le groupement de gendarmerie des Yvelines. <\/p>\n<p class=\"paragraph text_align_left\">Pour le reste de la journ\u00e9e, il faut s\u2019attendre \u00e0 retrouver le m\u00eame type de difficult\u00e9s sur les routes. Mercredi<a href=\"https:\/\/www.leparisien.fr\/paris-75\/direct-taxis-en-colere-des-autoroutes-bloquees-pres-de-200-kilometres-dembouteillage-en-ile-de-france-21-05-2025-UGOUMOFBGVCVJBF6P7FLTL6LDY.php\" target=\"_blank\" rel=\"noreferrer nofollow noopener\"> par exemple<\/a>, la circulation dans les rues de Paris et dans sa r\u00e9gion a connu des pics d\u2018embouteillages \u00e0 pr\u00e8s de 200 km en plein milieu d\u2019apr\u00e8s-midi selon Sytadin, une situation \u00ab exceptionnelle \u00bb. Peu avant 18 heures, l\u2019\u00cele-de-France enregistrait m\u00eame plus de 500 kilom\u00e8tres d\u2019embouteillages, une mesure bien sup\u00e9rieure \u00e0 la moyenne maximale. Les trajets pour se rendre aux diff\u00e9rents a\u00e9roports de la r\u00e9gion \u00e9taient eux aussi fortement impact\u00e9s.<\/p>\n<p class=\"paragraph text_align_left\">Cette mobilisation intervient dans le cadre d\u2018un mouvement de protestation contre un projet de nouvelle tarification impos\u00e9e par la Caisse primaire d\u2018assurance maladie (Cnam) sur les transports de malades aux chauffeurs conventionn\u00e9s.<\/p>\n<p class=\"paragraph text_align_left\">Cette mesure qui devrait entrer en vigueur le 1er octobre 2025 vise \u00e0<a href=\"https:\/\/www.leparisien.fr\/economie\/budget-impots-retraites-depenses-de-sante-ou-trouver-40-milliards-deuros-14-04-2025-CBO65N4UYFB3JD3B5YZ5DLYFE4.php\" rel=\"nofollow noopener\" target=\"_blank\"> contr\u00f4ler la croissance de la d\u00e9pense de transports sanitaires<\/a>, qui s\u2019est \u00e9lev\u00e9e \u00e0 6,74 milliards d\u2018euros en 2024, dont 3,07 milliards pour les taxis conventionn\u00e9s (+ 45 % depuis 2019).<\/p>\n<p class=\"paragraph text_align_left\">Les taxis seront alors r\u00e9mun\u00e9r\u00e9s sur la base d\u2018un forfait de prise en charge et d\u2018une tarification kilom\u00e9trique align\u00e9e sur le tarif fix\u00e9 dans chaque d\u00e9partement. Selon la pr\u00e9sidente de la F\u00e9d\u00e9ration nationale du taxi, Emmanuelle Cordier, les entreprises perdront \u00ab entre 30 et 40 % \u00bb de leur chiffre d\u2018affaires actuel en raison des nouvelles r\u00e8gles tarifaires.<\/p>\n<p class=\"paragraph text_align_left\">La FNDT entend poursuivre sa mobilisation jusqu\u2019\u00e0 ce que leurs revendications soient entendues. \u00ab Mercredi, nous n\u2019avons pas accept\u00e9 d\u2018\u00eatre re\u00e7u par M.Tabarot (NDLR : ministre des Transport) seuls comme on nous l\u2019a propos\u00e9. Nous demandons toujours une r\u00e9union interminist\u00e9rielle \u00bb, insiste Dominique Buisson.<\/p>\n<p class=\"paragraph text_align_left\">Une autorisation de manifester jusqu\u2019\u00e0 dimanche aurait \u00e9t\u00e9 d\u00e9pos\u00e9e aupr\u00e8s de la pr\u00e9fecture de police, pr\u00e9cise le repr\u00e9sentant syndical.<\/p>\n","protected":false},"excerpt":{"rendered":"Pour les automobilistes franciliens qui esp\u00e9raient un retour \u00e0 la normale ce jeudi 22 mai, il faudra encore&hellip;\n","protected":false},"author":2,"featured_media":118901,"comment_status":"","ping_status":"","sticky":false,"template":"","format":"standard","meta":{"footnotes":""},"categories":[1888],"tags":[11,1777,674,1011,27,1944,12,626,25],"class_list":{"0":"post-118900","1":"post","2":"type-post","3":"status-publish","4":"format-standard","5":"has-post-thumbnail","7":"category-paris","8":"tag-actualites","9":"tag-eu","10":"tag-europe","11":"tag-fr","12":"tag-france","13":"tag-ma-ville","14":"tag-news","15":"tag-paris","16":"tag-republique-francaise"},"share_on_mastodon":{"url":"https:\/\/pubeurope.com\/@fr\/114550388085964435","error":""},"_links":{"self":[{"href":"https:\/\/www.europesays.com\/fr\/wp-json\/wp\/v2\/posts\/118900","targetHints":{"allow":["GET"]}}],"collection":[{"href":"https:\/\/www.europesays.com\/fr\/wp-json\/wp\/v2\/posts"}],"about":[{"href":"https:\/\/www.europesays.com\/fr\/wp-json\/wp\/v2\/types\/post"}],"author":[{"embeddable":true,"href":"https:\/\/www.europesays.com\/fr\/wp-json\/wp\/v2\/users\/2"}],"replies":[{"embeddable":true,"href":"https:\/\/www.europesays.com\/fr\/wp-json\/wp\/v2\/comments?post=118900"}],"version-history":[{"count":0,"href":"https:\/\/www.europesays.com\/fr\/wp-json\/wp\/v2\/posts\/118900\/revisions"}],"wp:featuredmedia":[{"embeddable":true,"href":"https:\/\/www.europesays.com\/fr\/wp-json\/wp\/v2\/media\/118901"}],"wp:attachment":[{"href":"https:\/\/www.europesays.com\/fr\/wp-json\/wp\/v2\/media?parent=118900"}],"wp:term":[{"taxonomy":"category","embeddable":true,"href":"https:\/\/www.europesays.com\/fr\/wp-json\/wp\/v2\/categories?post=118900"},{"taxonomy":"post_tag","embeddable":true,"href":"https:\/\/www.europesays.com\/fr\/wp-json\/wp\/v2\/tags?post=118900"}],"curies":[{"name":"wp","href":"https:\/\/api.w.org\/{rel}","templated":true}]}}