{"id":118920,"date":"2025-05-22T07:59:09","date_gmt":"2025-05-22T07:59:09","guid":{"rendered":"https:\/\/www.europesays.com\/fr\/118920\/"},"modified":"2025-05-22T07:59:09","modified_gmt":"2025-05-22T07:59:09","slug":"a-saint-urbain-le-golf-de-brest-iroise-renoue-avec-la-competition","status":"publish","type":"post","link":"https:\/\/www.europesays.com\/fr\/118920\/","title":{"rendered":"\u00c0 Saint-Urbain, le golf de Brest Iroise renoue avec la comp\u00e9tition"},"content":{"rendered":"<p>Dans l\u2019espace de verdure de Lann Rohou, les landes de pierre, les sifflements per\u00e7ants de premi\u00e8res balles d\u00e9chirent le calme absolu des lieux ce mercredi 21 mai 2025, pendant que les robots tondeuses s\u2019activent, guid\u00e9s par le GPS, sur les fairways. \u00c0 la veille de l\u2019ouverture du championnat de France par \u00e9quipes de quatri\u00e8me division zone ouest, les premi\u00e8res \u00e9quipes, comme celle de Carantec, ont investi les lieux. \u00ab\u00a0Les greens sont parfaits, meilleurs que sur certains grand prix\u00a0\u00bb, assure le champion du Finist\u00e8re Thomas Le Flohic, arriv\u00e9 en voisin de son domicile landern\u00e9en. L\u2019effervescence monte doucement, alors que le 18 trous de Brest Iroise va accueillir, sur quatre journ\u00e9es, seize \u00e9quipes de Bretagne, Normandie et Pays-de-la-Loire, soit environ 150 golfeurs.<\/p>\n<p>70 b\u00e9n\u00e9voles mobilis\u00e9s<\/p>\n<p>\u00ab\u00a0Sur les quatre jours, ce sont plus de 70 b\u00e9n\u00e9voles qui vont \u00eatre mobilis\u00e9s\u00a0\u00bb, explique Jean-Luc Roudaut, le pr\u00e9sident de <a href=\"https:\/\/www.letelegramme.fr\/finistere\/saint-urbain-29800\/370-licencies-au-golf-brest-iroise-a-saint-urbain-6726366.php\" title=\"www.letelegramme.fr\" target=\"_blank\" rel=\"noopener\">l\u2019association sportive locale<\/a>, qui guettera autant le maintien \u00e0 ce niveau de son \u00e9quipe, \u00ab\u00a0avec trois jeunes issus de l\u2019\u00e9cole de golf\u00a0\u00bb, que la qualit\u00e9 de l\u2019accueil d\u2019une comp\u00e9tition f\u00e9d\u00e9rale qui n\u2019avait pas point\u00e9 le bout de son nez sur les lieux depuis deux d\u00e9cennies. Ce rendez-vous, pas question de le manquer, question d\u2019image de marque pour un parcours qui fut class\u00e9, \u00e0 une \u00e9poque, parmi les dix plus beaux parcours fran\u00e7ais. \u00ab\u00a0Depuis un mois, les jardiniers et une quarantaine de b\u00e9n\u00e9voles pr\u00e9parent le terrain\u00a0\u00bb, assure Jean-Luc Roudaut.<\/p>\n<p>\u00ab\u00a0Un beau challenge\u00a0\u00bb<\/p>\n<p>Au club-house, on s\u2019active \u00e9galement pour accueillir au mieux les convives, et un traiteur a \u00e9t\u00e9 mandat\u00e9 pour la restauration. \u00ab\u00a0C\u2019est un beau challenge que de recevoir une comp\u00e9tition comme celle-l\u00e0\u00a0\u00bb, se r\u00e9jouit Christelle Andr\u00e9, qui dirige un golf de Brest Iroise qui f\u00eatera, l\u2019an prochain, ses cinquante ans d\u2019existence. Qui n\u2019a peut-\u00eatre plus le lustre d\u2019antan, <a href=\"https:\/\/www.letelegramme.fr\/finistere\/landerneau-29800\/spangolfspan-brest-iroise-40-ans-de-parcours-2150688.php\" target=\"_blank\" rel=\"noopener\">quand Joe Dassin ou Pierre P\u00e9chin inauguraient le complexe imagin\u00e9 par la CCI du Finist\u00e8re<\/a> pour attirer les patrons. Mais si les infrastructures ont vieilli, le parcours dessin\u00e9 par l\u2019architecte anglais Michael Fenn, avec son iconique trou n\u00b0 4 et son d\u00e9part en surplomb et vue panoramique sur les monts d\u2019Arr\u00e9e, reste un must dans la r\u00e9gion.<\/p>\n<p>Pratique<\/p>\n<p class=\"note\">Championnat de France 4e division par \u00e9quipes zone ouest, de jeudi \u00e0 dimanche au golf de Brest Iroise, \u00e0 Saint-Urbain.<\/p>\n","protected":false},"excerpt":{"rendered":"Dans l\u2019espace de verdure de Lann Rohou, les landes de pierre, les sifflements per\u00e7ants de premi\u00e8res balles d\u00e9chirent&hellip;\n","protected":false},"author":2,"featured_media":118921,"comment_status":"","ping_status":"","sticky":false,"template":"","format":"standard","meta":{"footnotes":""},"categories":[1418],"tags":[3450,1011,27,1472,9815,20537,60],"class_list":{"0":"post-118920","1":"post","2":"type-post","3":"status-publish","4":"format-standard","5":"has-post-thumbnail","7":"category-golf","8":"tag-brest","9":"tag-fr","10":"tag-france","11":"tag-golf","12":"tag-landerneau","13":"tag-saint-urbain","14":"tag-sports"},"share_on_mastodon":{"url":"https:\/\/pubeurope.com\/@fr\/114550430981380757","error":""},"_links":{"self":[{"href":"https:\/\/www.europesays.com\/fr\/wp-json\/wp\/v2\/posts\/118920","targetHints":{"allow":["GET"]}}],"collection":[{"href":"https:\/\/www.europesays.com\/fr\/wp-json\/wp\/v2\/posts"}],"about":[{"href":"https:\/\/www.europesays.com\/fr\/wp-json\/wp\/v2\/types\/post"}],"author":[{"embeddable":true,"href":"https:\/\/www.europesays.com\/fr\/wp-json\/wp\/v2\/users\/2"}],"replies":[{"embeddable":true,"href":"https:\/\/www.europesays.com\/fr\/wp-json\/wp\/v2\/comments?post=118920"}],"version-history":[{"count":0,"href":"https:\/\/www.europesays.com\/fr\/wp-json\/wp\/v2\/posts\/118920\/revisions"}],"wp:featuredmedia":[{"embeddable":true,"href":"https:\/\/www.europesays.com\/fr\/wp-json\/wp\/v2\/media\/118921"}],"wp:attachment":[{"href":"https:\/\/www.europesays.com\/fr\/wp-json\/wp\/v2\/media?parent=118920"}],"wp:term":[{"taxonomy":"category","embeddable":true,"href":"https:\/\/www.europesays.com\/fr\/wp-json\/wp\/v2\/categories?post=118920"},{"taxonomy":"post_tag","embeddable":true,"href":"https:\/\/www.europesays.com\/fr\/wp-json\/wp\/v2\/tags?post=118920"}],"curies":[{"name":"wp","href":"https:\/\/api.w.org\/{rel}","templated":true}]}}