{"id":118926,"date":"2025-05-22T08:04:08","date_gmt":"2025-05-22T08:04:08","guid":{"rendered":"https:\/\/www.europesays.com\/fr\/118926\/"},"modified":"2025-05-22T08:04:08","modified_gmt":"2025-05-22T08:04:08","slug":"motogp-excellente-nouvelle-avant-silverstone-quartararo-sort-du-positif-du-test-de-misano","status":"publish","type":"post","link":"https:\/\/www.europesays.com\/fr\/118926\/","title":{"rendered":"MotoGP Excellente nouvelle avant Silverstone, Quartararo sort du positif du test de Misano !"},"content":{"rendered":"<p>Alors que nous allons entrer, d\u2019ici quelques heures, de plein pied dans le Grand-Prix de Grande Bretagne de MotoGP, Fabio Quartararo tire beaucoup de positif du dernier test en date. En effet, Yamaha a effectu\u00e9 des essais sur le circuit de Misano, il y a peu. Et si la premi\u00e8re journ\u00e9e aura \u00e9t\u00e9 g\u00e2ch\u00e9e par la pluie, la deuxi\u00e8me aura visiblement apport\u00e9 son lot d\u2019\u00e9l\u00e9ments encourageants. De quoi rendre le pilote tricolore particuli\u00e8rement heureux, en amont de l\u2019\u00e9preuve de Silvestone.<\/p>\n<p>MotoGP : Misano va-t-il d\u00e9j\u00e0 porter ses fruits, en Grande Bretagne pour Yamaha ?<\/p>\n<p>A Misano, le Team Yamaha a donc eu la possibilit\u00e9 d\u2019effectuer des essais pneus, pour Michelin mais \u00e9galement, d\u2019\u00e9valuer de nouveaux r\u00e9glages de ch\u00e2ssis, de commande \u00e9lectrique ou encore, en termes d\u2019a\u00e9rodynamique. Ainsi, le circuit de Silverstone devrait permettre de valider certaines choses, notamment dans la partie moins rapide de la piste anglaise.<\/p>\n<p>\u00ab Nous avons effectu\u00e9 des travaux suppl\u00e9mentaires entre le Grand Prix de France et le prochain Grand Prix de Grande-Bretagne\u201c, confirmait Massimo Meregalli, apr\u00e8s les essais de Misano. \u201cLes conditions de piste n\u2019\u00e9taient pas optimales le premier jour de nos essais priv\u00e9s \u00e0 Misano, car il pleuvait. Mais le deuxi\u00e8me jour, nous avons eu plus de chance. Nous avons donc effectu\u00e9 des essais suppl\u00e9mentaires et en avons tir\u00e9 de bonnes informations. Nous avons principalement test\u00e9 des r\u00e9glages de ch\u00e2ssis, des r\u00e9glages de commande \u00e9lectrique et des r\u00e9glages a\u00e9rodynamiques. <\/p>\n<p>\u201cNous avons \u00e9galement effectu\u00e9 des essais pour Michelin. Maintenant, en arrivant \u00e0 Silverstone, nous sommes curieux de voir ce que nous pouvons accomplir. C\u2019est un circuit rapide, et certains secteurs sont bons pour notre moto. Il est toujours difficile de pr\u00e9dire le d\u00e9roulement d\u2019un week-end de Grand Prix, mais une chose est s\u00fbre : nous allons tout donner pour maintenir notre trajectoire positive. \u00bb, conclut l\u2019Italien, d\u00e9sireux de continuer sur la belle lanc\u00e9e de Jerez et du Mans, o\u00f9 Fabio avait d\u00e9croch\u00e9 la pole position.<\/p>\n<blockquote class=\"twitter-tweet\">\n<p dir=\"ltr\" lang=\"en\">Monster Energy Yamaha MotoGP Excited to Start Round 7 in Silverstone<\/p>\n<p>\ud83d\udcf0 <a href=\"https:\/\/t.co\/kydIJipFx5\" target=\"_blank\">https:\/\/t.co\/kydIJipFx5<\/a><a href=\"https:\/\/twitter.com\/hashtag\/MonsterYamaha?src=hash&amp;ref_src=twsrc%5Etfw\" target=\"_blank\" rel=\"noopener\">#MonsterYamaha<\/a> | <a href=\"https:\/\/twitter.com\/hashtag\/YamahaMotoGP?src=hash&amp;ref_src=twsrc%5Etfw\" target=\"_blank\" rel=\"noopener\">#YamahaMotoGP<\/a> | <a href=\"https:\/\/twitter.com\/hashtag\/YamahaFactoryRacing?src=hash&amp;ref_src=twsrc%5Etfw\" target=\"_blank\" rel=\"noopener\">#YamahaFactoryRacing<\/a> | <a href=\"https:\/\/twitter.com\/hashtag\/MotoGP?src=hash&amp;ref_src=twsrc%5Etfw\" target=\"_blank\" rel=\"noopener\">#MotoGP<\/a> | <a href=\"https:\/\/twitter.com\/hashtag\/BritishGP?src=hash&amp;ref_src=twsrc%5Etfw\" target=\"_blank\" rel=\"noopener\">#BritishGP<\/a> <a href=\"https:\/\/t.co\/2C7OE9GYj5\" target=\"_blank\">pic.twitter.com\/2C7OE9GYj5<\/a><\/p>\n<p>\u2014 Monster Energy Yamaha MotoGP (@YamahaMotoGP) <a href=\"https:\/\/twitter.com\/YamahaMotoGP\/status\/1925157028239900852?ref_src=twsrc%5Etfw\" target=\"_blank\" rel=\"noopener\">May 21, 2025<\/a><\/p>\n<\/blockquote>\n<p>Reste maintenant \u00e0 confirmer, en course, avec cette victoire qui semble se rapprocher de plus en plus du tricolore. \u00ab Les essais priv\u00e9s de Misano ont d\u00e9marr\u00e9 lentement \u00e0 cause de la pluie le premier jour\u201c, ajoute le num\u00e9ro 20 de chez Yamaha. \u201cNous avions \u00e9galement manqu\u00e9 de chance lors de ces essais l\u2019ann\u00e9e derni\u00e8re, mais heureusement, cette fois-ci, le deuxi\u00e8me jour, nous avons fait beaucoup mieux et je me sentais bien. Je prends du plaisir \u00e0 piloter la moto ces derniers temps, ce qui fait toute la diff\u00e9rence. J\u2019ai vraiment h\u00e2te d\u2019\u00eatre \u00e0 Silverstone, o\u00f9 nous allons \u00e0 nouveau tout donner. Voyons si nous pouvons nous battre \u00e0 nouveau aux avant-postes. \u00bb, d\u00e9clare Fabio Quartararo, logiquement attendu tout en haut de l\u2019affiche, ce week-end en Grande Bretagne. A condition que la m\u00e9t\u00e9o soit cl\u00e9mente, chose loin d\u2019\u00eatre garantie, pour le moment\u2026<\/p>\n<p>Pour Alex Rins en revanche, les objectifs seront plus modestes. \u00ab Apr\u00e8s le week-end du Mans, nous avons eu une journ\u00e9e et demie d\u2019essais priv\u00e9s \u00e0 Misano\u201d, rappelle \u00e0 son tour le pilote Espagnol. \u00c0 cause de la pluie, nous avons perdu un peu de temps, mais nous avons quand m\u00eame pu tester ce que nous \u00e9tions venus chercher. \u00c0 la fin de la deuxi\u00e8me journ\u00e9e, j\u2019\u00e9tais plut\u00f4t satisfait de mes sensations sur la moto. Nous sommes maintenant au Royaume-Uni pour le week-end de course \u00e0 Silverstone, un circuit tr\u00e8s rapide et assez technique. J\u2019aime ce circuit, alors j\u2019esp\u00e8re un autre bon week-end \u00e0 partir de vendredi. \u00bb, d\u00e9clare Alex Rins.<\/p>\n<p>Un mot, \u00e9galement, du Team Pramac, pass\u00e9 \u00e0 c\u00f4t\u00e9 d\u2019un double-r\u00e9sultat int\u00e9ressant en France. En cas de pluie, les deux pilotes auront donc \u00e0 coeur de se racheter, suivant leurs chutes. Et en particulier Jack Miller, qui aurait pu s\u2019imposer au Mans.<\/p>\n<p>\u201cJe me rends \u00e0 Silverstone avec l\u2019envie de rebondir apr\u00e8s avoir manqu\u00e9 une belle opportunit\u00e9 en France\u201c, confirme d\u2019ailleurs l\u2019Australien, qui n\u2019a toujours dig\u00e9r\u00e9 cette occasion manqu\u00e9e. Les jours qui ont suivi n\u2019ont pas \u00e9t\u00e9 faciles, bien s\u00fbr, mais c\u2019est la nature de la course, et maintenant je me concentre enti\u00e8rement sur le GP de Grande-Bretagne. Je suis convaincu que, malgr\u00e9 une m\u00e9t\u00e9o toujours impr\u00e9visible, nous pourrons \u00e0 nouveau d\u00e9montrer la comp\u00e9titivit\u00e9 croissante de Yamaha. Silverstone est un circuit que j\u2019appr\u00e9cie beaucoup, non seulement pour son trac\u00e9, mais aussi pour l\u2019ambiance particuli\u00e8re qui y r\u00e8gne. J\u2019ai h\u00e2te de reprendre la piste et de voir de quoi nous sommes capables\u201c, commente l\u2019int\u00e9ress\u00e9, qui sera \u00e0 surveiller tout au long du week-end.<\/p>\n<p>Article publi\u00e9 le 22\/05\/2025 \u00e0 06h20<\/p>\n<p>                                                            <script async src=\"https:\/\/platform.twitter.com\/widgets.js\" charset=\"utf-8\"><\/script><\/p>\n","protected":false},"excerpt":{"rendered":"Alors que nous allons entrer, d\u2019ici quelques heures, de plein pied dans le Grand-Prix de Grande Bretagne de&hellip;\n","protected":false},"author":2,"featured_media":118927,"comment_status":"","ping_status":"","sticky":false,"template":"","format":"standard","meta":{"footnotes":""},"categories":[1413],"tags":[1680,1011,27,1457,1456,1458,60,4921],"class_list":{"0":"post-118926","1":"post","2":"type-post","3":"status-publish","4":"format-standard","5":"has-post-thumbnail","7":"category-moto","8":"tag-fabio-quartararo","9":"tag-fr","10":"tag-france","11":"tag-moto","12":"tag-motocycle","13":"tag-motogp","14":"tag-sports","15":"tag-yamaha"},"share_on_mastodon":{"url":"https:\/\/pubeurope.com\/@fr\/114550450696019501","error":""},"_links":{"self":[{"href":"https:\/\/www.europesays.com\/fr\/wp-json\/wp\/v2\/posts\/118926","targetHints":{"allow":["GET"]}}],"collection":[{"href":"https:\/\/www.europesays.com\/fr\/wp-json\/wp\/v2\/posts"}],"about":[{"href":"https:\/\/www.europesays.com\/fr\/wp-json\/wp\/v2\/types\/post"}],"author":[{"embeddable":true,"href":"https:\/\/www.europesays.com\/fr\/wp-json\/wp\/v2\/users\/2"}],"replies":[{"embeddable":true,"href":"https:\/\/www.europesays.com\/fr\/wp-json\/wp\/v2\/comments?post=118926"}],"version-history":[{"count":0,"href":"https:\/\/www.europesays.com\/fr\/wp-json\/wp\/v2\/posts\/118926\/revisions"}],"wp:featuredmedia":[{"embeddable":true,"href":"https:\/\/www.europesays.com\/fr\/wp-json\/wp\/v2\/media\/118927"}],"wp:attachment":[{"href":"https:\/\/www.europesays.com\/fr\/wp-json\/wp\/v2\/media?parent=118926"}],"wp:term":[{"taxonomy":"category","embeddable":true,"href":"https:\/\/www.europesays.com\/fr\/wp-json\/wp\/v2\/categories?post=118926"},{"taxonomy":"post_tag","embeddable":true,"href":"https:\/\/www.europesays.com\/fr\/wp-json\/wp\/v2\/tags?post=118926"}],"curies":[{"name":"wp","href":"https:\/\/api.w.org\/{rel}","templated":true}]}}