{"id":118934,"date":"2025-05-22T08:08:11","date_gmt":"2025-05-22T08:08:11","guid":{"rendered":"https:\/\/www.europesays.com\/fr\/118934\/"},"modified":"2025-05-22T08:08:11","modified_gmt":"2025-05-22T08:08:11","slug":"aux-etats-unis-on-na-pas-la-liberte-de-faire-des-films-comme-vie-privee-tout-doit-rentrer-dans-une-case-liberation","status":"publish","type":"post","link":"https:\/\/www.europesays.com\/fr\/118934\/","title":{"rendered":"\u00abAux Etats-Unis, on n\u2019a pas la libert\u00e9 de faire des films comme \u201cVie priv\u00e9e\u201d, tout doit rentrer dans une case\u00bb \u2013 Lib\u00e9ration"},"content":{"rendered":"<p class=\"sc-ksZaOG ehjQrN text-element\">L\u2019eau a coul\u00e9 sous les ponts depuis que Jodie Foster se d\u00e9sistait de la pr\u00e9sidence du jury du Festival de Cannes en 2001 la veille de l\u2019ouverture, pour rejoindre au pied lev\u00e9 le tournage de Panic Room de David Fincher. De nouveau la bienvenue sur la Croisette apr\u00e8s une p\u00e9riode de froid d\u00e9j\u00e0 oubli\u00e9e, l\u2019actrice aura m\u00eame eu sa palme d\u2019honneur pour l\u2019ensemble de sa carri\u00e8re en 2021, soit quatre ans avant celle de Robert De Niro au c\u00f4t\u00e9 de qui on la d\u00e9couvrait enfant dans Taxi Driver.<\/p>\n<p class=\"sc-ksZaOG ehjQrN text-element\">Dans Vie priv\u00e9e de Rebecca Zlotowski (hors comp\u00e9tition), elle campe une psychiatre en armure de glace, imperturbablement rationnelle et soudain \u00e9branl\u00e9e par le suicide d\u2019une de ses patientes, jusqu\u2019\u00e0 partir chercher des r\u00e9ponses dans ses vies ant\u00e9rieures. Des vies ant\u00e9rieures, on en conna\u00eet beaucoup \u00e0 l\u2019actrice de 62 ans oscaris\u00e9e (les Accus\u00e9s, le Silence des agneaux), figure majuscule du cin\u00e9ma am\u00e9ricain et d\u00e9sormais comme chez elle dans le cin\u00e9ma europ\u00e9en. Rencontre franche et chaleureuse sur une terrasse cannoise, o\u00f9 elle \u00e9voque avec nous son premier grand r\u00f4le en fran\u00e7ais.<\/p>\n<p class=\"sc-ksZaOG ehjQrN text-element\"><b>Comment Rebecca Zlotowski vous a pr\u00e9sent\u00e9 le film, et qu\u2019est-ce qui a fait clic ?<\/b><\/p>\n<p class=\"sc-ksZaOG ehjQrN text-element\">Le sc\u00e9nario. Quel que soit le r\u00f4le, je m\u2019assure de lire uniquement le sc\u00e9nario, et n\u2019ai pas envie de rencontrer qui que ce soit. Peu importe qui r\u00e9alise.<\/p>\n<p class=\"sc-ksZaOG ehjQrN text-element\"><b>Pardon, m\u00eame les superstars ?<\/b><\/p>\n<p class=\"sc-ksZaOG ehjQrN text-element\">M\u00eame les superstars. L\u00e0, c\u2019\u00e9tait tellement bien \u00e9crit, j\u2019\u00e9tais intrigu\u00e9e par le m\u00e9lange des genres, il y avait l\u2019enqu\u00eate, la c<\/p>\n","protected":false},"excerpt":{"rendered":"L\u2019eau a coul\u00e9 sous les ponts depuis que Jodie Foster se d\u00e9sistait de la pr\u00e9sidence du jury du&hellip;\n","protected":false},"author":2,"featured_media":118935,"comment_status":"","ping_status":"","sticky":false,"template":"","format":"standard","meta":{"footnotes":""},"categories":[1359],"tags":[58,59,5634,1011,27,973],"class_list":{"0":"post-118934","1":"post","2":"type-post","3":"status-publish","4":"format-standard","5":"has-post-thumbnail","7":"category-people","8":"tag-divertissement","9":"tag-entertainment","10":"tag-festival-de-cannes","11":"tag-fr","12":"tag-france","13":"tag-people"},"share_on_mastodon":{"url":"https:\/\/pubeurope.com\/@fr\/114550466367607637","error":""},"_links":{"self":[{"href":"https:\/\/www.europesays.com\/fr\/wp-json\/wp\/v2\/posts\/118934","targetHints":{"allow":["GET"]}}],"collection":[{"href":"https:\/\/www.europesays.com\/fr\/wp-json\/wp\/v2\/posts"}],"about":[{"href":"https:\/\/www.europesays.com\/fr\/wp-json\/wp\/v2\/types\/post"}],"author":[{"embeddable":true,"href":"https:\/\/www.europesays.com\/fr\/wp-json\/wp\/v2\/users\/2"}],"replies":[{"embeddable":true,"href":"https:\/\/www.europesays.com\/fr\/wp-json\/wp\/v2\/comments?post=118934"}],"version-history":[{"count":0,"href":"https:\/\/www.europesays.com\/fr\/wp-json\/wp\/v2\/posts\/118934\/revisions"}],"wp:featuredmedia":[{"embeddable":true,"href":"https:\/\/www.europesays.com\/fr\/wp-json\/wp\/v2\/media\/118935"}],"wp:attachment":[{"href":"https:\/\/www.europesays.com\/fr\/wp-json\/wp\/v2\/media?parent=118934"}],"wp:term":[{"taxonomy":"category","embeddable":true,"href":"https:\/\/www.europesays.com\/fr\/wp-json\/wp\/v2\/categories?post=118934"},{"taxonomy":"post_tag","embeddable":true,"href":"https:\/\/www.europesays.com\/fr\/wp-json\/wp\/v2\/tags?post=118934"}],"curies":[{"name":"wp","href":"https:\/\/api.w.org\/{rel}","templated":true}]}}