{"id":118936,"date":"2025-05-22T08:09:08","date_gmt":"2025-05-22T08:09:08","guid":{"rendered":"https:\/\/www.europesays.com\/fr\/118936\/"},"modified":"2025-05-22T08:09:08","modified_gmt":"2025-05-22T08:09:08","slug":"architecture-durable-les-21-batiments-les-plus-respectueux-de-la-planete","status":"publish","type":"post","link":"https:\/\/www.europesays.com\/fr\/118936\/","title":{"rendered":"Architecture durable : les 21 b\u00e2timents les plus respectueux de la plan\u00e8te"},"content":{"rendered":"<p>L&rsquo;usine de meubles en forme de croix du Bjarke Ingels Group pour Vestre fonctionne au-del\u00e0 de la neutralit\u00e9 carbone, inversant activement les dommages \u00e9cologiques. La conception cruciforme distinctive optimise le flux de production tout en r\u00e9duisant les distances de transport interne de 50 %. Un toit photovolta\u00efque de 1 200 m\u00b2 alimente les op\u00e9rations, tandis qu&rsquo;une for\u00eat de pins de 300 ans absorbe les \u00e9missions de carbone et qu&rsquo;un toit vert accessible g\u00e8re les eaux de ruissellement, invitant les visiteurs \u00e0 d\u00e9couvrir de pr\u00e8s la fabrication durable.<\/p>\n<p><strong>L&rsquo;\u00c9chapp\u00e9e, La Chapelle-des-Fougeretz<\/strong><\/p>\n<p>Salem Mostefaoui<\/p>\n<p>La biblioth\u00e8que en bois de l&rsquo;Atelier WOA \u00e9merge du paysage fran\u00e7ais comme une m\u00e9ditation sur la durabilit\u00e9 inspir\u00e9e par l&rsquo;origami. Sa structure pr\u00e9fabriqu\u00e9e en CLT a permis de r\u00e9duire les d\u00e9chets de construction de 60 %, tandis que son toit pli\u00e9 caract\u00e9ristique recueille l&rsquo;eau de pluie pour les jardins environnants. La ventilation naturelle crois\u00e9e et les fen\u00eatres \u00e0 triple vitrage orient\u00e9es vers le sud cr\u00e9ent un syst\u00e8me \u00e9nerg\u00e9tique passif qui r\u00e9duit les \u00e9missions li\u00e9es \u00e0 l&rsquo;exploitation.<\/p>\n<p><strong>L&rsquo;a\u00e9roport international de Kempegowda, Karnataka<\/strong><\/p>\n<p>Photo: Ar. Ekansh Goel<\/p>\n<p>Le dernier mais non le moindre de ce tour d&rsquo;horizon des plus beaux b\u00e2timents durables est l&rsquo;a\u00e9roport international de Kempegowda. R\u00e9interpr\u00e9tant la typologie traditionnelle des jardins de Bangalore pour le XXIe si\u00e8cle, ce terminal cr\u00e9e une merveille microclimatique. Son atrium-jardin central, compos\u00e9 d&rsquo;esp\u00e8ces v\u00e9g\u00e9tales locales et situ\u00e9 sous une vaste toiture, capte 85 % des pr\u00e9cipitations gr\u00e2ce \u00e0 un syst\u00e8me sophistiqu\u00e9 de bassins de r\u00e9tention. Cette approche biophilique permet de maintenir des temp\u00e9ratures int\u00e9rieures confortables sans refroidissement m\u00e9canique, bien que le terminal accueille plus de 33 millions de passagers par an.<\/p>\n","protected":false},"excerpt":{"rendered":"L&rsquo;usine de meubles en forme de croix du Bjarke Ingels Group pour Vestre fonctionne au-del\u00e0 de la neutralit\u00e9&hellip;\n","protected":false},"author":2,"featured_media":118937,"comment_status":"","ping_status":"","sticky":false,"template":"","format":"standard","meta":{"footnotes":""},"categories":[1358],"tags":[19757,19035,1348,1384,1385,1386,58,59,1011,27,10057],"class_list":{"0":"post-118936","1":"post","2":"type-post","3":"status-publish","4":"format-standard","5":"has-post-thumbnail","7":"category-arts-et-design","8":"tag-architecture-durable","9":"tag-architecture-spectaculaire","10":"tag-arts","11":"tag-arts-and-design","12":"tag-arts-et-design","13":"tag-design","14":"tag-divertissement","15":"tag-entertainment","16":"tag-fr","17":"tag-france","18":"tag-lieux-spectaculaires"},"share_on_mastodon":{"url":"https:\/\/pubeurope.com\/@fr\/114550470348069093","error":""},"_links":{"self":[{"href":"https:\/\/www.europesays.com\/fr\/wp-json\/wp\/v2\/posts\/118936","targetHints":{"allow":["GET"]}}],"collection":[{"href":"https:\/\/www.europesays.com\/fr\/wp-json\/wp\/v2\/posts"}],"about":[{"href":"https:\/\/www.europesays.com\/fr\/wp-json\/wp\/v2\/types\/post"}],"author":[{"embeddable":true,"href":"https:\/\/www.europesays.com\/fr\/wp-json\/wp\/v2\/users\/2"}],"replies":[{"embeddable":true,"href":"https:\/\/www.europesays.com\/fr\/wp-json\/wp\/v2\/comments?post=118936"}],"version-history":[{"count":0,"href":"https:\/\/www.europesays.com\/fr\/wp-json\/wp\/v2\/posts\/118936\/revisions"}],"wp:featuredmedia":[{"embeddable":true,"href":"https:\/\/www.europesays.com\/fr\/wp-json\/wp\/v2\/media\/118937"}],"wp:attachment":[{"href":"https:\/\/www.europesays.com\/fr\/wp-json\/wp\/v2\/media?parent=118936"}],"wp:term":[{"taxonomy":"category","embeddable":true,"href":"https:\/\/www.europesays.com\/fr\/wp-json\/wp\/v2\/categories?post=118936"},{"taxonomy":"post_tag","embeddable":true,"href":"https:\/\/www.europesays.com\/fr\/wp-json\/wp\/v2\/tags?post=118936"}],"curies":[{"name":"wp","href":"https:\/\/api.w.org\/{rel}","templated":true}]}}