{"id":118950,"date":"2025-05-22T08:16:09","date_gmt":"2025-05-22T08:16:09","guid":{"rendered":"https:\/\/www.europesays.com\/fr\/118950\/"},"modified":"2025-05-22T08:16:09","modified_gmt":"2025-05-22T08:16:09","slug":"en-plein-debat-sur-les-freres-musulmans-cette-cadre-renaissance-voit-de-lentrisme-chez-lena-situations","status":"publish","type":"post","link":"https:\/\/www.europesays.com\/fr\/118950\/","title":{"rendered":"En plein d\u00e9bat sur les Fr\u00e8res musulmans, cette cadre Renaissance voit de \u00ab\u00a0l\u2019entrisme\u00a0\u00bb chez L\u00e9na Situations"},"content":{"rendered":"<p>        <img decoding=\"async\" loading=\"lazy\" src=\"https:\/\/www.europesays.com\/fr\/wp-content\/uploads\/2025\/05\/0abc631_sirius-fs-upload-1-z0goa5kqquxj-1747898820937-000-47lp9np.jpg\"  width=\"728\" height=\"409\" alt=\"L\u00e9na Mahfouf (L\u00e9na Situations) sur le tapis rouge du festival de Cannes mercredi 21\u00a0mai \"\/>  <\/p>\n<p>SAMEER AL-DOUMY \/ AFP<\/p>\n<p>L\u00e9na Mahfouf (L\u00e9na Situations) sur le tapis rouge du festival de Cannes mercredi 21\u00a0mai <\/p>\n<p class=\"asset asset-text\">POLITIQUE &#8211; L\u00e9na Situations n\u2019est pas n\u2019importe qui. Influenseuse aux quatre millions d\u2019abonn\u00e9s sur<a href=\"https:\/\/www.huffingtonpost.fr\/culture\/article\/au-met-gala-2022-lena-situations-a-bluffe-tout-le-monde_195388.html\" target=\"_blank\" rel=\"noopener\" title=\"Nouvelle fen\u00eatre\"> Instagram<\/a>, l\u2019entrepreneuse de 27\u00a0ans a r\u00e9cemment <a href=\"https:\/\/www.instagram.com\/p\/DIO2-3CMsLN\/?hl=fr\" target=\"_blank\" rel=\"noopener\" title=\"Nouvelle fen\u00eatre\">fait la couverture du magazine Forbes<\/a>, et compte parmi les c\u00e9l\u00e9brit\u00e9s qui ont leur double de cire au mus\u00e9e Gr\u00e9vin.<\/p>\n<p class=\"asset asset-text\">Soit, effectivement, le genre de profil que l\u2019on croise sur la croisette \u00e0 l\u2019occasion du <a href=\"https:\/\/www.huffingtonpost.fr\/culture\/article\/au-festival-de-cannes-nabilla-trouve-une-robe-pour-monter-les-marches-et-nous-voila-rassures_250358.html\" target=\"_blank\" rel=\"noopener\">Festival de Cannes<\/a>. Deborah Abisror-De Liem est, en revanche, beaucoup moins connue.<\/p>\n<p class=\"asset asset-text\">Exer\u00e7ant en politique, elle occupe le poste strat\u00e9gique de Secr\u00e9taire g\u00e9n\u00e9rale du groupe Ensemble pour la R\u00e9publique \u00e0 l\u2019Assembl\u00e9e nationale et si\u00e8ge au bureau ex\u00e9cutif de Renaissance. La macroniste avait aussi \u00e9t\u00e9 investie candidate aux l\u00e9gislatives en 2022, dans la 8e\u00a0circonscription des Fran\u00e7ais de l\u2019\u00e9tranger, couvrant notamment Isra\u00ebl. Le rapport entre ces deux personnalit\u00e9s\u00a0? A priori aucun.<\/p>\n<p>    \u00ab\u00a0Entrisme\u00a0\u00bb et \u00ab\u00a0infiltration\u00a0\u00bb    <\/p>\n<p class=\"asset asset-text\">Pourtant, ce mercredi 21\u00a0mai, la seconde va impliquer la premi\u00e8re dans le d\u00e9bat public. En cause, la tenue vestimentaire port\u00e9e par celle qui r\u00e9pond au nom de L\u00e9na Mahfouf. En pleine fi\u00e8vre m\u00e9diatique provoqu\u00e9e par le rapport sur les fr\u00e8res musulmans, poussant Gabriel Attal \u00e0 <a href=\"https:\/\/www.huffingtonpost.fr\/politique\/article\/le-port-du-voile-et-l-interdiction-proposee-par-gabriel-attal-symbole-de-la-lente-derive-du-macronisme_250324.html\" target=\"_blank\" rel=\"noopener\">poursuivre la lente d\u00e9rive macroniste sur le sujet<\/a>, Deborah Abisror-De Liem est cat\u00e9gorique\u00a0: la tenue port\u00e9e par la jeune femme est une d\u00e9monstration de \u00ab\u00a0l\u2019entrisme\u00a0\u00bb de l\u2019organisation islamiste.<\/p>\n<p class=\"asset asset-text\">\u00ab\u00a0L\u2019entrisme passe d\u2019abord par les codes vestimentaires, c\u2019est pourquoi l\u2019imposer \u00e0 des fillettes, c\u2019est le fondement d\u2019infiltration de nos soci\u00e9t\u00e9s. Nos m\u00e8res se sont battues pour que nos jupes puissent \u00eatre courtes\u00a0\u00bb, a-t-elle \u00e9crit sur le r\u00e9seau social X, en joignant deux photos \u00e0 son message\u00a0: une datant de 2024\u00a0sur laquelle L\u00e9na Situations porte une robe fendue aux \u00e9paules d\u00e9gag\u00e9es, et une prise ce mardi 20\u00a0mai sur laquelle la m\u00eame arbore une robe longue et couvrante, assortie \u00e0 un couvre-chef blanc (manifestement trop proche du voile islamique pour Deborah Abisror-De Liem).<\/p>\n<p> La lecture de ce contenu est susceptible d\u2019entra\u00eener un d\u00e9p\u00f4t de cookies de la part de l\u2019op\u00e9rateur tiers qui l\u2019h\u00e9berge. Compte-tenu des choix que vous avez exprim\u00e9s en mati\u00e8re de d\u00e9p\u00f4t de cookies, nous avons bloqu\u00e9 l\u2019affichage de ce contenu. Si vous souhaitez y acc\u00e9der, vous devez accepter la cat\u00e9gorie de cookies \u201cContenus tiers\u201d en cliquant sur le bouton ci-dessous. <\/p>\n<p> Lire la Vid\u00e9o        <\/p>\n<p class=\"asset asset-text\">Alors, L\u00e9na Situations est-elle subitement devenue le porte-\u00e9tendard glamour des Fr\u00e8res musulmans cherchant \u00e0 islamiser la soci\u00e9t\u00e9\u00a0? Pas du tout. Car, comme l\u2019ont fait remarquer de nombreux internautes, la m\u00eame influenceuse \u2013 qui, rappelons-le, est libre de choisir les v\u00eatements qu\u2019elle souhaite porter \u2013 affichait mercredi soir un look bien plus l\u00e9ger, qui s\u2019accommode mal avec les standards de la charia, <strong>comme le montre la vid\u00e9o partag\u00e9e par ses soins ci-dessous\u00a0:<\/strong><\/p>\n<p> La lecture de ce contenu est susceptible d\u2019entra\u00eener un d\u00e9p\u00f4t de cookies de la part de l\u2019op\u00e9rateur tiers qui l\u2019h\u00e9berge. Compte-tenu des choix que vous avez exprim\u00e9s en mati\u00e8re de d\u00e9p\u00f4t de cookies, nous avons bloqu\u00e9 l\u2019affichage de ce contenu. Si vous souhaitez y acc\u00e9der, vous devez accepter la cat\u00e9gorie de cookies \u201cContenus tiers\u201d en cliquant sur le bouton ci-dessous. <\/p>\n<p> Lire la Vid\u00e9o        <\/p>\n<p class=\"asset asset-text\">Sans surprise, le message d\u00e9plac\u00e9 de la responsable Renaissance a provoqu\u00e9 une avalanche d\u2019indignations. Coordinateur national de la France insoumise, Manuel Bompard a fustig\u00e9 sur X \u00ab\u00a0l\u2019obsession maladive\u00a0\u00bb de Deborah Abisror-De Liem \u00e0 l\u2019\u00e9gard de l\u2019islam. Une formule \u00e9galement <a href=\"https:\/\/x.com\/ncadene\/status\/1925316822598836530\" target=\"_blank\" rel=\"noopener\" title=\"Nouvelle fen\u00eatre\">utilis\u00e9e<\/a> par l\u2019ex-rapporteur g\u00e9n\u00e9ral de la la\u00efcit\u00e9 (et ancien candidat \u00e9cologiste) Nicolas Cad\u00e8ne.<\/p>\n<p class=\"asset asset-text\">Navrante, l\u2019interpellation (un brin complotiste) de la secr\u00e9taire g\u00e9n\u00e9rale du groupe EPR \u00e0 l\u2019Assembl\u00e9e, aura eu le m\u00e9rite de d\u00e9montrer les fantasmes qui accompagnent la publication du rapport sur les Fr\u00e8res musulmans, participant \u00e0 l\u2019hyst\u00e9risation du d\u00e9bat public sur le sujet. D\u2019autant que ce document, que le chef de l\u2019\u00c9tat souhaite mettre en ligne sous peu, pr\u00e9conise des \u00ab\u00a0signaux forts\u00a0\u00bb pour contrer \u00ab\u00a0le grand r\u00e9cit que proposent les islamistes\u00a0\u00bb et susciter \u00ab\u00a0l\u2019adh\u00e9sion de la population dans son ensemble et des Fran\u00e7ais de confession ou de culture musulmane en particulier\u00a0\u00bb.<\/p>\n<p class=\"asset asset-text\">Ce qui pourrait passer, selon les auteurs du rapport, par la reconnaissance par la France de l\u2019\u00c9tat palestinien ou par le d\u00e9veloppement de l\u2019apprentissage de l\u2019arabe \u00e0 l\u2019\u00e9cole. En revanche, la police du v\u00eatement sur les tapis rouges du festival de Cannes ne figure pas dans les recommandations.<\/p>\n<p class=\"asset asset-text\"><strong>\u00c0 voir \u00e9galement sur Le HuffPost\u00a0:<\/strong><\/p>\n<p> La lecture de ce contenu est susceptible d\u2019entra\u00eener un d\u00e9p\u00f4t de cookies de la part de l\u2019op\u00e9rateur tiers qui l\u2019h\u00e9berge. Compte-tenu des choix que vous avez exprim\u00e9s en mati\u00e8re de d\u00e9p\u00f4t de cookies, nous avons bloqu\u00e9 l\u2019affichage de ce contenu. Si vous souhaitez y acc\u00e9der, vous devez accepter la cat\u00e9gorie de cookies \u201cContenus tiers\u201d en cliquant sur le bouton ci-dessous. <\/p>\n<p> Lire la Vid\u00e9o                    <script async src=\"\/\/www.instagram.com\/embed.js\"><\/script><\/p>\n","protected":false},"excerpt":{"rendered":"SAMEER AL-DOUMY \/ AFP L\u00e9na Mahfouf (L\u00e9na Situations) sur le tapis rouge du festival de Cannes mercredi 21\u00a0mai&hellip;\n","protected":false},"author":2,"featured_media":118951,"comment_status":"","ping_status":"","sticky":false,"template":"","format":"standard","meta":{"footnotes":""},"categories":[8],"tags":[58,59,5634,1011,27,5318,973,316,3370],"class_list":{"0":"post-118950","1":"post","2":"type-post","3":"status-publish","4":"format-standard","5":"has-post-thumbnail","7":"category-divertissement","8":"tag-divertissement","9":"tag-entertainment","10":"tag-festival-de-cannes","11":"tag-fr","12":"tag-france","13":"tag-islam","14":"tag-people","15":"tag-politique","16":"tag-renaissance"},"share_on_mastodon":{"url":"https:\/\/pubeurope.com\/@fr\/114550497874684951","error":""},"_links":{"self":[{"href":"https:\/\/www.europesays.com\/fr\/wp-json\/wp\/v2\/posts\/118950","targetHints":{"allow":["GET"]}}],"collection":[{"href":"https:\/\/www.europesays.com\/fr\/wp-json\/wp\/v2\/posts"}],"about":[{"href":"https:\/\/www.europesays.com\/fr\/wp-json\/wp\/v2\/types\/post"}],"author":[{"embeddable":true,"href":"https:\/\/www.europesays.com\/fr\/wp-json\/wp\/v2\/users\/2"}],"replies":[{"embeddable":true,"href":"https:\/\/www.europesays.com\/fr\/wp-json\/wp\/v2\/comments?post=118950"}],"version-history":[{"count":0,"href":"https:\/\/www.europesays.com\/fr\/wp-json\/wp\/v2\/posts\/118950\/revisions"}],"wp:featuredmedia":[{"embeddable":true,"href":"https:\/\/www.europesays.com\/fr\/wp-json\/wp\/v2\/media\/118951"}],"wp:attachment":[{"href":"https:\/\/www.europesays.com\/fr\/wp-json\/wp\/v2\/media?parent=118950"}],"wp:term":[{"taxonomy":"category","embeddable":true,"href":"https:\/\/www.europesays.com\/fr\/wp-json\/wp\/v2\/categories?post=118950"},{"taxonomy":"post_tag","embeddable":true,"href":"https:\/\/www.europesays.com\/fr\/wp-json\/wp\/v2\/tags?post=118950"}],"curies":[{"name":"wp","href":"https:\/\/api.w.org\/{rel}","templated":true}]}}