{"id":118956,"date":"2025-05-22T08:19:17","date_gmt":"2025-05-22T08:19:17","guid":{"rendered":"https:\/\/www.europesays.com\/fr\/118956\/"},"modified":"2025-05-22T08:19:17","modified_gmt":"2025-05-22T08:19:17","slug":"washington-accepte-un-avion-a-400-000-millions-de-dollars-du-qatar-pour-lusage-de-donald-trump","status":"publish","type":"post","link":"https:\/\/www.europesays.com\/fr\/118956\/","title":{"rendered":"Washington accepte un avion \u00e0 400 000 millions de dollars du Qatar pour l&rsquo;usage de Donald Trump"},"content":{"rendered":"<p><img decoding=\"async\" class=\"c-ad__placeholder__logo\" src=\"https:\/\/www.europesays.com\/fr\/wp-content\/uploads\/2025\/03\/logo-euronews-grey-6-180x22.svg.svg+xml\" width=\"180\" height=\"22\" alt=\"\" loading=\"lazy\"\/>PUBLICIT\u00c9<\/p>\n<p>Le secr\u00e9taire am\u00e9ricain \u00e0 la D\u00e9fense, Pete Hegseth, a accept\u00e9 mercredi un Boeing 747 offert par le Qatar que Donald Trump envisage d&rsquo;utiliser en tant qu&rsquo;avion pr\u00e9sidentiel Air Force One.<\/p>\n<p>Le porte-parole du Pentagone, Sean Parnell, a d\u00e9clar\u00e9 que le minist\u00e8re \u00ab\u00a0veillera \u00e0 ce que des mesures de s\u00e9curit\u00e9 appropri\u00e9es soient prises\u00a0\u00bb sur l&rsquo;avion afin qu&rsquo;il puisse \u00eatre utilis\u00e9 en toute s\u00e9curit\u00e9 par le pr\u00e9sident am\u00e9ricain.<\/p>\n<p>Il affirme que l&rsquo;avion a \u00e9t\u00e9 accept\u00e9 \u00ab\u00a0conform\u00e9ment \u00e0 toutes les r\u00e8gles et r\u00e9glementations f\u00e9d\u00e9rales\u00a0\u00bb, bien que la Constitution am\u00e9ricaine interdise express\u00e9ment \u00e0 toute personne occupant une haute fonction \u00ab\u00a0d&rsquo;accepter un cadeau [&#8230;] de quelque nature qu&rsquo;il soit de la part d&rsquo;un roi, d&rsquo;un prince ou d&rsquo;un \u00c9tat \u00e9tranger\u00a0\u00bb sans l&rsquo;accord du Congr\u00e8s.<\/p>\n<p>Pour Donald Trump, ce cadeau du Qatar n&rsquo;est pas un pot-de-vin<\/p>\n<p>Interrog\u00e9 sur la question par des journalistes dans le Bureau ovale, Donald Trump s&rsquo;est content\u00e9 de r\u00e9pondre : \u00ab\u00a0Ils donnent un avion \u00e0 l&rsquo;arm\u00e9e de l&rsquo;air des \u00c9tats-Unis\u00a0\u00bb.<\/p>\n<p>Dans un message publi\u00e9 sur sa plateforme Truth Social, le pr\u00e9sident am\u00e9ricain a balay\u00e9 les accusations de corruption d&rsquo;un revers de main, tout en affirmant que le cadeau \u00e9tait int\u00e9ressant d&rsquo;un point de vue fiscal.<\/p>\n<p>\u00ab\u00a0Le fait que le minist\u00e8re de la D\u00e9fense re\u00e7oive gratuitement un avion 747 pour remplacer temporairement l&rsquo;Air Force One, vieux de 40 ans, dans le cadre d&rsquo;une transaction tr\u00e8s publique et transparente, d\u00e9range tellement les d\u00e9mocrates v\u00e9reux qu&rsquo;ils insistent pour que nous payions l&rsquo;avion au prix fort\u00a0\u00bb, affirme-t-il.<\/p>\n<p>ABC News a rapport\u00e9 la semaine derni\u00e8re que le pr\u00e9sident am\u00e9ricain utiliserait l&rsquo;avion jusqu&rsquo;\u00e0 ce qu&rsquo;il quitte ses fonctions en janvier 2029, date \u00e0 laquelle la propri\u00e9t\u00e9 de l&rsquo;appareil serait transf\u00e9r\u00e9e \u00e0 la fondation qui g\u00e8re sa biblioth\u00e8que pr\u00e9sidentielle, qui n&rsquo;a pas encore \u00e9t\u00e9 construite.<\/p>\n<p>Achat d&rsquo;influence ?<\/p>\n<p>Mais pour les adversaires politiques de Donald Trump, il ne fait aucun doute : ce cadeau \u00e0 400 millions de dollars d&rsquo;un \u00c9tat \u00e9tranger pose de s\u00e9rieuses questions d&rsquo;\u00e9thique et de s\u00e9curit\u00e9.<\/p>\n<p>\u00ab\u00a0Ce n&rsquo;est pas seulement de la corruption, c&rsquo;est de l&rsquo;influence \u00e9trang\u00e8re de premi\u00e8re qualit\u00e9 avec de l&rsquo;espace suppl\u00e9mentaire pour les jambes\u00a0\u00bb, a d\u00e9clar\u00e9 le chef de la minorit\u00e9 d\u00e9mocrate du S\u00e9nat, Chuck Schumer.<\/p>\n<p>D&rsquo;autres \u00e9lus ont \u00e9galement exprim\u00e9 leur consternation, notant qu&rsquo;un avion offert par un gouvernement \u00e9tranger pourrait pr\u00e9senter des risques pour la s\u00e9curit\u00e9 s&rsquo;il \u00e9tait utilis\u00e9 par un pr\u00e9sident am\u00e9ricain.<\/p>\n<p>Les avions existants utilis\u00e9s pour Air Force One ont en effet toujours \u00e9t\u00e9 modifi\u00e9s et dot\u00e9s de capacit\u00e9s de survie permettant au pr\u00e9sident am\u00e9ricain de faire face \u00e0 toute une s\u00e9rie d&rsquo;\u00e9ventualit\u00e9s, notamment un blindage contre les radiations et une technologie antimissile.<\/p>\n<p>Ils sont \u00e9galement \u00e9quip\u00e9s de divers syst\u00e8mes de communication qui permettent au pr\u00e9sident de rester en contact avec l&rsquo;arm\u00e9e et de donner des ordres depuis n&rsquo;importe o\u00f9 dans le monde.<\/p>\n<p>Jordan Libowitz, directeur de la communication du groupe de pression Citizens for Responsibility and Ethics in Washington, affirme qu&rsquo;un tel cadeau est \u00ab\u00a0sans pr\u00e9c\u00e9dent\u00a0\u00bb. <\/p>\n<p>\u00ab\u00a0L&rsquo;ensemble des cadeaux offerts \u00e0 des pr\u00e9sidents [am\u00e9ricains] en exercice est loin d&rsquo;atteindre ce niveau\u00a0\u00bb, d\u00e9clare-t-il.<\/p>\n","protected":false},"excerpt":{"rendered":"PUBLICIT\u00c9 Le secr\u00e9taire am\u00e9ricain \u00e0 la D\u00e9fense, Pete Hegseth, a accept\u00e9 mercredi un Boeing 747 offert par le&hellip;\n","protected":false},"author":2,"featured_media":118957,"comment_status":"","ping_status":"","sticky":false,"template":"","format":"standard","meta":{"footnotes":""},"categories":[5],"tags":[11,888,75,1866,1011,27,14,12,1463,28],"class_list":{"0":"post-118956","1":"post","2":"type-post","3":"status-publish","4":"format-standard","5":"has-post-thumbnail","7":"category-international","8":"tag-actualites","9":"tag-boeing","10":"tag-donald-trump","11":"tag-etats-unis-damerique","12":"tag-fr","13":"tag-france","14":"tag-international","15":"tag-news","16":"tag-qatar","17":"tag-world"},"share_on_mastodon":{"url":"https:\/\/pubeurope.com\/@fr\/114550509691457203","error":""},"_links":{"self":[{"href":"https:\/\/www.europesays.com\/fr\/wp-json\/wp\/v2\/posts\/118956","targetHints":{"allow":["GET"]}}],"collection":[{"href":"https:\/\/www.europesays.com\/fr\/wp-json\/wp\/v2\/posts"}],"about":[{"href":"https:\/\/www.europesays.com\/fr\/wp-json\/wp\/v2\/types\/post"}],"author":[{"embeddable":true,"href":"https:\/\/www.europesays.com\/fr\/wp-json\/wp\/v2\/users\/2"}],"replies":[{"embeddable":true,"href":"https:\/\/www.europesays.com\/fr\/wp-json\/wp\/v2\/comments?post=118956"}],"version-history":[{"count":0,"href":"https:\/\/www.europesays.com\/fr\/wp-json\/wp\/v2\/posts\/118956\/revisions"}],"wp:featuredmedia":[{"embeddable":true,"href":"https:\/\/www.europesays.com\/fr\/wp-json\/wp\/v2\/media\/118957"}],"wp:attachment":[{"href":"https:\/\/www.europesays.com\/fr\/wp-json\/wp\/v2\/media?parent=118956"}],"wp:term":[{"taxonomy":"category","embeddable":true,"href":"https:\/\/www.europesays.com\/fr\/wp-json\/wp\/v2\/categories?post=118956"},{"taxonomy":"post_tag","embeddable":true,"href":"https:\/\/www.europesays.com\/fr\/wp-json\/wp\/v2\/tags?post=118956"}],"curies":[{"name":"wp","href":"https:\/\/api.w.org\/{rel}","templated":true}]}}