{"id":118959,"date":"2025-05-22T08:21:09","date_gmt":"2025-05-22T08:21:09","guid":{"rendered":"https:\/\/www.europesays.com\/fr\/118959\/"},"modified":"2025-05-22T08:21:09","modified_gmt":"2025-05-22T08:21:09","slug":"le-congres-se-prononce-sur-la-grande-et-belle-loi-de-trump","status":"publish","type":"post","link":"https:\/\/www.europesays.com\/fr\/118959\/","title":{"rendered":"le Congr\u00e8s se prononce sur la \u00abgrande et belle loi\u00bb de Trump"},"content":{"rendered":"<p>Le texte doit notamment permettre au pr\u00e9sident am\u00e9ricain d\u2019\u00e9tendre par exemple l\u2019extension des cr\u00e9dits d\u2019imp\u00f4t de son premier mandat. Les prolonger pourrait accro\u00eetre le d\u00e9ficit de l\u2019\u00c9tat f\u00e9d\u00e9ral de 2000 milliards \u00e0 4000 milliards de dollars sur la prochaine d\u00e9cennie.<\/p>\n<p class=\"fig-paragraph\">La Chambre des repr\u00e9sentants vote jeudi 22 mai 2025 le m\u00e9gaprojet projet de loi budg\u00e9taire voulu par<a href=\"http:\/\/www.lefigaro.fr\/sciences\/trump-demande-une-baisse-de-pres-de-25-du-budget-de-la-nasa-20250505\" target=\"_blank\" data-fig-type=\"Article\" rel=\"noopener nofollow\" data-gtm-custom-categorie=\"navigation\" data-gtm-custom-action=\"crossclick\" data-gtm-custom-label=\"Contextuel\" data-gtm-event=\"customEventSPE\" data-fig-domain=\"LEFIGARO\">\u00a0Donald Trump<\/a>. Les r\u00e9publicains am\u00e9ricains vont tenter d\u2019adopter le texte, malgr\u00e9 les diff\u00e9rends qui agitent la majorit\u00e9 pr\u00e9sidentielle.<\/p>\n<p class=\"fig-paragraph\">Le chef de la chambre basse du Congr\u00e8s, l&rsquo;\u00e9lu r\u00e9publicain Mike Johnson, pousse pour adopter d\u00e8s que possible cette \u00abgrande et belle loi\u00bb, comme Donald Trump l&rsquo;a baptis\u00e9e. Il a pr\u00e9vu un vote \u00e0 4h30 heure locale, en pleine nuit \u00e0 Washington. \u00abL&rsquo;\u00e9chec n&rsquo;est tout simplement pas une option\u00bb, avait averti le \u00abspeaker\u00bb mardi, qui souhaite offrir rapidement une victoire l\u00e9gislative de prestige au locataire de la Maison-Blanche.<\/p>\n<p>Inqui\u00e9tude d\u2019\u00e9lus conservateurs<\/p>\n<p class=\"fig-paragraph\">Le texte doit en effet permettre \u00e0 Donald Trump de concr\u00e9tiser certaines promesses phares de sa campagne, en premier lieu l&rsquo;<a href=\"http:\/\/www.lefigaro.fr\/conjoncture\/donald-trump-veut-une-deduction-d-impot-sur-les-prets-automobile-pour-les-voitures-fabriquees-aux-etats-unis-20250330\" target=\"_blank\" data-fig-type=\"NewsFlash\" rel=\"noopener nofollow\" data-gtm-custom-categorie=\"navigation\" data-gtm-custom-action=\"crossclick\" data-gtm-custom-label=\"Contextuel\" data-gtm-event=\"customEventSPE\" data-fig-domain=\"LEFIGARO\">extension des gigantesques cr\u00e9dits d&rsquo;imp\u00f4t\u00a0<\/a>de son premier mandat. Ceux-ci arrivent \u00e0 expiration \u00e0 la fin de l&rsquo;ann\u00e9e, et les prolonger pourrait accro\u00eetre le d\u00e9ficit de l&rsquo;\u00c9tat f\u00e9d\u00e9ral de 2000 milliards \u00e0 4.000 milliards de dollars sur la prochaine d\u00e9cennie,selon diff\u00e9rents analystes ind\u00e9pendants.<\/p>\n<p class=\"fig-paragraph\">Devant ce chiffre, plusieurs \u00e9lus tr\u00e8s conservateurs partisans d\u2019une r\u00e9duction de la dette publique font part de leur inqui\u00e9tude, et poussent pour obtenir des concessions. \u00abMon inqui\u00e9tude \u00e0 propos du d\u00e9ficit et de la dette est \u00e9norme\u00bb, a d\u00e9clar\u00e9 \u00e0 la cha\u00eene CNN l&rsquo;\u00e9lu texan Keith Self, d\u00e9non\u00e7ant un texte qui \u00abnous ferait passer de 36.000 milliards de dollars de dette \u00e0 56.000 milliards au minimum en 10 ans\u00bb.<\/p>\n<p class=\"fig-body-link\">\n            \u00c0 lire aussi<br \/>\n        <a class=\"fig-body-link__link fig-premium-mark\" href=\"http:\/\/www.lefigaro.fr\/economie\/droits-de-douane-comment-les-menaces-sur-la-dette-americaine-ont-fait-plier-donald-trump-20250411\" data-fig-type=\"Article\" data-gtm-custom-categorie=\"navigation\" data-gtm-custom-action=\"crossclick\" data-gtm-custom-label=\"Contextuel\" data-gtm-event=\"customEventSPE\" data-fig-domain=\"LEFIGARO\" rel=\"nofollow noopener\" target=\"_blank\">Droits de douane\u00a0: comment les menaces sur la dette am\u00e9ricaine ont fait plier Donald Trump<br \/>\n    <\/a>\n<\/p>\n<p>Suppression de l\u2019imp\u00f4t sur les pourboires<\/p>\n<p class=\"fig-paragraph\">Ces \u00e9lus ne sont pas les seuls inquiets. Le rendement \u00e0 10 ans des bons du Tr\u00e9sor am\u00e9ricain a atteint ce mercredi son plus haut niveau depuis f\u00e9vrier, sur fond de craintes des investisseurs d&rsquo;un creusement trop important du d\u00e9ficit f\u00e9d\u00e9ral. Car outre les \u00abcr\u00e9dits d&rsquo;imp\u00f4t Trump\u00bb, le projet de loi pr\u00e9voit aussi de supprimer l&rsquo;imposition sur les pourboires, une promesse de campagne du r\u00e9publicain dans un pays o\u00f9 de nombreux travailleurs d\u00e9pendent de ceux-ci comme principale source de revenu.<\/p>\n<p class=\"fig-paragraph\">Face au rejet en bloc chez les d\u00e9mocrates, et avec seulement une majorit\u00e9 de sept si\u00e8ges \u00e0 la\u00a0<a href=\"http:\/\/www.lefigaro.fr\/international\/etats-unis-une-representante-democrate-recouvre-de-cellophane-la-voiture-d-un-opposant-la-chambre-la-sanctionne-20250501\" target=\"_blank\" data-fig-type=\"Article\" rel=\"noopener nofollow\" data-gtm-custom-categorie=\"navigation\" data-gtm-custom-action=\"crossclick\" data-gtm-custom-label=\"Contextuel\" data-gtm-event=\"customEventSPE\" data-fig-domain=\"LEFIGARO\">Chambre des repr\u00e9sentants<\/a>, Donald Trump et Mike Johnson sont conscients qu&rsquo;ils ne peuvent pas se permettre davantage qu&rsquo;une poign\u00e9e de \u00abnon\u00bb dans leur propre camp. \u00c0 un an et demi des \u00e9lections de mi-mandat, les \u00e9lus de droite r\u00e9ticents s&rsquo;inqui\u00e8tent du risque de coupes trop importantes dans certaines d\u00e9penses publiques pour compenser en partie le creusement du d\u00e9ficit.<\/p>\n<p class=\"fig-paragraph\">Au premier rang se trouve Medicaid, l&rsquo;assurance sant\u00e9 dont d\u00e9pendent plus de 70 millions d&rsquo;Am\u00e9ricains aux revenus modestes. Selon l&rsquo;analyse du CBO, une agence parlementaire non-partisane, les coupes actuellement pr\u00e9vues dans ce programme public menacent de priver d&rsquo;assurance sant\u00e9 plus de 7,6 millions de personnes d&rsquo;ici 2034. Le plus grand programme public d&rsquo;aide alimentaire, Snap, serait aussi s\u00e9v\u00e8rement touch\u00e9. Le CBO pr\u00e9dit ainsi que le projet de loi augmenterait les revenus chez les 10% des m\u00e9nages les plus riches, tandis que les 10% des m\u00e9nages les plus pauvres verraient leurs revenus baisser.<\/p>\n<p class=\"fig-paragraph\">Si le m\u00e9gaprojet de loi parvient \u00e0 passer l&rsquo;obstacle de la Chambre des repr\u00e9sentants jeudi matin, il devra encore franchir celui du S\u00e9nat. Les s\u00e9nateurs r\u00e9publicains ont d\u00e9j\u00e0 signal\u00e9 leur volont\u00e9 de remanier le texte de fond en comble, avec le risque de voir le programme l\u00e9gislatif de Donald Trump retard\u00e9 de plusieurs semaines, voire de plusieurs mois.<\/p>\n","protected":false},"excerpt":{"rendered":"Le texte doit notamment permettre au pr\u00e9sident am\u00e9ricain d\u2019\u00e9tendre par exemple l\u2019extension des cr\u00e9dits d\u2019imp\u00f4t de son premier&hellip;\n","protected":false},"author":2,"featured_media":118960,"comment_status":"","ping_status":"","sticky":false,"template":"","format":"standard","meta":{"footnotes":""},"categories":[2],"tags":[259,11,260,1003,75,1011,27,14,261,12,262],"class_list":{"0":"post-118959","1":"post","2":"type-post","3":"status-publish","4":"format-standard","5":"has-post-thumbnail","7":"category-actualites","8":"tag-actualite-internationale","9":"tag-actualites","10":"tag-affaires-etrangeres","11":"tag-budget","12":"tag-donald-trump","13":"tag-fr","14":"tag-france","15":"tag-international","16":"tag-ministere-des-affaires-etrangeres","17":"tag-news","18":"tag-politique-etrangere"},"share_on_mastodon":{"url":"https:\/\/pubeurope.com\/@fr\/114550517475547471","error":""},"_links":{"self":[{"href":"https:\/\/www.europesays.com\/fr\/wp-json\/wp\/v2\/posts\/118959","targetHints":{"allow":["GET"]}}],"collection":[{"href":"https:\/\/www.europesays.com\/fr\/wp-json\/wp\/v2\/posts"}],"about":[{"href":"https:\/\/www.europesays.com\/fr\/wp-json\/wp\/v2\/types\/post"}],"author":[{"embeddable":true,"href":"https:\/\/www.europesays.com\/fr\/wp-json\/wp\/v2\/users\/2"}],"replies":[{"embeddable":true,"href":"https:\/\/www.europesays.com\/fr\/wp-json\/wp\/v2\/comments?post=118959"}],"version-history":[{"count":0,"href":"https:\/\/www.europesays.com\/fr\/wp-json\/wp\/v2\/posts\/118959\/revisions"}],"wp:featuredmedia":[{"embeddable":true,"href":"https:\/\/www.europesays.com\/fr\/wp-json\/wp\/v2\/media\/118960"}],"wp:attachment":[{"href":"https:\/\/www.europesays.com\/fr\/wp-json\/wp\/v2\/media?parent=118959"}],"wp:term":[{"taxonomy":"category","embeddable":true,"href":"https:\/\/www.europesays.com\/fr\/wp-json\/wp\/v2\/categories?post=118959"},{"taxonomy":"post_tag","embeddable":true,"href":"https:\/\/www.europesays.com\/fr\/wp-json\/wp\/v2\/tags?post=118959"}],"curies":[{"name":"wp","href":"https:\/\/api.w.org\/{rel}","templated":true}]}}