{"id":118962,"date":"2025-05-22T08:23:07","date_gmt":"2025-05-22T08:23:07","guid":{"rendered":"https:\/\/www.europesays.com\/fr\/118962\/"},"modified":"2025-05-22T08:23:07","modified_gmt":"2025-05-22T08:23:07","slug":"a-saint-etienne-du-gres-une-ceremonie-officielle-pour-ce-symbole-charge-de-sens","status":"publish","type":"post","link":"https:\/\/www.europesays.com\/fr\/118962\/","title":{"rendered":"\u00c0 Saint-Etienne-du-Gr\u00e8s, une c\u00e9r\u00e9monie officielle pour ce symbole charg\u00e9 de sens"},"content":{"rendered":"<p>\u00c0 l&rsquo;occasion des <a href=\"https:\/\/www.laprovence.com\/article\/sortie-loisirs\/1853270794809215\/a-saint-etienne-du-gres-les-habitants-ont-fete-les-90-ans-de-la-creation-de-la-commune\" target=\"_blank\" rel=\"nofollow noopener\">90\u00a0ans de la commune<\/a>, le nouveau drapeau de Saint-\u00c9tienne-du-Gr\u00e8s a \u00e9t\u00e9 pr\u00e9sent\u00e9 lors d&rsquo;une c\u00e9r\u00e9monie officielle. Un symbole charg\u00e9 de sens pour les g\u00e9n\u00e9rations pr\u00e9sentes et futures. Dans son discours, le maire, <a href=\"https:\/\/www.laprovence.com\/article\/region\/2034600495948715\/saint-etienne-du-gres-le-maire-jean-mangion-celebre-ses-40-ans-de-mandature-et-devient-un-des-plus-anciens-elus-du-pays-darles\" target=\"_blank\" rel=\"nofollow noopener\">Jean Mangion<\/a>, fort de ses 42\u00a0ans d&rsquo;engagement municipal, a retrac\u00e9 l&rsquo;histoire du Gr\u00e8s depuis son ind\u00e9pendance acquise en\u00a01935, gr\u00e2ce \u00e0 la d\u00e9termination du maire fondateur Jean Galeron.<\/p>\n<p>L&rsquo;\u00e9dile a rendu hommage \u00e0 tous ceux qui ont fa\u00e7onn\u00e9 l&rsquo;identit\u00e9 gr\u00e9souillaise, \u00e9voquant notamment Andr\u00e9 Vidau, Louis L\u00e8bre et Robert Del Testa, dont l&rsquo;action a marqu\u00e9 durablement le territoire.<\/p>\n<p>Le nouveau drapeau hiss\u00e9 sur les b\u00e2timents publics<\/p>\n<p>Le nouveau drapeau, fruit d&rsquo;une r\u00e9flexion collective, incarne les valeurs de tradition, de dynamisme et d&rsquo;unit\u00e9. Il est d\u00e9sormais le porte-\u00e9tendard officiel de la commune, visible lors des \u00e9v\u00e9nements municipaux, sur les b\u00e2timents publics et dans les <a href=\"https:\/\/www.laprovence.com\/article\/region\/4959709004444814\/saint-etienne-du-gres-le-racisme-et-lantisemitisme-commemores-en-memoire-des-victimes\" target=\"_blank\" rel=\"nofollow noopener\">rassemblements symboliques<\/a>. Il marque une volont\u00e9 claire\u00a0: affirmer l&rsquo;identit\u00e9 de Saint-\u00c9tienne-du-Gr\u00e8s tout en regardant r\u00e9solument vers l&rsquo;avenir.<\/p>\n","protected":false},"excerpt":{"rendered":"\u00c0 l&rsquo;occasion des 90\u00a0ans de la commune, le nouveau drapeau de Saint-\u00c9tienne-du-Gr\u00e8s a \u00e9t\u00e9 pr\u00e9sent\u00e9 lors d&rsquo;une c\u00e9r\u00e9monie&hellip;\n","protected":false},"author":2,"featured_media":118963,"comment_status":"","ping_status":"","sticky":false,"template":"","format":"standard","meta":{"footnotes":""},"categories":[9653],"tags":[17,1111,11,2430,4150,17070,1777,674,1011,27,2831,12,3986,471,25,4001,15987,6304,96],"class_list":{"0":"post-118962","1":"post","2":"type-post","3":"status-publish","4":"format-standard","5":"has-post-thumbnail","7":"category-saint-etienne","8":"tag-17","9":"tag-actu","10":"tag-actualites","11":"tag-auvergne-rhone-alpes","12":"tag-ceremonie","13":"tag-charge","14":"tag-eu","15":"tag-europe","16":"tag-fr","17":"tag-france","18":"tag-loisirs-traditions","19":"tag-news","20":"tag-officielle","21":"tag-pour","22":"tag-republique-francaise","23":"tag-saint-etienne","24":"tag-saint-etienne-du-gres","25":"tag-symbole","26":"tag-une"},"share_on_mastodon":{"url":"https:\/\/pubeurope.com\/@fr\/114550525374131834","error":""},"_links":{"self":[{"href":"https:\/\/www.europesays.com\/fr\/wp-json\/wp\/v2\/posts\/118962","targetHints":{"allow":["GET"]}}],"collection":[{"href":"https:\/\/www.europesays.com\/fr\/wp-json\/wp\/v2\/posts"}],"about":[{"href":"https:\/\/www.europesays.com\/fr\/wp-json\/wp\/v2\/types\/post"}],"author":[{"embeddable":true,"href":"https:\/\/www.europesays.com\/fr\/wp-json\/wp\/v2\/users\/2"}],"replies":[{"embeddable":true,"href":"https:\/\/www.europesays.com\/fr\/wp-json\/wp\/v2\/comments?post=118962"}],"version-history":[{"count":0,"href":"https:\/\/www.europesays.com\/fr\/wp-json\/wp\/v2\/posts\/118962\/revisions"}],"wp:featuredmedia":[{"embeddable":true,"href":"https:\/\/www.europesays.com\/fr\/wp-json\/wp\/v2\/media\/118963"}],"wp:attachment":[{"href":"https:\/\/www.europesays.com\/fr\/wp-json\/wp\/v2\/media?parent=118962"}],"wp:term":[{"taxonomy":"category","embeddable":true,"href":"https:\/\/www.europesays.com\/fr\/wp-json\/wp\/v2\/categories?post=118962"},{"taxonomy":"post_tag","embeddable":true,"href":"https:\/\/www.europesays.com\/fr\/wp-json\/wp\/v2\/tags?post=118962"}],"curies":[{"name":"wp","href":"https:\/\/api.w.org\/{rel}","templated":true}]}}