{"id":118968,"date":"2025-05-22T08:27:32","date_gmt":"2025-05-22T08:27:32","guid":{"rendered":"https:\/\/www.europesays.com\/fr\/118968\/"},"modified":"2025-05-22T08:27:32","modified_gmt":"2025-05-22T08:27:32","slug":"un-multirecidiviste-condamne-pour-avoir-blesse-un-policier-sechappe-du-tribunal","status":"publish","type":"post","link":"https:\/\/www.europesays.com\/fr\/118968\/","title":{"rendered":"un multir\u00e9cidiviste condamn\u00e9 pour avoir bless\u00e9 un policier s\u2019\u00e9chappe du tribunal"},"content":{"rendered":"<p>Un homme s\u2019est enfui du tribunal correctionnel de Toulon apr\u00e8s sa condamnation en comparution imm\u00e9diate \u00e0 quatre ans de prison, dont trois ans ferme, pour avoir notamment bless\u00e9 un policier lors d\u2019un refus d\u2019obtemp\u00e9rer lors d\u2019un contr\u00f4le routier.<\/p>\n<p class=\"fig-paragraph\">Un homme de 34 ans, d\u00e9j\u00e0 condamn\u00e9 dans le pass\u00e9 pour des d\u00e9lits routiers et des atteintes aux biens, s\u2019est\u00a0<a href=\"http:\/\/www.lefigaro.fr\/marseille\/vaucluse-evasion-d-un-homme-condamne-pour-le-meurtre-du-policier-eric-masson-20250516\" data-fig-type=\"NewsFlash\" data-gtm-custom-categorie=\"navigation\" data-gtm-custom-action=\"crossclick\" data-gtm-custom-label=\"Contextuel\" data-gtm-event=\"customEventSPE\" data-fig-domain=\"LEFIGARO\" target=\"_blank\" rel=\"noopener\">\u00e9vad\u00e9\u00a0<\/a>des ge\u00f4les du tribunal correctionnel de\u00a0<a href=\"http:\/\/www.lefigaro.fr\/marseille\/toulon-hubert-falco-poursuivi-par-un-journaliste-de-mediapart-pour-injure-publique-20250513\" data-fig-type=\"NewsFlash\" data-gtm-custom-categorie=\"navigation\" data-gtm-custom-action=\"crossclick\" data-gtm-custom-label=\"Contextuel\" data-gtm-event=\"customEventSPE\" data-fig-domain=\"LEFIGARO\" target=\"_blank\" rel=\"noopener\">Toulon\u00a0<\/a>apr\u00e8s sa condamnation \u00e0 quatre ans de prison, dont trois ans ferme, pour un refus d\u2019obtemp\u00e9rer ayant bless\u00e9 l\u00e9g\u00e8rement un policier, a appris Le Figaro aupr\u00e8s du procureur de la R\u00e9publique de Toulon, confirmant une information initiale de\u00a0<a href=\"https:\/\/www.bfmtv.com\/var\/info-bfm-toulon-var-un-homme-mis-en-examen-pour-tentative-d-homicide-sur-deux-policiers-s-evade-du-tribunal_AN-202505190272.html\" target=\"_blank\" rel=\"nofollow noopener\" data-gtm-custom-categorie=\"navigation\" data-gtm-custom-action=\"crossclick\" data-gtm-custom-label=\"Contextuel\" data-gtm-event=\"customEventSPE\">BFM Toulon Var.<\/a><\/p>\n<p>R\u00e9cidiviste<\/p>\n<p class=\"fig-paragraph\">Les faits se sont produits vendredi vers 17 heures, d\u2019apr\u00e8s Samuel Finielz. Le pr\u00e9venu avait \u00e9t\u00e9 jug\u00e9 en comparution imm\u00e9diate pour le vol d\u2019un camion frigorifique \u00e0 Saint-Rapha\u00ebl, toujours dans le Var, des faits pour lesquels il se trouvait en \u00e9tat de r\u00e9cidive l\u00e9gale.<\/p>\n<p class=\"fig-paragraph\">Il avait \u00e9t\u00e9 arr\u00eat\u00e9 \u00e0 Hy\u00e8res, alors que son permis de conduire avait \u00e9t\u00e9 annul\u00e9 par la justice et qu\u2019il avait \u00e9t\u00e9 d\u00e9j\u00e0 condamn\u00e9 pour avoir outrepass\u00e9 cette interdiction dans le pass\u00e9. Surtout, lors de son interpellation, le pr\u00e9venu a fait l\u2019objet d\u2019un refus d\u2019obtemp\u00e9rer qui a entra\u00een\u00e9 une interruption totale de travail d\u2019un jour sur un policier, des faits pour lesquels il se trouvait \u00e9galement en \u00e9tat de r\u00e9cidive l\u00e9gale. \u00abUne enqu\u00eate de flagrance a \u00e9t\u00e9 ouverte et un mandat de recherche a \u00e9t\u00e9 \u00e9mis par le parquet\u00bb, indique le procureur de la R\u00e9publique de Toulon.<\/p>\n","protected":false},"excerpt":{"rendered":"Un homme s\u2019est enfui du tribunal correctionnel de Toulon apr\u00e8s sa condamnation en comparution imm\u00e9diate \u00e0 quatre ans&hellip;\n","protected":false},"author":2,"featured_media":118969,"comment_status":"","ping_status":"","sticky":false,"template":"","format":"standard","meta":{"footnotes":""},"categories":[9619],"tags":[1111,11,885,1182,1180,1181,4073,1777,674,3727,1011,27,1184,1185,12,1177,1176,149,10910,1186,882,25,1178,1183,2310,1179],"class_list":{"0":"post-118968","1":"post","2":"type-post","3":"status-publish","4":"format-standard","5":"has-post-thumbnail","7":"category-toulon","8":"tag-actu","9":"tag-actualites","10":"tag-bouches-du-rhone","11":"tag-calanques","12":"tag-canebiere","13":"tag-cite-phoceenne","14":"tag-condamnation","15":"tag-eu","16":"tag-europe","17":"tag-evasion","18":"tag-fr","19":"tag-france","20":"tag-la-timone","21":"tag-les-baumettes-mediterranee","22":"tag-news","23":"tag-notre-dame-de-la-garde","24":"tag-olympique-de-marseille","25":"tag-om","26":"tag-policier","27":"tag-provence","28":"tag-provence-alpes-cote-dazur","29":"tag-republique-francaise","30":"tag-saint-charles","31":"tag-sormiou","32":"tag-toulon","33":"tag-vieux-port"},"share_on_mastodon":{"url":"https:\/\/pubeurope.com\/@fr\/114550541159615913","error":""},"_links":{"self":[{"href":"https:\/\/www.europesays.com\/fr\/wp-json\/wp\/v2\/posts\/118968","targetHints":{"allow":["GET"]}}],"collection":[{"href":"https:\/\/www.europesays.com\/fr\/wp-json\/wp\/v2\/posts"}],"about":[{"href":"https:\/\/www.europesays.com\/fr\/wp-json\/wp\/v2\/types\/post"}],"author":[{"embeddable":true,"href":"https:\/\/www.europesays.com\/fr\/wp-json\/wp\/v2\/users\/2"}],"replies":[{"embeddable":true,"href":"https:\/\/www.europesays.com\/fr\/wp-json\/wp\/v2\/comments?post=118968"}],"version-history":[{"count":0,"href":"https:\/\/www.europesays.com\/fr\/wp-json\/wp\/v2\/posts\/118968\/revisions"}],"wp:featuredmedia":[{"embeddable":true,"href":"https:\/\/www.europesays.com\/fr\/wp-json\/wp\/v2\/media\/118969"}],"wp:attachment":[{"href":"https:\/\/www.europesays.com\/fr\/wp-json\/wp\/v2\/media?parent=118968"}],"wp:term":[{"taxonomy":"category","embeddable":true,"href":"https:\/\/www.europesays.com\/fr\/wp-json\/wp\/v2\/categories?post=118968"},{"taxonomy":"post_tag","embeddable":true,"href":"https:\/\/www.europesays.com\/fr\/wp-json\/wp\/v2\/tags?post=118968"}],"curies":[{"name":"wp","href":"https:\/\/api.w.org\/{rel}","templated":true}]}}