{"id":118982,"date":"2025-05-22T08:35:08","date_gmt":"2025-05-22T08:35:08","guid":{"rendered":"https:\/\/www.europesays.com\/fr\/118982\/"},"modified":"2025-05-22T08:35:08","modified_gmt":"2025-05-22T08:35:08","slug":"six-individus-interpelles-dont-un-mineur","status":"publish","type":"post","link":"https:\/\/www.europesays.com\/fr\/118982\/","title":{"rendered":"six individus interpell\u00e9s, dont un mineur"},"content":{"rendered":"<p>            Par<br \/>\n        <strong><br \/>\n            <a href=\"https:\/\/actu.fr\/auteur\/laurene-fertin\" title=\"Consulter tous les articles de Laur\u00e8ne Fertin\" rel=\"nofollow noopener\" target=\"_blank\">Laur\u00e8ne Fertin<\/a><br \/>\n        <\/strong><\/p>\n<p>        Publi\u00e9 le<\/p>\n<p>            22 mai 2025 \u00e0 10h20        <\/p>\n<p>De <strong>nouvelles interpellations<\/strong> ont eu lieu, mardi 20\u00a0mai 2025, indique le procureur de Rennes, <a href=\"https:\/\/actu.fr\/bretagne\/rennes_35238\/rennes-qui-est-frederic-teillet-nouveau-procureur-de-la-republique_61669894.html\" rel=\"nofollow noopener\" target=\"_blank\">Fr\u00e9d\u00e9ric Teillet<\/a>. Celles-ci concernent <strong>les fusillades<\/strong> qui se sont d\u00e9roul\u00e9es les <a href=\"https:\/\/actu.fr\/bretagne\/rennes_35238\/une-balle-a-traverse-un-canape-a-rennes-une-nouvelle-fusillade-a-l-arme-automatique-dans-ce-quartier_62077302.html\" rel=\"nofollow noopener\" target=\"_blank\">5<\/a> et <a href=\"https:\/\/actu.fr\/bretagne\/rennes_35238\/rennes-un-homme-blesse-par-balle-dans-le-quartier-de-villejean_62106236.html\" rel=\"nofollow noopener\" target=\"_blank\">11\u00a0janvier 2025<\/a>, \u00e0 Rennes, dans le quartier <strong>Villejean.<\/strong><\/p>\n<p>Six personnes interpell\u00e9es<\/p>\n<p class=\" wall-content\">\u00ab\u2009Les services de la DCOS (Division de la criminalit\u00e9 organis\u00e9e et sp\u00e9cialis\u00e9e, N.D.L.R) de Rennes ont interpell\u00e9 <strong>six personnes<\/strong>, <strong>cinq majeurs<\/strong> <strong>et un mineur<\/strong>, dans le cadre d\u2019une enqu\u00eate diligent\u00e9e sous l\u2019autorit\u00e9 du parquet de Rennes\u2009\u00bb, d\u00e9taille le procureur, via un communiqu\u00e9 de presse. \u00ab\u2009L\u2019un des gard\u00e9s \u00e0 vue majeurs \u00e9tait toutefois mineur \u00e0 la date des faits\u2009\u00bb, pr\u00e9cise-t-il.<\/p>\n<p class=\" wall-content\">\u00c0 ce stade, les faits sont qualifi\u00e9s de <strong>tentative de meurtre en bande organis\u00e9e<\/strong> et <strong>association de malfaiteurs en vue de commettre un crime<\/strong>.<\/p>\n<p>Une garde \u00e0 vue prolong\u00e9e<\/p>\n<p class=\" wall-content\">Les individus interpell\u00e9s ont \u00e9t\u00e9 plac\u00e9s <strong>en garde \u00e0 vue<\/strong> pendant 48\u00a0heures. \u00ab\u2009Le juge des libert\u00e9s et de la d\u00e9tention <strong>a prolong\u00e9 ces mesures<\/strong> pour 48 nouvelles heures, \u00e0 la demande du parquet de Rennes et pour poursuivre les investigations, comme le r\u00e9gime des infractions commises en bande organis\u00e9e le permet\u2009\u00bb, poursuit Fr\u00e9d\u00e9ric Teillet.<\/p>\n<p class=\" wall-content\">De nouvelles informations seront communiqu\u00e9es \u00ab\u2009\u00e0 l\u2019issue du <strong>d\u00e9f\u00e8rement,<\/strong> envisag\u00e9 pour l\u2019instant vendredi (23\u00a0mai, N.D.L.R)\u2009\u00bb.<\/p>\n<p class=\" wall-content\">Suivez toute l\u2019actualit\u00e9 de vos villes et m\u00e9dias favoris en vous inscrivant \u00e0 <a href=\"https:\/\/moncompte.actu.fr\" title=\"D\u00e9couvez Mon Actu\" rel=\"nofollow noopener\" data-trk=\"{&quot;cta&quot;:{&quot;action&quot;:&quot;https:\\\/\\\/moncompte.actu.fr&quot;,&quot;category&quot;:&quot;mon compte&quot;,&quot;from&quot;:&quot;article footer&quot;,&quot;name&quot;:&quot;Mon actu&quot;,&quot;type&quot;:&quot;cta&quot;}}\" target=\"_blank\">Mon Actu<\/a>.<\/p>\n","protected":false},"excerpt":{"rendered":"Par Laur\u00e8ne Fertin Publi\u00e9 le 22 mai 2025 \u00e0 10h20 De nouvelles interpellations ont eu lieu, mardi 20\u00a0mai&hellip;\n","protected":false},"author":2,"featured_media":118983,"comment_status":"","ping_status":"","sticky":false,"template":"","format":"standard","meta":{"footnotes":""},"categories":[2821],"tags":[1111,11,829,1052,1777,674,118,1011,27,303,12,584,25,5375],"class_list":{"0":"post-118982","1":"post","2":"type-post","3":"status-publish","4":"format-standard","5":"has-post-thumbnail","7":"category-rennes","8":"tag-actu","9":"tag-actualites","10":"tag-bretagne","11":"tag-drogue","12":"tag-eu","13":"tag-europe","14":"tag-faits-divers","15":"tag-fr","16":"tag-france","17":"tag-justice","18":"tag-news","19":"tag-rennes","20":"tag-republique-francaise","21":"tag-villejean"},"share_on_mastodon":{"url":"https:\/\/pubeurope.com\/@fr\/114550572807390113","error":""},"_links":{"self":[{"href":"https:\/\/www.europesays.com\/fr\/wp-json\/wp\/v2\/posts\/118982","targetHints":{"allow":["GET"]}}],"collection":[{"href":"https:\/\/www.europesays.com\/fr\/wp-json\/wp\/v2\/posts"}],"about":[{"href":"https:\/\/www.europesays.com\/fr\/wp-json\/wp\/v2\/types\/post"}],"author":[{"embeddable":true,"href":"https:\/\/www.europesays.com\/fr\/wp-json\/wp\/v2\/users\/2"}],"replies":[{"embeddable":true,"href":"https:\/\/www.europesays.com\/fr\/wp-json\/wp\/v2\/comments?post=118982"}],"version-history":[{"count":0,"href":"https:\/\/www.europesays.com\/fr\/wp-json\/wp\/v2\/posts\/118982\/revisions"}],"wp:featuredmedia":[{"embeddable":true,"href":"https:\/\/www.europesays.com\/fr\/wp-json\/wp\/v2\/media\/118983"}],"wp:attachment":[{"href":"https:\/\/www.europesays.com\/fr\/wp-json\/wp\/v2\/media?parent=118982"}],"wp:term":[{"taxonomy":"category","embeddable":true,"href":"https:\/\/www.europesays.com\/fr\/wp-json\/wp\/v2\/categories?post=118982"},{"taxonomy":"post_tag","embeddable":true,"href":"https:\/\/www.europesays.com\/fr\/wp-json\/wp\/v2\/tags?post=118982"}],"curies":[{"name":"wp","href":"https:\/\/api.w.org\/{rel}","templated":true}]}}