{"id":118984,"date":"2025-05-22T08:36:30","date_gmt":"2025-05-22T08:36:30","guid":{"rendered":"https:\/\/www.europesays.com\/fr\/118984\/"},"modified":"2025-05-22T08:36:30","modified_gmt":"2025-05-22T08:36:30","slug":"une-adresse-hors-du-temps-ouvrira-discretement-ses-portes-en-juin-a-strasbourg","status":"publish","type":"post","link":"https:\/\/www.europesays.com\/fr\/118984\/","title":{"rendered":"une adresse \u00ab hors du temps \u00bb ouvrira discr\u00e8tement ses portes en juin \u00e0 Strasbourg"},"content":{"rendered":"<p>    <img loading=\"lazy\" width=\"1800\" height=\"900\" src=\"https:\/\/www.europesays.com\/fr\/wp-content\/uploads\/2025\/04\/jeanne-callthepolice.jpg\" class=\"attachment-full size-full\" alt=\"\" id=\"imageLove\" decoding=\"async\"  \/><\/p>\n<p id=\"breadcrumbs\"><a href=\"https:\/\/pokaa.fr\/\" target=\"_blank\" rel=\"noopener\">Accueil<\/a> \/ <a href=\"https:\/\/pokaa.fr\/categories\/strasbourg\/\" target=\"_blank\" rel=\"noopener\">Strasbourg<\/a> \/ Madame C : une adresse \u00ab hors du temps \u00bb ouvrira discr\u00e8tement ses portes en juin \u00e0 Strasbourg<\/p>\n<p>                    Strasbourg<\/p>\n<p><strong>En plein centre-ville de Strasbourg, un immeuble a entam\u00e9 sa mue. Avec une r\u00e9novation totale depuis plusieurs mois, le renouveau de ces \u00e9tages oubli\u00e9s de l\u2019histoire de la cit\u00e9 a commenc\u00e9 \u00e0 faire murmurer les esprits les plus curieux. Quelques informations sur le devenir de cette adresse pleine de myst\u00e8re, distill\u00e9es au compte-goutte, nous sont parvenues : en juin, un cocon hors du temps et feutr\u00e9 ouvrira ses portes aux Strasbourgeois(es) : <a href=\"https:\/\/www.instagram.com\/madame.c_strasbourg\/?hl=fr\" target=\"_blank\" rel=\"noopener\">Madame C, Maison de Plaisirs<\/a>.<\/strong><\/p>\n<p><strong>Hors du temps, berc\u00e9 par une atmosph\u00e8re Belle \u00c9poque,<\/strong> lumi\u00e8res tamis\u00e9es, tapisseries luxuriantes et planchers feutr\u00e9s :<strong> ce futur lieu cr\u00e9\u00e9 \u00e0 l\u2019abri des regards,<\/strong> dans une petite rue \u00e0 deux pas de la cath\u00e9drale, prend forme chaque jour un peu plus pour se r\u00e9v\u00e9ler \u00e0 nous en juin. De la cuisine du -1 aux \u00e9tages, en passant par les espaces feutr\u00e9es du rez-de-chauss\u00e9e, c\u2019est tout un immeuble de la rue des Soeurs qui s\u2019appr\u00eate \u00e0 sortir d\u2019un long sommeil.<\/p>\n<p>                <img width=\"368\" height=\"500\" src=\"https:\/\/www.europesays.com\/fr\/wp-content\/uploads\/2025\/05\/madame-c-bar-restaurant-hotel-particulier-strasbourg10-368x500.jpeg\" class=\"attachment-gallery size-gallery\" alt=\"madame-c-bar-restaurant-hotel-particulier-strasbourg10\" data-full-url=\"https:\/\/pokaa.fr\/wp-content\/uploads\/2025\/05\/19\/madame-c-bar-restaurant-hotel-particulier-strasbourg10.jpeg\" decoding=\"async\" loading=\"lazy\"  \/>            <\/p>\n<p>                <img width=\"661\" height=\"500\" src=\"https:\/\/www.europesays.com\/fr\/wp-content\/uploads\/2025\/05\/madame-c-bar-restaurant-hotel-particulier-strasbourg-661x500.jpeg\" class=\"attachment-gallery size-gallery\" alt=\"madame-c-bar-restaurant-hotel-particulier-strasbourg\" data-full-url=\"https:\/\/pokaa.fr\/wp-content\/uploads\/2025\/05\/19\/madame-c-bar-restaurant-hotel-particulier-strasbourg.jpeg\" decoding=\"async\" loading=\"lazy\"  \/>            <\/p>\n<p>                <img width=\"375\" height=\"500\" src=\"https:\/\/www.europesays.com\/fr\/wp-content\/uploads\/2025\/05\/hotel-particulier-strasbourg-madame-c-375x500.jpeg\" class=\"attachment-gallery size-gallery\" alt=\"hotel particulier madame C\" data-full-url=\"https:\/\/pokaa.fr\/wp-content\/uploads\/2025\/02\/12\/hotel-particulier-strasbourg-madame-c.jpeg\" decoding=\"async\" loading=\"lazy\"  \/>            <\/p>\n<p>                    \u00a9 Vivien Latuner \/ Pokaa<\/p>\n<p>                <img width=\"333\" height=\"500\" src=\"https:\/\/www.europesays.com\/fr\/wp-content\/uploads\/2025\/05\/6-bruno-barazzutti-faktory-333x500.jpg\" class=\"attachment-gallery size-gallery\" alt=\"6 \u00a9Bruno Barazzutti (Faktory)\" data-full-url=\"https:\/\/pokaa.fr\/wp-content\/uploads\/2025\/05\/21\/6-bruno-barazzutti-faktory.jpg\" decoding=\"async\" loading=\"lazy\"  \/>            <\/p>\n<p>                <img width=\"333\" height=\"500\" src=\"https:\/\/www.europesays.com\/fr\/wp-content\/uploads\/2025\/05\/5-bruno-barazzutti-faktory-333x500.jpg\" class=\"attachment-gallery size-gallery\" alt=\"5 \u00a9Bruno Barazzutti (Faktory)\" data-full-url=\"https:\/\/pokaa.fr\/wp-content\/uploads\/2025\/05\/21\/5-bruno-barazzutti-faktory.jpg\" decoding=\"async\" loading=\"lazy\"  \/>            <\/p>\n<p>                    \u00a9Bruno Barazzutti <\/p>\n<p>Derri\u00e8re une fa\u00e7ade discr\u00e8te : un bar \u00e0 cocktails, un salon-restaurant et un h\u00f4tel intimiste<\/p>\n<p>Imagin\u00e9 comme un petit paradis d\u00e9di\u00e9 aux plaisirs de la vie, l\u2019atmosph\u00e8re boudoir laissera sa place aux discussions feutr\u00e9es, aux cocktails qui lib\u00e8rent la parole et aux plats raffin\u00e9s qui \u00e9loignent des maux du quotidien. <strong>Tout un petit monde \u00e9l\u00e9gant, tamis\u00e9 et fait pour stimuler les sens,<\/strong> construit autour d\u2019une cour int\u00e9rieure \u00e0 l\u2019abri des regards.<\/p>\n<p>Le bar \u00e0 cocktail et le salon-restaurant, renomm\u00e9s \u00ab l\u2019Alc\u00f4ve \u00bb, qui ouvrira en juin, se voudra un espace o\u00f9 la mixologie et la cuisine fine, les plaisirs partag\u00e9s de la table et du comptoir, seront ouverts \u00e0 tous et \u00e0 toutes. La carte des cocktails signatures a \u00e9t\u00e9 cr\u00e9\u00e9e par Lucas Gacitua-Petit, champion du monde 2023 de cr\u00e9ation de cocktail.<\/p>\n<p><strong>Dans les \u00e9tages, d\u00e8s juillet-ao\u00fbt, c\u2019est 12 chambres d\u2019h\u00f4tel, singuli\u00e8res par leur signature et la d\u00e9coration, qui offriront la possibilit\u00e9 aux client(e)s de rester un peu plus longtemps dans cette bulle Belle \u00c9poque<\/strong>. Un effort a notamment \u00e9t\u00e9 donn\u00e9 \u00e0 l\u2019identit\u00e9 et au confort des salles de bains. Un petit c\u00f4t\u00e9 cabinet de curiosit\u00e9 accentue encore plus l\u2019effet de bulle hors du temps qui se d\u00e9gage du lieu.<\/p>\n<p>                <img width=\"375\" height=\"500\" src=\"https:\/\/www.europesays.com\/fr\/wp-content\/uploads\/2025\/05\/madame-c-bar-restaurant-hotel-particulier-strasbourg6-375x500.jpeg\" class=\"attachment-gallery size-gallery\" alt=\"madame-c-bar-restaurant-hotel-particulier-strasbourg6\" data-full-url=\"https:\/\/pokaa.fr\/wp-content\/uploads\/2025\/05\/19\/madame-c-bar-restaurant-hotel-particulier-strasbourg6.jpeg\" decoding=\"async\" loading=\"lazy\"  \/>            <\/p>\n<p>                <img width=\"375\" height=\"500\" src=\"https:\/\/www.europesays.com\/fr\/wp-content\/uploads\/2025\/05\/madame-c-bar-restaurant-hotel-particulier-strasbourg11-375x500.jpeg\" class=\"attachment-gallery size-gallery\" alt=\"madame-c-bar-restaurant-hotel-particulier-strasbourg11\" data-full-url=\"https:\/\/pokaa.fr\/wp-content\/uploads\/2025\/05\/19\/madame-c-bar-restaurant-hotel-particulier-strasbourg11.jpeg\" decoding=\"async\" loading=\"lazy\"  \/>            <\/p>\n<p>                <img width=\"375\" height=\"500\" src=\"https:\/\/www.europesays.com\/fr\/wp-content\/uploads\/2025\/05\/madame-c-bar-restaurant-hotel-particulier-strasbourg12-375x500.jpeg\" class=\"attachment-gallery size-gallery\" alt=\"madame-c-bar-restaurant-hotel-particulier-strasbourg12\" data-full-url=\"https:\/\/pokaa.fr\/wp-content\/uploads\/2025\/05\/19\/madame-c-bar-restaurant-hotel-particulier-strasbourg12.jpeg\" decoding=\"async\" loading=\"lazy\"  \/>            <\/p>\n<p>                <img width=\"375\" height=\"500\" src=\"https:\/\/www.europesays.com\/fr\/wp-content\/uploads\/2025\/05\/madame-c-bar-restaurant-hotel-particulier-strasbourg3-375x500.jpeg\" class=\"attachment-gallery size-gallery\" alt=\"madame-c-bar-restaurant-hotel-particulier-strasbourg3\" data-full-url=\"https:\/\/pokaa.fr\/wp-content\/uploads\/2025\/05\/19\/madame-c-bar-restaurant-hotel-particulier-strasbourg3.jpeg\" decoding=\"async\" loading=\"lazy\"  \/>            <\/p>\n<p>                <img width=\"375\" height=\"500\" src=\"https:\/\/www.europesays.com\/fr\/wp-content\/uploads\/2025\/05\/madame-c-bar-restaurant-hotel-particulier-strasbourg7-375x500.jpeg\" class=\"attachment-gallery size-gallery\" alt=\"madame-c-bar-restaurant-hotel-particulier-strasbourg7\" data-full-url=\"https:\/\/pokaa.fr\/wp-content\/uploads\/2025\/05\/19\/madame-c-bar-restaurant-hotel-particulier-strasbourg7.jpeg\" decoding=\"async\" loading=\"lazy\"  \/>            <\/p>\n<p>                    \u00a9 Vivien Latuner \/ Pokaa<\/p>\n<p>Une ouverture en catimini en juin<\/p>\n<p><strong>Jusqu\u2019\u00e0 son ouverture en juin, <a href=\"https:\/\/www.instagram.com\/madame.c_strasbourg\/?hl=fr\" target=\"_blank\" rel=\"noopener\">d\u2019autres infos ne manqueront s\u00fbrement pas de tomber sur le r\u00e9cent compte Instagram du lieu, mis en ligne cette semaine<\/a>.<\/strong> En attendant, on peut d\u00e9j\u00e0 se r\u00e9jouir de cette nouvelle vague d\u2019adresses singuli\u00e8res \u00e0 Strasbourg, des lieux \u00e0 l\u2019identit\u00e9 forte qui plongent leurs client(e)s en immersion totale.<\/p>\n<p>                <img width=\"667\" height=\"500\" src=\"https:\/\/www.europesays.com\/fr\/wp-content\/uploads\/2025\/05\/madame-c-bar-restaurant-hotel-particulier-strasbourg5-667x500.jpeg\" class=\"attachment-gallery size-gallery\" alt=\"madame-c-bar-restaurant-hotel-particulier-strasbourg5\" data-full-url=\"https:\/\/pokaa.fr\/wp-content\/uploads\/2025\/05\/19\/madame-c-bar-restaurant-hotel-particulier-strasbourg5.jpeg\" decoding=\"async\" loading=\"lazy\"  \/>            <\/p>\n<p>                <img width=\"667\" height=\"500\" src=\"https:\/\/www.europesays.com\/fr\/wp-content\/uploads\/2025\/05\/madame-c-bar-restaurant-hotel-particulier-strasbourg4-667x500.jpeg\" class=\"attachment-gallery size-gallery\" alt=\"madame-c-bar-restaurant-hotel-particulier-strasbourg4\" data-full-url=\"https:\/\/pokaa.fr\/wp-content\/uploads\/2025\/05\/19\/madame-c-bar-restaurant-hotel-particulier-strasbourg4.jpeg\" decoding=\"async\" loading=\"lazy\"  \/>            <\/p>\n<p>                <img width=\"667\" height=\"500\" src=\"https:\/\/www.europesays.com\/fr\/wp-content\/uploads\/2025\/05\/madame-c-bar-restaurant-hotel-particulier-strasbourg8-667x500.jpeg\" class=\"attachment-gallery size-gallery\" alt=\"madame-c-bar-restaurant-hotel-particulier-strasbourg8\" data-full-url=\"https:\/\/pokaa.fr\/wp-content\/uploads\/2025\/05\/19\/madame-c-bar-restaurant-hotel-particulier-strasbourg8.jpeg\" decoding=\"async\" loading=\"lazy\"  \/>            <\/p>\n<p>                <img width=\"333\" height=\"500\" src=\"https:\/\/www.europesays.com\/fr\/wp-content\/uploads\/2025\/05\/4-bruno-barazzutti-faktory-333x500.jpg\" class=\"attachment-gallery size-gallery\" alt=\"4 \u00a9Bruno Barazzutti (Faktory)\" data-full-url=\"https:\/\/pokaa.fr\/wp-content\/uploads\/2025\/05\/21\/4-bruno-barazzutti-faktory.jpg\" decoding=\"async\" loading=\"lazy\"  \/>            <\/p>\n<p>                <img width=\"333\" height=\"500\" src=\"https:\/\/www.europesays.com\/fr\/wp-content\/uploads\/2025\/05\/1-bruno-barazzutti-faktory-333x500.jpg\" class=\"attachment-gallery size-gallery\" alt=\"1 \u00a9Bruno Barazzutti (Faktory)\" data-full-url=\"https:\/\/pokaa.fr\/wp-content\/uploads\/2025\/05\/21\/1-bruno-barazzutti-faktory.jpg\" decoding=\"async\" loading=\"lazy\"  \/>            <\/p>\n<p>                <img width=\"333\" height=\"500\" src=\"https:\/\/www.europesays.com\/fr\/wp-content\/uploads\/2025\/05\/2-bruno-barazzutti-faktory-333x500.jpg\" class=\"attachment-gallery size-gallery\" alt=\"2 \u00a9Bruno Barazzutti (Faktory)\" data-full-url=\"https:\/\/pokaa.fr\/wp-content\/uploads\/2025\/05\/21\/2-bruno-barazzutti-faktory.jpg\" decoding=\"async\" loading=\"lazy\"  \/>            <\/p>\n<p>                    \u00a9Bruno Barazzutti <\/p>\n<p><script async src=\"\/\/www.instagram.com\/embed.js\"><\/script><\/p>\n","protected":false},"excerpt":{"rendered":"Accueil \/ Strasbourg \/ Madame C : une adresse \u00ab hors du temps \u00bb ouvrira discr\u00e8tement ses portes&hellip;\n","protected":false},"author":2,"featured_media":118985,"comment_status":"","ping_status":"","sticky":false,"template":"","format":"standard","meta":{"footnotes":""},"categories":[2820],"tags":[1111,11,11898,1777,674,1011,27,775,23991,12,7193,25,640],"class_list":{"0":"post-118984","1":"post","2":"type-post","3":"status-publish","4":"format-standard","5":"has-post-thumbnail","7":"category-strasbourg","8":"tag-actu","9":"tag-actualites","10":"tag-centre-ville","11":"tag-eu","12":"tag-europe","13":"tag-fr","14":"tag-france","15":"tag-grand-est","16":"tag-hotel-cache","17":"tag-news","18":"tag-nouveaute","19":"tag-republique-francaise","20":"tag-strasbourg"},"share_on_mastodon":{"url":"https:\/\/pubeurope.com\/@fr\/114550576789692667","error":""},"_links":{"self":[{"href":"https:\/\/www.europesays.com\/fr\/wp-json\/wp\/v2\/posts\/118984","targetHints":{"allow":["GET"]}}],"collection":[{"href":"https:\/\/www.europesays.com\/fr\/wp-json\/wp\/v2\/posts"}],"about":[{"href":"https:\/\/www.europesays.com\/fr\/wp-json\/wp\/v2\/types\/post"}],"author":[{"embeddable":true,"href":"https:\/\/www.europesays.com\/fr\/wp-json\/wp\/v2\/users\/2"}],"replies":[{"embeddable":true,"href":"https:\/\/www.europesays.com\/fr\/wp-json\/wp\/v2\/comments?post=118984"}],"version-history":[{"count":0,"href":"https:\/\/www.europesays.com\/fr\/wp-json\/wp\/v2\/posts\/118984\/revisions"}],"wp:featuredmedia":[{"embeddable":true,"href":"https:\/\/www.europesays.com\/fr\/wp-json\/wp\/v2\/media\/118985"}],"wp:attachment":[{"href":"https:\/\/www.europesays.com\/fr\/wp-json\/wp\/v2\/media?parent=118984"}],"wp:term":[{"taxonomy":"category","embeddable":true,"href":"https:\/\/www.europesays.com\/fr\/wp-json\/wp\/v2\/categories?post=118984"},{"taxonomy":"post_tag","embeddable":true,"href":"https:\/\/www.europesays.com\/fr\/wp-json\/wp\/v2\/tags?post=118984"}],"curies":[{"name":"wp","href":"https:\/\/api.w.org\/{rel}","templated":true}]}}