{"id":118988,"date":"2025-05-22T08:38:08","date_gmt":"2025-05-22T08:38:08","guid":{"rendered":"https:\/\/www.europesays.com\/fr\/118988\/"},"modified":"2025-05-22T08:38:08","modified_gmt":"2025-05-22T08:38:08","slug":"naf-naf-en-redressement-judiciaire-voici-les-commerces-menaces-a-nice","status":"publish","type":"post","link":"https:\/\/www.europesays.com\/fr\/118988\/","title":{"rendered":"Naf-Naf en redressement judiciaire, voici les commerces menac\u00e9s \u00e0 Nice"},"content":{"rendered":"<p>            Par<br \/>\n        <strong><br \/>\n            <a href=\"https:\/\/actu.fr\/auteur\/ugo-maillard\" title=\"Consulter tous les articles de Ugo Maillard\" rel=\"nofollow noopener\" target=\"_blank\">Ugo Maillard<\/a><br \/>\n        <\/strong><\/p>\n<p>        Publi\u00e9 le<\/p>\n<p>            22 mai 2025 \u00e0 10h28        <\/p>\n<p>La direction de <strong>Naf-Naf<\/strong> a demand\u00e9, ce mercredi 21\u00a0mai 2025, le <a href=\"https:\/\/actu.fr\/economie\/naf-naf-l-enseigne-de-pret-a-porter-va-demander-son-placement-en-redressement-judiciaire_62669694.html\" rel=\"nofollow noopener\" target=\"_blank\">placement en redressement judiciaire<\/a> de l\u2019enseigne en raison de difficult\u00e9s financi\u00e8res.<\/p>\n<p class=\" wall-content\">Les salari\u00e9s des points de vente sp\u00e9cialis\u00e9s dans le pr\u00eat-\u00e0-porter encaissent une nouvelle mauvaise nouvelle puisque Naf-Naf a \u00e9t\u00e9 repris par le groupe turc Migiboy en juin 2024, d\u00e9j\u00e0 \u00e0 la suite d\u2019un redressement judiciaire.<\/p>\n<p class=\" wall-content\">\u00ab\u2009Ce plan de continuation\u2009\u00bb d\u00e9cid\u00e9 en CSE extraordinaire menace de nombreux emplois en France et pourrait impliquer des fermetures de point de vente, donc ceux des <a href=\"https:\/\/actu.fr\/provence-alpes-cote-d-azur\/alpes-maritimes_06\" rel=\"nofollow noopener\" target=\"_blank\">Alpes-Maritimes<\/a>.<\/p>\n<p>Trois boutiques dans le d\u00e9partement<\/p>\n<p class=\" wall-content\">Alors que le magasin Naf-Naf de <a href=\"https:\/\/actu.fr\/provence-alpes-cote-d-azur\/nice_06088\/a-nice-ce-magasin-naf-naf-ne-fermera-pas-nos-clientes-sont-inquietes_60218251.html\" rel=\"nofollow noopener\" target=\"_blank\">Lingosti\u00e8re avait ferm\u00e9<\/a> suite au premier redressement judiciaire de 2023.<\/p>\n<p class=\" wall-content\">Avec cette annonce de la direction, les points de vente des Alpes-Maritimes sont menac\u00e9s. \u00c0 Nice, il existe une boutique Naf-Naf qui est situ\u00e9e dans le centre commercial Nic\u00e9toile.<\/p>\n<p>Vid\u00e9os : en ce moment sur Actu<br \/>\n    <a href=\"https:\/\/www.google.com\/maps\/embed?pb=!1m18!1m12!1m3!1d358775.94148931344!2d6.45570481468575!3d43.54940064899296!2m3!1f0!2f0!3f0!3m2!1i1024!2i768!4f13.1!3m3!1m2!1s0x12cddaa7b26b037b%3A0x8062f6ccda158e70!2sNAF%20NAF!5e0!3m2!1sfr!2sfr!4v1747902004174!5m2!1sfr!2sfr\" title=\"Ouvrie le lien\" rel=\"nofollow noopener\" target=\"_blank\">Cliquez ici pour visualiser le contenu<\/a><\/p>\n<p class=\" wall-content\">Les magasins de<strong> Cap 3000<\/strong> et du centre-ville de <strong>Cannes<\/strong> sont concern\u00e9s par ce redressement judiciaire.<\/p>\n<p class=\" wall-content\">Les trois points de vente et leurs salari\u00e9s sont d\u00e9sormais plong\u00e9s dans l\u2019attente d\u2019une solution financi\u00e8re.<\/p>\n<p class=\" wall-content\">Suivez toute l\u2019actualit\u00e9 de vos villes et m\u00e9dias favoris en vous inscrivant \u00e0 <a href=\"https:\/\/moncompte.actu.fr\" title=\"D\u00e9couvez Mon Actu\" rel=\"nofollow noopener\" data-trk=\"{&quot;cta&quot;:{&quot;action&quot;:&quot;https:\\\/\\\/moncompte.actu.fr&quot;,&quot;category&quot;:&quot;mon compte&quot;,&quot;from&quot;:&quot;article footer&quot;,&quot;name&quot;:&quot;Mon actu&quot;,&quot;type&quot;:&quot;cta&quot;}}\" target=\"_blank\">Mon Actu<\/a>.<\/p>\n","protected":false},"excerpt":{"rendered":"Par Ugo Maillard Publi\u00e9 le 22 mai 2025 \u00e0 10h28 La direction de Naf-Naf a demand\u00e9, ce mercredi&hellip;\n","protected":false},"author":2,"featured_media":118989,"comment_status":"","ping_status":"","sticky":false,"template":"","format":"standard","meta":{"footnotes":""},"categories":[2819],"tags":[1111,11,215,33,1777,674,1011,27,303,12,2401,882,25],"class_list":{"0":"post-118988","1":"post","2":"type-post","3":"status-publish","4":"format-standard","5":"has-post-thumbnail","7":"category-nice","8":"tag-actu","9":"tag-actualites","10":"tag-commerce","11":"tag-economie","12":"tag-eu","13":"tag-europe","14":"tag-fr","15":"tag-france","16":"tag-justice","17":"tag-news","18":"tag-nice","19":"tag-provence-alpes-cote-dazur","20":"tag-republique-francaise"},"share_on_mastodon":{"url":"https:\/\/pubeurope.com\/@fr\/114550584825406068","error":""},"_links":{"self":[{"href":"https:\/\/www.europesays.com\/fr\/wp-json\/wp\/v2\/posts\/118988","targetHints":{"allow":["GET"]}}],"collection":[{"href":"https:\/\/www.europesays.com\/fr\/wp-json\/wp\/v2\/posts"}],"about":[{"href":"https:\/\/www.europesays.com\/fr\/wp-json\/wp\/v2\/types\/post"}],"author":[{"embeddable":true,"href":"https:\/\/www.europesays.com\/fr\/wp-json\/wp\/v2\/users\/2"}],"replies":[{"embeddable":true,"href":"https:\/\/www.europesays.com\/fr\/wp-json\/wp\/v2\/comments?post=118988"}],"version-history":[{"count":0,"href":"https:\/\/www.europesays.com\/fr\/wp-json\/wp\/v2\/posts\/118988\/revisions"}],"wp:featuredmedia":[{"embeddable":true,"href":"https:\/\/www.europesays.com\/fr\/wp-json\/wp\/v2\/media\/118989"}],"wp:attachment":[{"href":"https:\/\/www.europesays.com\/fr\/wp-json\/wp\/v2\/media?parent=118988"}],"wp:term":[{"taxonomy":"category","embeddable":true,"href":"https:\/\/www.europesays.com\/fr\/wp-json\/wp\/v2\/categories?post=118988"},{"taxonomy":"post_tag","embeddable":true,"href":"https:\/\/www.europesays.com\/fr\/wp-json\/wp\/v2\/tags?post=118988"}],"curies":[{"name":"wp","href":"https:\/\/api.w.org\/{rel}","templated":true}]}}