{"id":119010,"date":"2025-05-22T08:49:08","date_gmt":"2025-05-22T08:49:08","guid":{"rendered":"https:\/\/www.europesays.com\/fr\/119010\/"},"modified":"2025-05-22T08:49:08","modified_gmt":"2025-05-22T08:49:08","slug":"un-homme-tue-par-balles-dans-lhypercentre","status":"publish","type":"post","link":"https:\/\/www.europesays.com\/fr\/119010\/","title":{"rendered":"un homme tu\u00e9 par balles dans l\u2019hypercentre"},"content":{"rendered":"<p>La victime, bless\u00e9e au thorax, est d\u00e9c\u00e9d\u00e9e malgr\u00e9 l\u2019intervention des marins-pompiers. Un suspect a \u00e9t\u00e9 interpell\u00e9 et plac\u00e9 en garde \u00e0 vue dans la foul\u00e9e.<\/p>\n<p class=\"fig-paragraph\">Un homme a \u00e9t\u00e9 tu\u00e9 par balles dans l\u2019hypercentre de Marseille dans la nuit de mercredi \u00e0 jeudi, a appris Le Figaro de sources polici\u00e8res concordantes, confirmant une information de\u00a0<a href=\"https:\/\/www.laprovence.com\/article\/faits-divers-justice\/10970816595718\/marseille-un-homme-a-ete-tue-par-balle-cette-nuit-rue-nationale\" target=\"_blank\" rel=\"nofollow noopener\" data-gtm-custom-categorie=\"navigation\" data-gtm-custom-action=\"crossclick\" data-gtm-custom-label=\"Contextuel\" data-gtm-event=\"customEventSPE\">La Provence<\/a> . Un suspect a \u00e9t\u00e9 interpell\u00e9 dans la foul\u00e9e.<\/p>\n<p class=\"fig-paragraph\">Selon une source, les forces de l\u2019ordre ont \u00e9t\u00e9 d\u00e9p\u00each\u00e9es rue nationale dans le 1er arrondissement de la ville pour des coups de feu. Sur place, ils ont d\u00e9couvert un homme bless\u00e9 par balles au niveau du thorax gisant aux c\u00f4t\u00e9s d\u2019une dizaine de douilles de calibre 9 mm. La victime, de nationalit\u00e9 alg\u00e9rienne et sous obligation de quitter le territoire fran\u00e7ais (OQTF), est d\u00e9c\u00e9d\u00e9e malgr\u00e9 l\u2019intervention des\u00a0<a href=\"http:\/\/www.lefigaro.fr\/marseille\/creer-du-lien-avec-la-population-a-marseille-cette-unite-des-marins-pompiers-previent-les-violences-urbaines-par-la-desescalade-20240422\" data-fig-type=\"NewsFlash\" data-gtm-custom-categorie=\"navigation\" data-gtm-custom-action=\"crossclick\" data-gtm-custom-label=\"Contextuel\" data-gtm-event=\"customEventSPE\" data-fig-domain=\"LEFIGARO\" target=\"_blank\" rel=\"noopener\">marins-pompiers de Marseille<\/a>.<\/p>\n<p>Victime collat\u00e9rale<\/p>\n<p class=\"fig-paragraph\">Selon nos informations, un suspect ayant \u00e9t\u00e9 initialement d\u00e9sign\u00e9 comme un des protagonistes a \u00e9t\u00e9 interpell\u00e9 dans la foul\u00e9e. Son implication n\u2019est pas encore formellement \u00e9tablie \u00e0 ce stade des investigations, l\u2019homme, un libyen \u00e9galement sous OQTF, ayant \u00e9t\u00e9 simplement d\u00e9sign\u00e9 par des t\u00e9moins comme ayant particip\u00e9 \u00e0 la fusillade. Sa garde \u00e0 vue \u00e9tait toujours en cours ce jeudi matin. Une source proche du dossier indique en outre que l\u2019homme tu\u00e9 par balles pourrait \u00eatre une victime collat\u00e9rale de cette fusillade. \u00abIl est trop t\u00f4t pour lier cet homicide avec une affaire de stup\u00e9fiants \u00e0 ce stade\u00bb, indique une source.<\/p>\n<p class=\"fig-paragraph\">Les investigations ont \u00e9t\u00e9 confi\u00e9es au service interd\u00e9partemental de police judiciaire des Bouches-du-Rh\u00f4ne (SIPJ 13). Le 13 mai dernier, c\u2019est\u00a0<a href=\"http:\/\/www.lefigaro.fr\/marseille\/marseille-un-homme-tue-par-balles-dans-le-quartier-de-la-belle-de-mai-20250514\" data-fig-type=\"NewsFlash\" data-gtm-custom-categorie=\"navigation\" data-gtm-custom-action=\"crossclick\" data-gtm-custom-label=\"Contextuel\" data-gtm-event=\"customEventSPE\" data-fig-domain=\"LEFIGARO\" target=\"_blank\" rel=\"noopener\">un homme \u00e2g\u00e9 d\u2019une vingtaine d\u2019ann\u00e9es qui avait \u00e9t\u00e9 tu\u00e9 par balles<\/a>\u00a0dans le 3e arrondissement. Une enqu\u00eate pour des faits d\u2019\u00abassassinat en bande organis\u00e9e\u00bb avait \u00e9t\u00e9 ouverte par le parquet de Marseille.<\/p>\n","protected":false},"excerpt":{"rendered":"La victime, bless\u00e9e au thorax, est d\u00e9c\u00e9d\u00e9e malgr\u00e9 l\u2019intervention des marins-pompiers. Un suspect a \u00e9t\u00e9 interpell\u00e9 et plac\u00e9&hellip;\n","protected":false},"author":2,"featured_media":119011,"comment_status":"","ping_status":"","sticky":false,"template":"","format":"standard","meta":{"footnotes":""},"categories":[2814],"tags":[1111,11,885,1182,1180,1181,1777,674,1011,27,2683,1184,1185,884,12,1177,1176,149,1072,1186,882,25,1178,1183,1179],"class_list":{"0":"post-119010","1":"post","2":"type-post","3":"status-publish","4":"format-standard","5":"has-post-thumbnail","7":"category-marseille","8":"tag-actu","9":"tag-actualites","10":"tag-bouches-du-rhone","11":"tag-calanques","12":"tag-canebiere","13":"tag-cite-phoceenne","14":"tag-eu","15":"tag-europe","16":"tag-fr","17":"tag-france","18":"tag-homicide","19":"tag-la-timone","20":"tag-les-baumettes-mediterranee","21":"tag-marseille","22":"tag-news","23":"tag-notre-dame-de-la-garde","24":"tag-olympique-de-marseille","25":"tag-om","26":"tag-police","27":"tag-provence","28":"tag-provence-alpes-cote-dazur","29":"tag-republique-francaise","30":"tag-saint-charles","31":"tag-sormiou","32":"tag-vieux-port"},"share_on_mastodon":{"url":"https:\/\/pubeurope.com\/@fr\/114550627782412159","error":""},"_links":{"self":[{"href":"https:\/\/www.europesays.com\/fr\/wp-json\/wp\/v2\/posts\/119010","targetHints":{"allow":["GET"]}}],"collection":[{"href":"https:\/\/www.europesays.com\/fr\/wp-json\/wp\/v2\/posts"}],"about":[{"href":"https:\/\/www.europesays.com\/fr\/wp-json\/wp\/v2\/types\/post"}],"author":[{"embeddable":true,"href":"https:\/\/www.europesays.com\/fr\/wp-json\/wp\/v2\/users\/2"}],"replies":[{"embeddable":true,"href":"https:\/\/www.europesays.com\/fr\/wp-json\/wp\/v2\/comments?post=119010"}],"version-history":[{"count":0,"href":"https:\/\/www.europesays.com\/fr\/wp-json\/wp\/v2\/posts\/119010\/revisions"}],"wp:featuredmedia":[{"embeddable":true,"href":"https:\/\/www.europesays.com\/fr\/wp-json\/wp\/v2\/media\/119011"}],"wp:attachment":[{"href":"https:\/\/www.europesays.com\/fr\/wp-json\/wp\/v2\/media?parent=119010"}],"wp:term":[{"taxonomy":"category","embeddable":true,"href":"https:\/\/www.europesays.com\/fr\/wp-json\/wp\/v2\/categories?post=119010"},{"taxonomy":"post_tag","embeddable":true,"href":"https:\/\/www.europesays.com\/fr\/wp-json\/wp\/v2\/tags?post=119010"}],"curies":[{"name":"wp","href":"https:\/\/api.w.org\/{rel}","templated":true}]}}