{"id":119012,"date":"2025-05-22T08:50:10","date_gmt":"2025-05-22T08:50:10","guid":{"rendered":"https:\/\/www.europesays.com\/fr\/119012\/"},"modified":"2025-05-22T08:50:10","modified_gmt":"2025-05-22T08:50:10","slug":"toute-lactualite-de-ce-jeudi-22-mai-2025-a-lyon","status":"publish","type":"post","link":"https:\/\/www.europesays.com\/fr\/119012\/","title":{"rendered":"Toute l&rsquo;actualit\u00e9 de ce jeudi 22 mai 2025 \u00e0 Lyon"},"content":{"rendered":"<p>A la une de l\u2019info \u00e0 Lyon : le rapport sur les <strong>Fr\u00e8res musulmans<\/strong>, la r\u00e9forme du scrutin PLM, le r\u00e9seau TCL unifi\u00e9, 72 logements sociaux en construction \u00e0 Perrache, la <strong>Journ\u00e9e Mondiale de la Biodiversit\u00e9<\/strong>, <strong>Kingspan Light + Air<\/strong> : entreprise engag\u00e9e pour la pr\u00e9servation de la biodiversit\u00e9\u2026<\/p>\n<p>ECOUTEZ LE 1\/4H LYONNAIS\u2026 Toute l\u2019actualit\u00e9 de ce jeudi 22 mai 2025<\/p>\n<p>LE 1\/4H LYONNAIS | jeudi 22 mai 2025<\/p>\n<p>Deux <strong>mosqu\u00e9es<\/strong> de la r\u00e9gion lyonnaise sont vis\u00e9es par le rapport sur les <strong>Fr\u00e8res musulmans<\/strong>, pr\u00e9sent\u00e9 hier en Conseil de D\u00e9fense. Le <strong>Conseil de mosqu\u00e9es du Rh\u00f4ne<\/strong> doit se r\u00e9unir prochainement pour r\u00e9pondre au rapport.<\/p>\n<p>La <strong>r\u00e9forme du scrutin municipal<\/strong> pour<strong> Paris, Lyon et Marseille<\/strong> mal embarqu\u00e9e au <strong>S\u00e9nat<\/strong>. Le projet a \u00e9t\u00e9 massivement rejet\u00e9e en <strong>commission des Lois<\/strong>\u00a0<\/p>\n<blockquote class=\"twitter-tweet\" data-media-max-width=\"560\">\n<p lang=\"fr\" dir=\"ltr\">\ud83d\ude8c\u23f3D\u00e8s le 1er septembre, un seul et m\u00eame r\u00e9seau pour tous vos trajets !<br \/>Notre r\u00e9seau TCL, Cars du Rh\u00f4ne et Libellule ne feront plus qu&rsquo;un !<br \/>\ud83d\udc49Retrouvez + d&rsquo;infos ici : <a href=\"https:\/\/t.co\/irKUplQd0P\">https:\/\/t.co\/irKUplQd0P<\/a> <a href=\"https:\/\/t.co\/z4ISXA6Iii\">pic.twitter.com\/z4ISXA6Iii<\/a><\/p>\n<p>\u2014 TCL (@TCL_SYTRAL) <a href=\"https:\/\/twitter.com\/TCL_SYTRAL\/status\/1925202354002874472?ref_src=twsrc%5Etfw\" target=\"_blank\" rel=\"noopener\">May 21, 2025<\/a><\/p><\/blockquote>\n<p><strong>Transort urbain<\/strong> : en septembre prochain, on ne parle plus de <strong>Libellule<\/strong> mais de <strong>TCL<\/strong> \u00e0 <strong>Villefranche-sur-Sa\u00f4ne<\/strong><\/p>\n<p>72 <strong>logements sociaux<\/strong>, dont 25 en <strong>accession sociale<\/strong>, des <strong>services de proximit\u00e9<\/strong> et des <strong>activit\u00e9s tertiaires<\/strong>, en cours de construction \u00e0 <strong>Perrache<\/strong><\/p>\n<p>Egalement dans l\u2019actualit\u00e9 de ce jeudi 22 mai<\/p>\n<p>C\u2019est aujourd\u2019hui la <strong>Journ\u00e9e Mondiale de la Biodiversit\u00e9<\/strong> ! A <strong>Saint-Priest<\/strong>, <strong>Kingspan Light + Air<\/strong> se distingue par son engagement en faveur du <strong>d\u00e9veloppement durable<\/strong> et de la <strong>biodiversit\u00e9<\/strong>. Avec des <strong>moutons<\/strong> pour l\u2019<strong>\u00e9copaturage<\/strong>, des <strong>poules<\/strong> pour la <strong>r\u00e9duction des d\u00e9chets<\/strong>, des <strong>ruches<\/strong>, un j<strong>ardin potager<\/strong>, une <strong>gestion durable de l\u2019eau<\/strong>\u2026<\/p>\n<p>Notre invit\u00e9 : <strong>David Br\u00e9mon<\/strong>d, responsable communication de l\u2019entreprise<a href=\"https:\/\/www.kingspan.com\/fr\/fr\/articles-de-connaissance\/ombrieres-photovoltaiques\/\" target=\"_blank\" rel=\"noreferrer noopener\"> <strong>Kingspan Light + Air<\/strong><\/a> \u00e0 <strong>Saint-Priest<\/strong><\/p>\n<p>Football : Didier Deschamps fait appel au Lyonnais Rayan Cherki (21 ans) en \u00e9quipe de France en vue du rassemblement pour le Final Four de la Ligue des nations<\/p>\n<p>Ecoutez aussi : <a href=\"https:\/\/www.lyondemain.fr\/aremacs-dechets-concerts-festivals-evenements\/\" target=\"_blank\" rel=\"noreferrer noopener\">Aremacs finaliste de la France s\u2019engage 2025<\/a><\/p>\n<p>Dans cette \u00e9dition, focus sur une entreprise engag\u00e9e : <strong>Kingspan Light + Air<\/strong><\/p>\n<p><strong>Kingspan Light + Air<\/strong> est un acteur majeur des <strong>solutions d\u2019\u00e9clairage naturel, de ventilation et de d\u00e9senfumage<\/strong>. Il se positionne comme un exemple en mati\u00e8re d\u2019<strong>engagement pour la biodiversit\u00e9<\/strong>.  Int\u00e9grant cette pr\u00e9occupation au c\u0153ur de sa strat\u00e9gie de <strong>responsabilit\u00e9 soci\u00e9tale des entreprises (RSE)<\/strong> et de son programme global \u00ab\u00a0<strong>Planet Passionate<\/strong>\u00ab\u00a0.<\/p>\n<p>Ecoutez aussi : <a href=\"https:\/\/www.lyondemain.fr\/actualite-de-ce-mercredi-21-mai-lyon-info-hydroelectricite-biennale-danse\/\" target=\"_blank\" rel=\"noreferrer noopener\">Toute l\u2019actualit\u00e9 de ce mercredi 21 mai 2025 \u00e0 Lyon<\/a><\/p>\n<p><img fetchpriority=\"high\" decoding=\"async\" width=\"1200\" height=\"675\" src=\"https:\/\/www.europesays.com\/fr\/wp-content\/uploads\/2025\/05\/actualite-de-ce-jeudi-22-mai-2025.jpg\" alt=\"actualit\u00e9 de ce jeudi 22 mai 2025 info \u00e0 Lyon\" class=\"wp-image-249530\"  \/>Retrouvez aussi le Quart d\u2019Heure Lyonnais de Lyon Demain sur les antennes de Radio Pluriel (Lyon). Radio Salam (Lyon, Saint-Etienne et Bourg) et Radio Arm\u00e9nie (Lyon et Vienne)<br \/>\nJ\u2019aime \u00e7a\u00a0:<\/p>\n<p>J\u2019aime chargement\u2026<\/p>\n<p><a class=\"sd-link-color\"\/><\/p>\n<p>\n\tArticles similaires\n<\/p>\n<p>\t\t\t\t<img decoding=\"async\" src=\"https:\/\/www.europesays.com\/fr\/wp-content\/uploads\/2025\/05\/1747903810_169_7866158698e17e8ed633c05e8f8e7fe5d9e057ad78661c4dc34e413abb6b9f19\" alt=\"G\u00e9rald Bouchon\"\/><\/p>\n<p>Pionnier des radios libres, passionn\u00e9 de radio, journaliste et dirigeant de m\u00e9dias \u00e9co-responsables..<\/p>\n<p>\t\t\t<script async src=\"https:\/\/platform.twitter.com\/widgets.js\" charset=\"utf-8\"><\/script><\/p>\n","protected":false},"excerpt":{"rendered":"A la une de l\u2019info \u00e0 Lyon : le rapport sur les Fr\u00e8res musulmans, la r\u00e9forme du scrutin&hellip;\n","protected":false},"author":2,"featured_media":119013,"comment_status":"","ping_status":"","sticky":false,"template":"","format":"standard","meta":{"footnotes":""},"categories":[1889],"tags":[1111,11,2430,1130,23527,313,1777,674,1011,27,9305,3354,23997,23998,16354,2615,2428,23999,24000,24001,12,978,5274,24002,25,18573,4605,1004,24003,10213,19508],"class_list":{"0":"post-119012","1":"post","2":"type-post","3":"status-publish","4":"format-standard","5":"has-post-thumbnail","7":"category-lyon","8":"tag-actu","9":"tag-actualites","10":"tag-auvergne-rhone-alpes","11":"tag-biodiversite","12":"tag-developpement-durable","13":"tag-entreprises","14":"tag-eu","15":"tag-europe","16":"tag-fr","17":"tag-france","18":"tag-freres-musulmans","19":"tag-jardin","20":"tag-kingspan","21":"tag-libellule","22":"tag-logement-social","23":"tag-loi-plm","24":"tag-lyon","25":"tag-mares","26":"tag-mosquees-du-rhone","27":"tag-moutons","28":"tag-news","29":"tag-olympique-lyonnais","30":"tag-perrache","31":"tag-poules","32":"tag-republique-francaise","33":"tag-rse","34":"tag-saint-priest","35":"tag-senat","36":"tag-sytral-mobilites","37":"tag-tcl","38":"tag-villefranche"},"share_on_mastodon":{"url":"https:\/\/pubeurope.com\/@fr\/114550631566460263","error":""},"_links":{"self":[{"href":"https:\/\/www.europesays.com\/fr\/wp-json\/wp\/v2\/posts\/119012","targetHints":{"allow":["GET"]}}],"collection":[{"href":"https:\/\/www.europesays.com\/fr\/wp-json\/wp\/v2\/posts"}],"about":[{"href":"https:\/\/www.europesays.com\/fr\/wp-json\/wp\/v2\/types\/post"}],"author":[{"embeddable":true,"href":"https:\/\/www.europesays.com\/fr\/wp-json\/wp\/v2\/users\/2"}],"replies":[{"embeddable":true,"href":"https:\/\/www.europesays.com\/fr\/wp-json\/wp\/v2\/comments?post=119012"}],"version-history":[{"count":0,"href":"https:\/\/www.europesays.com\/fr\/wp-json\/wp\/v2\/posts\/119012\/revisions"}],"wp:featuredmedia":[{"embeddable":true,"href":"https:\/\/www.europesays.com\/fr\/wp-json\/wp\/v2\/media\/119013"}],"wp:attachment":[{"href":"https:\/\/www.europesays.com\/fr\/wp-json\/wp\/v2\/media?parent=119012"}],"wp:term":[{"taxonomy":"category","embeddable":true,"href":"https:\/\/www.europesays.com\/fr\/wp-json\/wp\/v2\/categories?post=119012"},{"taxonomy":"post_tag","embeddable":true,"href":"https:\/\/www.europesays.com\/fr\/wp-json\/wp\/v2\/tags?post=119012"}],"curies":[{"name":"wp","href":"https:\/\/api.w.org\/{rel}","templated":true}]}}