{"id":119016,"date":"2025-05-22T08:52:10","date_gmt":"2025-05-22T08:52:10","guid":{"rendered":"https:\/\/www.europesays.com\/fr\/119016\/"},"modified":"2025-05-22T08:52:10","modified_gmt":"2025-05-22T08:52:10","slug":"choose-france-2025-ile-de-france-attire-des-projets-mondiaux-majeurs","status":"publish","type":"post","link":"https:\/\/www.europesays.com\/fr\/119016\/","title":{"rendered":"Choose France 2025 : \u00cele-de-France attire des projets mondiaux majeurs"},"content":{"rendered":"<p><img loading=\"lazy\" decoding=\"async\" alt=\"\u00a9 Antonin Albert - Plus d\u2019une dizaine d\u2019investissements majeurs ont \u00e9t\u00e9 annonc\u00e9s pour la r\u00e9gion \u00cele-de-France  \u00e0 l\u2019occasion du sommet Choose France.\" data-zoom-src=\"https:\/\/www.europesays.com\/fr\/wp-content\/uploads\/2025\/05\/initial-valerie-pecresse.jpg\" data-zoomable=\"\" height=\"702\" src=\"https:\/\/www.europesays.com\/fr\/wp-content\/uploads\/2025\/05\/initial-valerie-pecresse.jpg\" width=\"1248\"\/>  <\/p>\n<p class=\"article-desc\">\u00a9 Antonin Albert &#8211; Plus d\u2019une dizaine d\u2019investissements majeurs ont \u00e9t\u00e9 annonc\u00e9s pour la r\u00e9gion \u00cele-de-France \u00e0 l\u2019occasion du sommet Choose France. <\/p>\n<p>L\u2019\u00e9dition 2025 du sommet <a href=\"https:\/\/mesinfos.fr\/78000-versailles\/choose-france-a-versailles-emmanuel-macron-defie-la-regulation-europeenne-222771.html\" rel=\"noopener\" target=\"_blank\">Choose France<\/a>, qui s\u2019est tenue au <strong>ch\u00e2teau de Versailles<\/strong>, a renforc\u00e9 le statut de l\u2019\u00cele-de-France comme hub d\u2019investissement international. Port\u00e9e par <strong>Val\u00e9rie P\u00e9cresse<\/strong>, pr\u00e9sidente de la R\u00e9gion, et Baptiste Orlandini, directeur g\u00e9n\u00e9ral de Choose Paris Region, la r\u00e9gion a su capter une part importante des annonces \u00e9conomiques faites lors de l\u2019\u00e9v\u00e9nement. <\/p>\n<p>Parmi les investisseurs re\u00e7us : des <strong>poids lourds mondiaux<\/strong> tels que Horiba, Netflix, MGX, MACOM, Cyclic Materials ou encore Apollo Global Management. Au total, plus d\u2019<strong>une dizaine de projets majeurs<\/strong> ont \u00e9t\u00e9 confirm\u00e9s pour la r\u00e9gion capitale. <\/p>\n<p>Des investissements cibl\u00e9s <\/p>\n<p>Parmi les projets les plus embl\u00e9matiques figure le <strong>campus d\u2019intelligence artificielle<\/strong> port\u00e9 par MGX (Abu Dhabi), Mistral AI et NVIDIA, premi\u00e8re \u00e9tape d\u2019un partenariat strat\u00e9gique qui pourrait atteindre jusqu\u2019\u00e0 50 milliards d\u2019euros. <\/p>\n<p>Autre annonce majeure : <strong>Prologis<\/strong> (\u00c9tats-Unis) investira pr\u00e8s d\u2019un milliard d\u2019euros pour d\u00e9velopper 750 000 m\u00e8tres carr\u00e9s d\u2019entrep\u00f4ts logistiques et construire quatre centres de donn\u00e9es, cr\u00e9ant plus de 5 000 emplois. <\/p>\n<p>Dans le secteur du luxe, Est\u00e9e Lauder Companies implantera \u00e0 Paris L\u2019Atelier, un centre d\u2019excellence pour la parfumerie haut de gamme, destin\u00e9 \u00e0 renforcer la <a href=\"https:\/\/mesinfos.fr\/95000-cergy\/congres-comet-la-filiere-cosmetique-en-effervescence-a-cergy-213731.html\" rel=\"noopener\" target=\"_blank\">fili\u00e8re cosm\u00e9tique<\/a> fran\u00e7aise.<\/p>\n<p>  L\u2019audiovisuel en plein essor <\/p>\n<p>L\u2019\u00e9dition 2025 a aussi mis l\u2019accent sur les industries culturelles et cr\u00e9atives. <a href=\"https:\/\/mesinfos.fr\/asterix-version-chabat-debarque-ce-mercredi-sur-netflix-faut-il-regarder-le-combat-des-chefs-221547.html\" rel=\"noopener\" target=\"_blank\">Netflix<\/a> a annonc\u00e9 un investissement de 250 millions d\u2019euros pour soutenir la production de contenus fran\u00e7ais (films, s\u00e9ries, documentaires), consolidant l\u2019\u00e9cosyst\u00e8me francilien de la cr\u00e9ation audiovisuelle. <\/p>\n<p><strong>Snapchat Inc.<\/strong> a \u00e9galement choisi Paris pour ouvrir un <strong>centre de r\u00e9alit\u00e9 augment\u00e9e<\/strong>, ax\u00e9 sur les technologies immersives et les nouveaux formats narratifs, confirmant l\u2019attractivit\u00e9 de l\u2019\u00cele-de-France dans l\u2019innovation num\u00e9rique et culturelle. <\/p>\n<p>Une strat\u00e9gie internationale renforc\u00e9e <\/p>\n<p><strong>Choose Paris Region<\/strong> entend d\u00e9sormais intensifier sa strat\u00e9gie d\u2019attractivit\u00e9 vers la zone Asie-Pacifique, notamment l\u2019Inde, la Chine, la Cor\u00e9e du Sud, le Japon et l\u2019Australie, pour attirer de nouveaux investissements dans les ann\u00e9es \u00e0 venir. <\/p>\n<p>\u201cL\u2019\u00cele-de-France dispose de tous les atouts pour accueillir les projets industriels et technologiques de demain\u201d, a d\u00e9clar\u00e9 Val\u00e9rie P\u00e9cresse, qui insiste sur la main-d\u2019\u0153uvre qualifi\u00e9e, les infrastructures de rang mondial et la volont\u00e9 politique d\u2019accompagner l\u2019innovation. Pour <strong>Baptiste Orlandini<\/strong>, la dynamique est claire : \u201cL\u2019\u00cele-de-France confirme qu\u2019elle est la porte d\u2019entr\u00e9e des grands projets internationaux en Europe.\u201d<\/p>\n","protected":false},"excerpt":{"rendered":"\u00a9 Antonin Albert &#8211; Plus d\u2019une dizaine d\u2019investissements majeurs ont \u00e9t\u00e9 annonc\u00e9s pour la r\u00e9gion \u00cele-de-France \u00e0 l\u2019occasion&hellip;\n","protected":false},"author":2,"featured_media":119017,"comment_status":"","ping_status":"","sticky":false,"template":"","format":"standard","meta":{"footnotes":""},"categories":[1592],"tags":[1111,11,21601,1777,674,1011,27,662,12,626,25],"class_list":{"0":"post-119016","1":"post","2":"type-post","3":"status-publish","4":"format-standard","5":"has-post-thumbnail","7":"category-ile-de-france","8":"tag-actu","9":"tag-actualites","10":"tag-choose-france","11":"tag-eu","12":"tag-europe","13":"tag-fr","14":"tag-france","15":"tag-ile-de-france","16":"tag-news","17":"tag-paris","18":"tag-republique-francaise"},"share_on_mastodon":{"url":"https:\/\/pubeurope.com\/@fr\/114550639484652159","error":""},"_links":{"self":[{"href":"https:\/\/www.europesays.com\/fr\/wp-json\/wp\/v2\/posts\/119016","targetHints":{"allow":["GET"]}}],"collection":[{"href":"https:\/\/www.europesays.com\/fr\/wp-json\/wp\/v2\/posts"}],"about":[{"href":"https:\/\/www.europesays.com\/fr\/wp-json\/wp\/v2\/types\/post"}],"author":[{"embeddable":true,"href":"https:\/\/www.europesays.com\/fr\/wp-json\/wp\/v2\/users\/2"}],"replies":[{"embeddable":true,"href":"https:\/\/www.europesays.com\/fr\/wp-json\/wp\/v2\/comments?post=119016"}],"version-history":[{"count":0,"href":"https:\/\/www.europesays.com\/fr\/wp-json\/wp\/v2\/posts\/119016\/revisions"}],"wp:featuredmedia":[{"embeddable":true,"href":"https:\/\/www.europesays.com\/fr\/wp-json\/wp\/v2\/media\/119017"}],"wp:attachment":[{"href":"https:\/\/www.europesays.com\/fr\/wp-json\/wp\/v2\/media?parent=119016"}],"wp:term":[{"taxonomy":"category","embeddable":true,"href":"https:\/\/www.europesays.com\/fr\/wp-json\/wp\/v2\/categories?post=119016"},{"taxonomy":"post_tag","embeddable":true,"href":"https:\/\/www.europesays.com\/fr\/wp-json\/wp\/v2\/tags?post=119016"}],"curies":[{"name":"wp","href":"https:\/\/api.w.org\/{rel}","templated":true}]}}