{"id":119018,"date":"2025-05-22T08:53:08","date_gmt":"2025-05-22T08:53:08","guid":{"rendered":"https:\/\/www.europesays.com\/fr\/119018\/"},"modified":"2025-05-22T08:53:08","modified_gmt":"2025-05-22T08:53:08","slug":"industrie-francilienne-philippe-duhamel-elu-president-du-gim","status":"publish","type":"post","link":"https:\/\/www.europesays.com\/fr\/119018\/","title":{"rendered":"Industrie francilienne : Philippe Duhamel \u00e9lu pr\u00e9sident du GIM"},"content":{"rendered":"<p><img loading=\"lazy\" decoding=\"async\" alt=\"\u00a9 GIM - Philippe Duhamel, nouveau pr\u00e9sident du Groupe des Industries M\u00e9tallurgiques.\" data-zoom-src=\"https:\/\/www.europesays.com\/fr\/wp-content\/uploads\/2025\/05\/initial-philippe-duhamel.jpg\" data-zoomable=\"\" height=\"702\" src=\"https:\/\/www.europesays.com\/fr\/wp-content\/uploads\/2025\/05\/initial-philippe-duhamel.jpg\" width=\"1248\"\/>  <\/p>\n<p class=\"article-desc\">\u00a9 GIM &#8211; Philippe Duhamel, nouveau pr\u00e9sident du Groupe des Industries M\u00e9tallurgiques. <\/p>\n<p>\u00c0 l\u2019occasion de son assembl\u00e9e g\u00e9n\u00e9rale du 16 mai dernier, le conseil d\u2019administration du <strong>Groupe des industries m\u00e9tallurgiques<\/strong> (GIM), syndicat patronal de la <strong>m\u00e9tallurgie<\/strong>, a \u00e9lu \u00e0 sa pr\u00e9sidence <strong>Philippe Duhamel<\/strong>, directeur g\u00e9n\u00e9ral adjoint, Syst\u00e8mes de mission de d\u00e9fense du groupe Thales. Il succ\u00e8de \u00e0 Bruno Berthet, pr\u00e9sident du conseil de surveillance d\u2019ARESIA, qui a pass\u00e9 six ann\u00e9es au service des<a href=\"https:\/\/mesinfos.fr\/ile-de-france\/industrie-francaise-entre-incertitude-et-combativite-face-au-protectionnisme-218377.html\" rel=\"noopener nofollow\" target=\"_blank\"> industriels<\/a> franciliens.\u00a0 <\/p>\n<p>Philippe Duhamel mettra son exp\u00e9rience au service des <strong>1 700 entreprises<\/strong> que repr\u00e9sente le <strong>GIM en \u00cele-de-France<\/strong> pour porter avec conviction les priorit\u00e9s du GIM que sont <strong>l\u2019accompagnement des entreprises<\/strong> dans leurs performances sociales et la <strong>valorisation des m\u00e9tiers<\/strong> et des formations industrielles. <\/p>\n<p>\u201cC\u2019est un honneur pour moi de porter aujourd\u2019hui la voix des industriels franciliens en tant que Pr\u00e9sident du GIM. J\u2019ai \u00e0 c\u0153ur de poursuivre l\u2019action engag\u00e9e par mon pr\u00e9d\u00e9cesseur en faveur de la r\u00e9industrialisation et de la promotion de l\u2019industrie en \u00cele-de-France. Dans un contexte de profondes mutations technologiques, \u00e9conomiques et g\u00e9opolitiques, l&rsquo;industrie fait face \u00e0 des d\u00e9fis importants et il est de notre responsabilit\u00e9 collective d&rsquo;accompagner ce secteur qui est la locomotive de notre r\u00e9gion. Nous avons des savoir-faire et des comp\u00e9tences importantes qu&rsquo;il nous faut d\u00e9fendre et mieux valoriser, si nous voulons construire une industrie innovante, souveraine et durable\u201d, a d\u00e9clar\u00e9 Philippe Duhamel. <\/p>\n<p> Un ing\u00e9nieur de formation, expert des activit\u00e9s de d\u00e9fense a\u00e9rienne <\/p>\n<p>Philippe Duhamel a rejoint le groupe <a href=\"https:\/\/mesinfos.fr\/ile-de-france\/le-futur-du-ticket-de-metro-est-concu-en-essonne-par-thales-181496.html\" rel=\"noopener nofollow\" target=\"_blank\">Thales<\/a> il y a 35 ans au sein des activit\u00e9s Op\u00e9rations A\u00e9riennes. Auparavant directeur des Op\u00e9rations et Fonctions Op\u00e9rationnelles au sein de la Direction Op\u00e9rations et Performance pendant un an, il occupe le poste de directeur g\u00e9n\u00e9ral adjoint, Syst\u00e8mes de Mission de D\u00e9fense depuis septembre 2017.\u00a0 <\/p>\n<p>De 2001 \u00e0 2003, il a \u00e9t\u00e9 directeur des offres de l\u2019activit\u00e9 Contr\u00f4le de Trafic A\u00e9rien de Thales. De 2003 \u00e0 2010, il est successivement directeur des programmes pour les radars navals et syst\u00e8mes antia\u00e9riens terrestres de Thales aux Pays-Bas, puis vice-pr\u00e9sident radars terrestres de la business line Surface Radar. <\/p>\n<p>En 2010, Philippe Duhamel prend la pr\u00e9sidence de Thales Raytheon Systems France, entit\u00e9 fran\u00e7aise d\u00e9di\u00e9e aux syst\u00e8mes de d\u00e9fense a\u00e9rienne pour les arm\u00e9es dans tous les pays.\u00a0 <\/p>\n<p>En 2013, il est nomm\u00e9 directeur g\u00e9n\u00e9ral de Thales Raytheon Systems. <\/p>\n<p>Par ailleurs, Philippe Duhamel est ing\u00e9nieur dipl\u00f4m\u00e9 de l\u2019Institut national polytechnique de Grenoble et auditeur de la 65\u00e8me session \u201cpolitique de d\u00e9fense\u201d de l\u2019IHEDN. Il est Chevalier de la L\u00e9gion d\u2019honneur et titulaire de la m\u00e9daille de l\u2019A\u00e9ronautique. Enfin, Philippe Duhamel est membre du conseil d\u2019administration et du bureau du GIFAS et pr\u00e9side son comit\u00e9 D\u00e9fense depuis janvier 2024.\u00a0<\/p>\n","protected":false},"excerpt":{"rendered":"\u00a9 GIM &#8211; Philippe Duhamel, nouveau pr\u00e9sident du Groupe des Industries M\u00e9tallurgiques. \u00c0 l\u2019occasion de son assembl\u00e9e g\u00e9n\u00e9rale&hellip;\n","protected":false},"author":2,"featured_media":119019,"comment_status":"","ping_status":"","sticky":false,"template":"","format":"standard","meta":{"footnotes":""},"categories":[1592],"tags":[1111,11,1777,674,1011,27,662,693,24004,12,626,25],"class_list":{"0":"post-119018","1":"post","2":"type-post","3":"status-publish","4":"format-standard","5":"has-post-thumbnail","7":"category-ile-de-france","8":"tag-actu","9":"tag-actualites","10":"tag-eu","11":"tag-europe","12":"tag-fr","13":"tag-france","14":"tag-ile-de-france","15":"tag-industrie","16":"tag-metallurgie","17":"tag-news","18":"tag-paris","19":"tag-republique-francaise"},"share_on_mastodon":{"url":"https:\/\/pubeurope.com\/@fr\/114550643374405839","error":""},"_links":{"self":[{"href":"https:\/\/www.europesays.com\/fr\/wp-json\/wp\/v2\/posts\/119018","targetHints":{"allow":["GET"]}}],"collection":[{"href":"https:\/\/www.europesays.com\/fr\/wp-json\/wp\/v2\/posts"}],"about":[{"href":"https:\/\/www.europesays.com\/fr\/wp-json\/wp\/v2\/types\/post"}],"author":[{"embeddable":true,"href":"https:\/\/www.europesays.com\/fr\/wp-json\/wp\/v2\/users\/2"}],"replies":[{"embeddable":true,"href":"https:\/\/www.europesays.com\/fr\/wp-json\/wp\/v2\/comments?post=119018"}],"version-history":[{"count":0,"href":"https:\/\/www.europesays.com\/fr\/wp-json\/wp\/v2\/posts\/119018\/revisions"}],"wp:featuredmedia":[{"embeddable":true,"href":"https:\/\/www.europesays.com\/fr\/wp-json\/wp\/v2\/media\/119019"}],"wp:attachment":[{"href":"https:\/\/www.europesays.com\/fr\/wp-json\/wp\/v2\/media?parent=119018"}],"wp:term":[{"taxonomy":"category","embeddable":true,"href":"https:\/\/www.europesays.com\/fr\/wp-json\/wp\/v2\/categories?post=119018"},{"taxonomy":"post_tag","embeddable":true,"href":"https:\/\/www.europesays.com\/fr\/wp-json\/wp\/v2\/tags?post=119018"}],"curies":[{"name":"wp","href":"https:\/\/api.w.org\/{rel}","templated":true}]}}