{"id":119020,"date":"2025-05-22T08:54:13","date_gmt":"2025-05-22T08:54:13","guid":{"rendered":"https:\/\/www.europesays.com\/fr\/119020\/"},"modified":"2025-05-22T08:54:13","modified_gmt":"2025-05-22T08:54:13","slug":"apres-avoir-dezingue-les-pires-restaurants-de-paris-ces-influenceurs-veulent-soutenir-les-plus-vides","status":"publish","type":"post","link":"https:\/\/www.europesays.com\/fr\/119020\/","title":{"rendered":"Apr\u00e8s avoir d\u00e9zingu\u00e9 \u00ab\u00a0les pires restaurants de Paris\u00a0\u00bb, ces influenceurs veulent soutenir \u00ab\u00a0les plus vides\u00a0\u00bb"},"content":{"rendered":"<p>            Par<br \/>\n        <strong><br \/>\n            <a href=\"https:\/\/actu.fr\/auteur\/ines-cussac-actu-fr\" title=\"Consulter tous les articles de In\u00e8s Cussac\" target=\"_blank\" rel=\"noopener\">In\u00e8s Cussac<\/a><br \/>\n        <\/strong><\/p>\n<p>        Publi\u00e9 le<\/p>\n<p>            3 mai 2025 \u00e0 8h18        <\/p>\n<p>C\u2019est d\u00e9cid\u00e9, ils reviendront. Sur les r\u00e9seaux sociaux, deux jeunes influenceurs venus tout droit de <a href=\"https:\/\/actu.fr\/ile-de-france\/paris_75056\" target=\"_blank\" rel=\"noopener\">Paris<\/a> rencontrent le succ\u00e8s en publiant des vid\u00e9os de leurs exp\u00e9riences culinaires. Sous le pseudo \u00ab\u2009On ne reviendra pas\u2009\u00bb, le couple qui court <strong>les <a href=\"https:\/\/actu.fr\/tag\/restaurant\" target=\"_blank\" rel=\"noopener\">restaurants<\/a> et h\u00f4tels les moins bien not\u00e9s d\u2019Internet<\/strong>, filme d\u00e9sormais ses visites dans les \u00e9tablissements<strong> les plus vides de la capitale<\/strong>. Le compte Instagram d\u00e9passe m\u00eame les 100\u2009000 abonn\u00e9s. \u00ab\u2009Passionn\u00e9 de gastronomie et de cr\u00e9ation de contenu\u2009\u00bb, le duo veut surtout \u00ab\u2009comprendre les raisons de ces avis\u2009\u00bb.<\/p>\n<p>Une vid\u00e9o en lendemain de soir\u00e9e<\/p>\n<p class=\" wall-content\">Le concept est n\u00e9 il y a un an au lendemain d\u2019une soir\u00e9e. \u00ab\u2009Alors que nous cherchions un endroit o\u00f9 manger, nous sommes tomb\u00e9s sur <strong>un restaurant asiatique avec des prix exorbitants et une qualit\u00e9 m\u00e9diocre<\/strong>\u2009\u00bb, rembobinent les deux jeunes aupr\u00e8s d\u2019actu Paris. C\u2019est \u00e0 ce moment que l\u2019un sort sa cam\u00e9ra \u00ab\u2009spontan\u00e9ment\u2009\u00bb pour filmer et partager la vid\u00e9o sur une story priv\u00e9e Instagram. Les r\u00e9actions des amis s\u2019encha\u00eenent et ils d\u00e9cident de finalement poster les images sur TikTok. C\u2019est un carton. \u00ab\u2009La vid\u00e9o a rapidement atteint 1,5\u00a0million de vues, ce qui nous a motiv\u00e9s \u00e0 poursuivre l\u2019aventure\u2009\u00bb, admettent-ils.<\/p>\n<p class=\" wall-content\"><a href=\"https:\/\/www.instagram.com\/p\/DCj5IaDokrR\/embed\" title=\"Ouvrir le lien sur Instagram\" target=\"_blank\" rel=\"noopener\">Visualiser le contenu sur Instagram<\/a><\/p>\n<p class=\" wall-content\">Avec des critiques \u00ab\u2009honn\u00eates\u2009\u00bb et \u00ab\u2009constructives\u2009\u00bb, selon eux, les deux comp\u00e8res divertissent aussi leur auditoire, jamais en mal de nouveaut\u00e9. \u00ab\u2009R\u00e9cemment, nous avons \u00e9galement commenc\u00e9 \u00e0 mettre en lumi\u00e8re des restaurants de qualit\u00e9 qui manquent de visibilit\u00e9, afin de <strong>leur apporter un coup de pouce.<\/strong>\u2009\u00bb<\/p>\n<p class=\" wall-content\">L\u00e0 encore, c\u2019est une r\u00e9ussite. \u00ab\u2009J\u2019aime le nouveau concept. La restauration est un m\u00e9tier difficile et <strong>il faut aider les bons restaurateurs<\/strong>. D\u2019un autre c\u00f4t\u00e9, le client doit savoir o\u00f9 il met les pieds. Donc le concept mixte a tout son sens\u2009!\u2009\u00bb applaudit une internaute sous une vid\u00e9o o\u00f9 le couple se filme dans \u00ab\u2009le restaurant italien le plus vide de Paris\u2009\u00bb. \u00ab\u2009En vrai, c\u2019est archi cool ce que vous faites\u2009\u00bb, remercie un autre dans une vid\u00e9o concernant un restaurant tunisien\u00a0d\u00e9pourvu de clients.<\/p>\n<p class=\" wall-content\"><a href=\"https:\/\/www.instagram.com\/p\/DI9fEzeMEP8\/embed\" title=\"Ouvrir le lien sur Instagram\" target=\"_blank\" rel=\"noopener\">Visualiser le contenu sur Instagram<\/a><\/p>\n<p>\u00ab\u2009Honn\u00eatet\u00e9 et respect\u2009\u00bb<\/p>\n<p class=\" wall-content\">Lorsque les deux influenceurs ciblent un \u00e9tablissement, ce n\u2019est donc pas toujours pour en dire du mal. \u00ab\u2009Nous s\u00e9lectionnons les \u00e9tablissements en fonction des recommandations de notre communaut\u00e9, des notes sur les plateformes en ligne et de nos propres recherches\u2009\u00bb, ajoutent-ils.<\/p>\n<p class=\" wall-content\">Et apr\u00e8s\u2009? Toutes les vid\u00e9os qui cumulent des milliers de vues <strong>ne sont pas sans cons\u00e9quences<\/strong>, positives ou n\u00e9gatives, pour les \u00e9tablissements. \u00ab\u2009Nous veillons \u00e0 flouter les visages et \u00e0 ne pas divulguer les noms des \u00e9tablissements lorsque les retours sont n\u00e9gatifs\u2009\u00bb, pr\u00e9cise le duo. \u00c0 l\u2019inverse, si l\u2019adresse vaut le d\u00e9tour elle est partag\u00e9e. \u00ab\u2009Notre d\u00e9marche est guid\u00e9e par l\u2019honn\u00eatet\u00e9 et le respect\u2009\u00bb, assurent-ils bien qu\u2019aucun des deux ne soit sp\u00e9cialiste du secteur mais plut\u00f4t simple \u00ab\u2009amateur de bonne cuisine\u2009\u00bb.<\/p>\n<p class=\" wall-content\">Suivez toute l\u2019actualit\u00e9 de vos villes et m\u00e9dias favoris en vous inscrivant \u00e0 <a href=\"https:\/\/moncompte.actu.fr\" title=\"D\u00e9couvez Mon Actu\" rel=\"nofollow noopener\" data-trk=\"{&quot;cta&quot;:{&quot;action&quot;:&quot;https:\\\/\\\/moncompte.actu.fr&quot;,&quot;category&quot;:&quot;mon compte&quot;,&quot;from&quot;:&quot;article footer&quot;,&quot;name&quot;:&quot;Mon actu&quot;,&quot;type&quot;:&quot;cta&quot;}}\" target=\"_blank\">Mon Actu<\/a>.<\/p>\n<p>                    <script async src=\"\/\/www.instagram.com\/embed.js\"><\/script><\/p>\n","protected":false},"excerpt":{"rendered":"Par In\u00e8s Cussac Publi\u00e9 le 3 mai 2025 \u00e0 8h18 C\u2019est d\u00e9cid\u00e9, ils reviendront. Sur les r\u00e9seaux sociaux,&hellip;\n","protected":false},"author":2,"featured_media":119021,"comment_status":"","ping_status":"","sticky":false,"template":"","format":"standard","meta":{"footnotes":""},"categories":[1888],"tags":[1111,1928,11,1927,1777,674,1011,27,12,1926,626,1925,25,938,1340,104,2439],"class_list":{"0":"post-119020","1":"post","2":"type-post","3":"status-publish","4":"format-standard","5":"has-post-thumbnail","7":"category-paris","8":"tag-actu","9":"tag-actu-paris","10":"tag-actualites","11":"tag-actualites-paris","12":"tag-eu","13":"tag-europe","14":"tag-fr","15":"tag-france","16":"tag-news","17":"tag-news-paris","18":"tag-paris","19":"tag-paris-news","20":"tag-republique-francaise","21":"tag-reseaux-sociaux","22":"tag-restaurant","23":"tag-societe","24":"tag-tiktok"},"share_on_mastodon":{"url":"https:\/\/pubeurope.com\/@fr\/114550647459574973","error":""},"_links":{"self":[{"href":"https:\/\/www.europesays.com\/fr\/wp-json\/wp\/v2\/posts\/119020","targetHints":{"allow":["GET"]}}],"collection":[{"href":"https:\/\/www.europesays.com\/fr\/wp-json\/wp\/v2\/posts"}],"about":[{"href":"https:\/\/www.europesays.com\/fr\/wp-json\/wp\/v2\/types\/post"}],"author":[{"embeddable":true,"href":"https:\/\/www.europesays.com\/fr\/wp-json\/wp\/v2\/users\/2"}],"replies":[{"embeddable":true,"href":"https:\/\/www.europesays.com\/fr\/wp-json\/wp\/v2\/comments?post=119020"}],"version-history":[{"count":0,"href":"https:\/\/www.europesays.com\/fr\/wp-json\/wp\/v2\/posts\/119020\/revisions"}],"wp:featuredmedia":[{"embeddable":true,"href":"https:\/\/www.europesays.com\/fr\/wp-json\/wp\/v2\/media\/119021"}],"wp:attachment":[{"href":"https:\/\/www.europesays.com\/fr\/wp-json\/wp\/v2\/media?parent=119020"}],"wp:term":[{"taxonomy":"category","embeddable":true,"href":"https:\/\/www.europesays.com\/fr\/wp-json\/wp\/v2\/categories?post=119020"},{"taxonomy":"post_tag","embeddable":true,"href":"https:\/\/www.europesays.com\/fr\/wp-json\/wp\/v2\/tags?post=119020"}],"curies":[{"name":"wp","href":"https:\/\/api.w.org\/{rel}","templated":true}]}}