{"id":119023,"date":"2025-05-22T08:56:08","date_gmt":"2025-05-22T08:56:08","guid":{"rendered":"https:\/\/www.europesays.com\/fr\/119023\/"},"modified":"2025-05-22T08:56:08","modified_gmt":"2025-05-22T08:56:08","slug":"paris-au-coeur-du-triangle-dor-lemblematique-garage-citroen-des-annees-1930-se-mue-en-bureaux-modernes","status":"publish","type":"post","link":"https:\/\/www.europesays.com\/fr\/119023\/","title":{"rendered":"Paris\u00a0: \u00ab\u00a0au c\u0153ur du Triangle d\u2019or\u00a0\u00bb, l\u2019embl\u00e9matique garage Citro\u00ebn des ann\u00e9es 1930 se mue en bureaux modernes"},"content":{"rendered":"<p class=\"paragraph text_align_left\">Depuis la toiture v\u00e9g\u00e9talis\u00e9e se d\u00e9voile la tour Eiffel dans son int\u00e9gralit\u00e9. Des prises \u00e9lectriques int\u00e9gr\u00e9es au mobilier ext\u00e9rieur invitent au travail en plein air, avec cette vue imprenable. Un cadre idyllique dont profiteront bient\u00f4t les futurs locataires d\u2019\u00ab Ic\u00f4ne \u00bb, ce b\u00e2timent du 32-34, rue Marbeuf (Paris VIIIe), autrefois <a href=\"https:\/\/www.leparisien.fr\/paris-75\/parkings-aeriens-garages-comment-paris-donne-une-autre-vie-a-ces-lieux-en-voie-dextinction-29-11-2023-DLCY5GWJEBDMDBZVRRVUL44LJI.php\" target=\"_blank\" rel=\"noreferrer nofollow noopener\">garage automobile<\/a>.<\/p>\n<p class=\"paragraph text_align_left\">\u00c0 deux pas des <a href=\"https:\/\/www.leparisien.fr\/paris-75\/champs-elysees\/\" target=\"_blank\" rel=\"noreferrer nofollow noopener\">Champs-\u00c9lys\u00e9es<\/a> \u2013 o\u00f9 Citro\u00ebn poss\u00e9dait \u00e9galement un \u00e9crin remarquable, le C42, ferm\u00e9 en 2018 et aujourd\u2019hui occup\u00e9 par une <a href=\"https:\/\/www.leparisien.fr\/paris-75\/montee-du-luxe-et-succes-du-sportswear-comment-les-champs-elysees-se-reinventent-11-04-2024-JKDDPWWN2ZHXXKEDB3OBJDNPVU.php\" target=\"_blank\" rel=\"noreferrer nofollow noopener\">marque de sportswear<\/a> \u2013 l\u2019ancien showroom de la rue Marbeuf, t\u00e9moin de l\u2019essor automobile des ann\u00e9es 1920, s\u2019appr\u00eate \u00e0 \u00e9crire un nouveau chapitre de son histoire. Apr\u00e8s trois ans de travaux, le b\u00e2timent Art d\u00e9co retrouve une certaine splendeur et adopte les standards les plus modernes du <a href=\"http:\/\/leparisien.fr\/vie-de-bureau\/paris-pour-faire-moins-de-teletravail-les-salaries-reclament-des-bureaux-mieux-decores-14-11-2024-ZLRST6KU5BFXJBJAIUONAOB5BM.php\" target=\"_blank\" rel=\"noreferrer nofollow noopener\">bureau post-Covid<\/a>.<\/p>\n","protected":false},"excerpt":{"rendered":"Depuis la toiture v\u00e9g\u00e9talis\u00e9e se d\u00e9voile la tour Eiffel dans son int\u00e9gralit\u00e9. Des prises \u00e9lectriques int\u00e9gr\u00e9es au mobilier&hellip;\n","protected":false},"author":2,"featured_media":119024,"comment_status":"","ping_status":"","sticky":false,"template":"","format":"standard","meta":{"footnotes":""},"categories":[1888],"tags":[11,1777,674,1011,27,1116,1944,12,626,25],"class_list":{"0":"post-119023","1":"post","2":"type-post","3":"status-publish","4":"format-standard","5":"has-post-thumbnail","7":"category-paris","8":"tag-actualites","9":"tag-eu","10":"tag-europe","11":"tag-fr","12":"tag-france","13":"tag-immobilier","14":"tag-ma-ville","15":"tag-news","16":"tag-paris","17":"tag-republique-francaise"},"share_on_mastodon":{"url":"https:\/\/pubeurope.com\/@fr\/114550655078277743","error":""},"_links":{"self":[{"href":"https:\/\/www.europesays.com\/fr\/wp-json\/wp\/v2\/posts\/119023","targetHints":{"allow":["GET"]}}],"collection":[{"href":"https:\/\/www.europesays.com\/fr\/wp-json\/wp\/v2\/posts"}],"about":[{"href":"https:\/\/www.europesays.com\/fr\/wp-json\/wp\/v2\/types\/post"}],"author":[{"embeddable":true,"href":"https:\/\/www.europesays.com\/fr\/wp-json\/wp\/v2\/users\/2"}],"replies":[{"embeddable":true,"href":"https:\/\/www.europesays.com\/fr\/wp-json\/wp\/v2\/comments?post=119023"}],"version-history":[{"count":0,"href":"https:\/\/www.europesays.com\/fr\/wp-json\/wp\/v2\/posts\/119023\/revisions"}],"wp:featuredmedia":[{"embeddable":true,"href":"https:\/\/www.europesays.com\/fr\/wp-json\/wp\/v2\/media\/119024"}],"wp:attachment":[{"href":"https:\/\/www.europesays.com\/fr\/wp-json\/wp\/v2\/media?parent=119023"}],"wp:term":[{"taxonomy":"category","embeddable":true,"href":"https:\/\/www.europesays.com\/fr\/wp-json\/wp\/v2\/categories?post=119023"},{"taxonomy":"post_tag","embeddable":true,"href":"https:\/\/www.europesays.com\/fr\/wp-json\/wp\/v2\/tags?post=119023"}],"curies":[{"name":"wp","href":"https:\/\/api.w.org\/{rel}","templated":true}]}}