{"id":119038,"date":"2025-05-22T09:04:08","date_gmt":"2025-05-22T09:04:08","guid":{"rendered":"https:\/\/www.europesays.com\/fr\/119038\/"},"modified":"2025-05-22T09:04:08","modified_gmt":"2025-05-22T09:04:08","slug":"leurope-doit-aller-beaucoup-plus-loin-dans-la-simplification-selon-benjamin-haddad-politico","status":"publish","type":"post","link":"https:\/\/www.europesays.com\/fr\/119038\/","title":{"rendered":"L\u2019Europe doit aller beaucoup plus loin dans la simplification selon Benjamin Haddad \u2013 POLITICO"},"content":{"rendered":"<p>\u00c0 la question de savoir si le paquet omnibus devrait \u00eatre suivi d\u2019autres efforts de simplification, il a r\u00e9pondu : \u201cBien s\u00fbr. Nous devrons nous pencher sur de nombreux autres domaines, y compris la d\u00e9fense.\u201d<\/p>\n<p>Ses commentaires font suite \u00e0 <a href=\"https:\/\/www.politico.eu\/article\/macron-merz-supply-chain-green-ethical\/\" target=\"_blank\" rel=\"noopener\">une initiative conjointe<\/a> des dirigeants fran\u00e7ais et allemand visant \u00e0 abolir la CS3D, une directive sur la responsabilit\u00e9 des entreprises dans leur approvisionnement. Les deux dirigeants \u0153uvrent dans le cadre d\u2019un effort pro-entreprise anti-\u00e9cologique destin\u00e9 \u00e0 renforcer la comp\u00e9titivit\u00e9 de l&rsquo;Europe.<\/p>\n<p>Le ministre de l\u2019Europe a affirm\u00e9 que plusieurs pays de l\u2019UE, en plus de la France et de l\u2019Allemagne, souhaitent aller au-del\u00e0 de la rationalisation propos\u00e9e par la Commission et abolir compl\u00e8tement la directive.<\/p>\n<p>Une ambition climatique sur pause<\/p>\n<p>Benjamin Haddad s\u2019est \u00e9galement attaqu\u00e9 aux objectifs climatiques de l\u2019Union europ\u00e9enne pour 2040. \u201cJ\u2019entends parler d\u2019autres projets de la Commission, comme la cr\u00e9ation de nouveaux crit\u00e8res environnementaux pour 2040. Ce n\u2019est pas le moment d\u2019ajouter de la complexit\u00e9, mais de voir comment nous pouvons faire en sorte que nos entreprises soient comp\u00e9titives sur la sc\u00e8ne internationale.\u201d<\/p>\n<p>\u201cLa d\u00e9carbonation ne peut pas renforcer les industries chinoise et am\u00e9ricaine. Faisons donc une pause normative et accompagnons nos entreprises, prot\u00e9geons-les.\u201d<\/p>\n<p>Tout en s\u2019attaquant \u00e0 la r\u00e9glementation, l\u2019UE doit \u00e9galement surmonter des d\u00e9cennies d\u2019inertie et commencer \u00e0 unifier son march\u00e9 unique fragment\u00e9 afin que les entreprises europ\u00e9ennes puissent puiser dans des r\u00e9serves de capital plus importantes et se d\u00e9velopper suffisamment pour rivaliser avec leurs concurrents am\u00e9ricains et chinois, a d\u00e9clar\u00e9 Benjamin Haddad.<\/p>\n","protected":false},"excerpt":{"rendered":"\u00c0 la question de savoir si le paquet omnibus devrait \u00eatre suivi d\u2019autres efforts de simplification, il a&hellip;\n","protected":false},"author":2,"featured_media":119039,"comment_status":"","ping_status":"","sticky":false,"template":"","format":"standard","meta":{"footnotes":""},"categories":[1586],"tags":[47,11,672,24006,1777,674,1779,1011,27,12,25,1778,364],"class_list":{"0":"post-119038","1":"post","2":"type-post","3":"status-publish","4":"format-standard","5":"has-post-thumbnail","7":"category-europe","8":"tag-actualite","9":"tag-actualites","10":"tag-allemagne","11":"tag-benjamin-haddad","12":"tag-eu","13":"tag-europe","14":"tag-european-union","15":"tag-fr","16":"tag-france","17":"tag-news","18":"tag-republique-francaise","19":"tag-ue","20":"tag-union-europeenne"},"share_on_mastodon":{"url":"https:\/\/pubeurope.com\/@fr\/114550686807352946","error":""},"_links":{"self":[{"href":"https:\/\/www.europesays.com\/fr\/wp-json\/wp\/v2\/posts\/119038","targetHints":{"allow":["GET"]}}],"collection":[{"href":"https:\/\/www.europesays.com\/fr\/wp-json\/wp\/v2\/posts"}],"about":[{"href":"https:\/\/www.europesays.com\/fr\/wp-json\/wp\/v2\/types\/post"}],"author":[{"embeddable":true,"href":"https:\/\/www.europesays.com\/fr\/wp-json\/wp\/v2\/users\/2"}],"replies":[{"embeddable":true,"href":"https:\/\/www.europesays.com\/fr\/wp-json\/wp\/v2\/comments?post=119038"}],"version-history":[{"count":0,"href":"https:\/\/www.europesays.com\/fr\/wp-json\/wp\/v2\/posts\/119038\/revisions"}],"wp:featuredmedia":[{"embeddable":true,"href":"https:\/\/www.europesays.com\/fr\/wp-json\/wp\/v2\/media\/119039"}],"wp:attachment":[{"href":"https:\/\/www.europesays.com\/fr\/wp-json\/wp\/v2\/media?parent=119038"}],"wp:term":[{"taxonomy":"category","embeddable":true,"href":"https:\/\/www.europesays.com\/fr\/wp-json\/wp\/v2\/categories?post=119038"},{"taxonomy":"post_tag","embeddable":true,"href":"https:\/\/www.europesays.com\/fr\/wp-json\/wp\/v2\/tags?post=119038"}],"curies":[{"name":"wp","href":"https:\/\/api.w.org\/{rel}","templated":true}]}}