{"id":119054,"date":"2025-05-22T09:14:08","date_gmt":"2025-05-22T09:14:08","guid":{"rendered":"https:\/\/www.europesays.com\/fr\/119054\/"},"modified":"2025-05-22T09:14:08","modified_gmt":"2025-05-22T09:14:08","slug":"populiste-desastre-le-ministre-mckenzie-ereinte-par-la-presse-sud-africaine","status":"publish","type":"post","link":"https:\/\/www.europesays.com\/fr\/119054\/","title":{"rendered":"\u201cPopuliste\u201d, \u201cd\u00e9sastre\u201d\u2026 Le ministre McKenzie \u00e9reint\u00e9 par la presse sud-africaine"},"content":{"rendered":"\n<p>Alors que l\u2019Afrique du Sud est confront\u00e9e \u00e0 un taux de ch\u00f4mage qui touche pr\u00e8s d\u2019un tiers de sa population, le ministre des Sports, des Arts et de la Culture, Gayton McKenzie, a choisi de se lancer dans une chasse aux \u00e9trangers, l\u2019un de ses th\u00e8mes de pr\u00e9dilection. \u201cTant que je serai ministre, aucun \u00e9tranger ne pourra travailler\u00a0au sein d\u2019une entit\u00e9 si un Sud-Africain peut faire le m\u00eame travail\u201d, a-t-il claironn\u00e9 la semaine derni\u00e8re devant les responsables de son administration. Ces derniers doivent se soumettre \u00e0 un audit afin de faire conna\u00eetre le nombre de non-nationaux dans leurs rangs.<\/p>\n<p>Le leader de l\u2019Alliance patriotique (PA), qui a rejoint l\u2019ann\u00e9e derni\u00e8re le gouvernement de coalition dirig\u00e9 par le pr\u00e9sident Cyril Ramaphosa \u00e0 la suite de la perte de la majorit\u00e9 absolue par le Congr\u00e8s national africain (ANC), a notamment insist\u00e9 sur le cas de deux Zimbabw\u00e9ens employ\u00e9s au sein du Market Theatre, \u00e0 Johannesburg,<a class=\"ithalc\" data-ithal=\"lien_externe\" data-ithalc=\"[nav_article]\" target=\"_blank\" href=\"https:\/\/www.dailymaverick.co.za\/article\/2025-05-19-gayton-mckenzies-vulgar-foreigners-outburst-needs-to-be-called-out-by-the-gnu-he-serves\/\" rel=\"noopener\"> comme l\u2019a relev\u00e9 le 19\u00a0mai <strong>Daily Maverick<\/strong><\/a><strong>.<\/strong><\/p>\n<p> \u201cVulgarit\u00e9 populiste\u201d <\/p>\n<p>Le m\u00e9dia sud-africain estime que cette \u201cdiatribe x\u00e9nophobe\u201d n\u2019est pas d\u00e9nu\u00e9e d\u2019accents \u201ctrumpistes dans sa vulgarit\u00e9 populiste\u201d, et <a class=\"ithalc\" data-ithal=\"lien_externe\" data-ithalc=\"[nav_article]\" target=\"_blank\" href=\"https:\/\/www.dailymaverick.co.za\/article\/2025-05-20-minister-mckenzie-your-directives-are-morally-repugnant-and-devoid-of-legal-authority\/\" rel=\"noopener\">relaie \u00e9galement, sur son site, une tribune<\/a> sign\u00e9e par plusieurs organisations de la soci\u00e9t\u00e9 civile, qui jugent ses actions <\/p>\n","protected":false},"excerpt":{"rendered":"Alors que l\u2019Afrique du Sud est confront\u00e9e \u00e0 un taux de ch\u00f4mage qui touche pr\u00e8s d\u2019un tiers de&hellip;\n","protected":false},"author":2,"featured_media":119055,"comment_status":"","ping_status":"","sticky":false,"template":"","format":"standard","meta":{"footnotes":""},"categories":[1412],"tags":[879,5594,24014,1451,1452,1453,1454,1455,1011,27,1061,316,517,60],"class_list":{"0":"post-119054","1":"post","2":"type-post","3":"status-publish","4":"format-standard","5":"has-post-thumbnail","7":"category-f1","8":"tag-afrique","9":"tag-afrique-du-sud","10":"tag-du00e9mocratie-et-populisme","11":"tag-f1","12":"tag-formula-1","13":"tag-formula1","14":"tag-formule-1","15":"tag-formule1","16":"tag-fr","17":"tag-france","18":"tag-immigration","19":"tag-politique","20":"tag-sport","21":"tag-sports"},"share_on_mastodon":{"url":"https:\/\/pubeurope.com\/@fr\/114550725920671629","error":""},"_links":{"self":[{"href":"https:\/\/www.europesays.com\/fr\/wp-json\/wp\/v2\/posts\/119054","targetHints":{"allow":["GET"]}}],"collection":[{"href":"https:\/\/www.europesays.com\/fr\/wp-json\/wp\/v2\/posts"}],"about":[{"href":"https:\/\/www.europesays.com\/fr\/wp-json\/wp\/v2\/types\/post"}],"author":[{"embeddable":true,"href":"https:\/\/www.europesays.com\/fr\/wp-json\/wp\/v2\/users\/2"}],"replies":[{"embeddable":true,"href":"https:\/\/www.europesays.com\/fr\/wp-json\/wp\/v2\/comments?post=119054"}],"version-history":[{"count":0,"href":"https:\/\/www.europesays.com\/fr\/wp-json\/wp\/v2\/posts\/119054\/revisions"}],"wp:featuredmedia":[{"embeddable":true,"href":"https:\/\/www.europesays.com\/fr\/wp-json\/wp\/v2\/media\/119055"}],"wp:attachment":[{"href":"https:\/\/www.europesays.com\/fr\/wp-json\/wp\/v2\/media?parent=119054"}],"wp:term":[{"taxonomy":"category","embeddable":true,"href":"https:\/\/www.europesays.com\/fr\/wp-json\/wp\/v2\/categories?post=119054"},{"taxonomy":"post_tag","embeddable":true,"href":"https:\/\/www.europesays.com\/fr\/wp-json\/wp\/v2\/tags?post=119054"}],"curies":[{"name":"wp","href":"https:\/\/api.w.org\/{rel}","templated":true}]}}