{"id":119060,"date":"2025-05-22T09:17:08","date_gmt":"2025-05-22T09:17:08","guid":{"rendered":"https:\/\/www.europesays.com\/fr\/119060\/"},"modified":"2025-05-22T09:17:08","modified_gmt":"2025-05-22T09:17:08","slug":"non-mais-allo-nabilla-enceinte-surprise-par-une-remarque-de-robert-de-niro","status":"publish","type":"post","link":"https:\/\/www.europesays.com\/fr\/119060\/","title":{"rendered":"\u00ab\u00a0Non mais allo\u2026\u00a0\u00bb\u00a0: Nabilla, enceinte, surprise par une remarque de Robert de Niro"},"content":{"rendered":"<p>J-2 avant de conna\u00eetre le laur\u00e9at de la Palme d&rsquo;or \u00e0 l&rsquo;occasion de la <strong><a href=\"https:\/\/www.public.fr\/festival-de-cannes-2025-melanie-thierry-en-robe-transparente-sa-culotte-devoilee-sur-le-tapis-rouge\" rel=\"nofollow noopener\" target=\"_blank\">78e \u00e9dition du Festival de Cannes<\/a><\/strong>. Qui succ\u00e9dera au film Anora du r\u00e9alisateur am\u00e9ricain Sean Baker\u00a0? <strong>R\u00e9ponse ce samedi 24\u00a0mai.<\/strong> Pour rappel, les <strong>neuf membres du jury<\/strong> -pr\u00e9sid\u00e9 par l&rsquo;actrice Juliette Binoche- sont en charge de d\u00e9partager les vingt-et-un films en comp\u00e9tition cette ann\u00e9e. D&rsquo;ici l\u00e0, <a href=\"https:\/\/www.public.fr\/festival-de-cannes-2025-adriana-karembeu-un-sublime-oiseau-sur-le-tapis-rouge\" rel=\"nofollow noopener\" target=\"_blank\">les stars continuent de <strong>faire le show<\/strong><\/a><strong> sur la Croisette<\/strong>. C&rsquo;\u00e9tait le cas de <strong>Nabilla<\/strong>. <a href=\"https:\/\/www.public.fr\/nabilla-ce-quelle-craignait-le-plus-pour-sa-premiere-fois-au-festival-de-cannes\" rel=\"nofollow noopener\" target=\"_blank\">Cette derni\u00e8re<\/a> est venue accompagn\u00e9e de son mari Thomas Vergara. Tous les deux ont assist\u00e9 \u00e0 la projection du film The history of sound d&rsquo;Oliver Hermanus.<\/p>\n<p>Pour l&rsquo;occasion, la star de t\u00e9l\u00e9-r\u00e9alit\u00e9 est apparue dans une <strong><a href=\"https:\/\/www.public.fr\/festival-de-cannes-2025-nabilla-enflamme-la-croisette-avec-une-robe-tres-osee-decollete-xxl-au-bras-de-son-mari-thomas\" rel=\"nofollow noopener\" target=\"_blank\">sublime robe longue<\/a> de couleur blanche<\/strong>. Une robe laissant appara\u00eetre <strong>un d\u00e9collet\u00e9 XXL.<\/strong> Pour la coiffure, l&rsquo;ex star de t\u00e9l\u00e9-r\u00e9alit\u00e9 a boucl\u00e9 ses cheveux tout en les laissant d\u00e9tach\u00e9s. Une mont\u00e9e des marches exceptionnelle pour <a href=\"https:\/\/www.public.fr\/fin-de-nrj12-une-fille-en-plein-prime-nabilla-et-thomas-evoquent-leur-troisieme-bebe\" rel=\"nofollow noopener\" target=\"_blank\">le couple<\/a> qui, toutefois,<strong> a failli virer \u00e0 la catastrophe<\/strong>. Et pour cause, le 20\u00a0mai, Nabilla a publi\u00e9 sur ses r\u00e9seaux sociaux une vid\u00e9o d&rsquo;elle \u00e0 l&rsquo;a\u00e9roport attendant patiemment <strong>sa valise qui contenait cette fameuse robe<\/strong>. <a href=\"https:\/\/www.public.fr\/je-vais-mourir-nabilla-benattia-avant-son-arrivee-au-festival-de-cannes-drame-et-triste-annonce\" rel=\"nofollow noopener\" target=\"_blank\">Une valise \u00e9gar\u00e9e<\/a> mais, heureusement, malgr\u00e9 l&rsquo;attente, son bien a fini par lui \u00eatre rendu.<\/p>\n<p>C&rsquo;est d&rsquo;ailleurs avec cette vid\u00e9o qu&rsquo;Anne-\u00c9lisabeth Lemoine a accueilli son invit\u00e9e ce 21\u00a0mai sur le plateau de \u00ab\u00a0C \u00e0 vous\u00a0\u00bb <strong>d\u00e9localis\u00e9 sur la Croisette<\/strong>. L&rsquo;occasion pour <a href=\"https:\/\/www.public.fr\/nabilla-apres-laccident-de-velo-de-son-fils-les-lourdes-consequences\" rel=\"nofollow noopener\" target=\"_blank\">la maman de deux enfants<\/a> de <strong>rencontrer <a href=\"https:\/\/www.public.fr\/jodie-foster-et-david-hallyday-tres-proches-laurent-delahousse-diffuse-une-photo-en-plein-20h30-le-dimanche\" rel=\"nofollow noopener\" target=\"_blank\">son idole Jodie Foster<\/a><\/strong>. D&rsquo;ailleurs, elle n&rsquo;a pas h\u00e9sit\u00e9 \u00e0 lui dire en anglais <strong>toute son admiration <\/strong>pour elle. Mais, sur le plateau, <a href=\"https:\/\/www.public.fr\/nabilla-longtemps-prives-de-leurs-cousins-milann-et-leyann-les-rencontrent-enfin\" rel=\"nofollow noopener\" target=\"_blank\">l&rsquo;ex candidate des \u00ab\u00a0Anges\u00a0\u00bb<\/a> en a profit\u00e9 aussi pour raconter <strong>une anecdote qui a marqu\u00e9 un de ses nombreux passages \u00e0 Cannes<\/strong>.<\/p>\n<blockquote class=\"twitter-tweet\">\n<p>\ud83e\udd2d \u00ab\u00a0J\u2019\u00e9tais enceinte de huit mois, j\u2019avais trouv\u00e9 une robe d\u2019un cr\u00e9ateur avec un trou, parce que je ne rentrais dans rien. J\u2019\u00e9tais dans la file, et l\u00e0 Robert De Niro me dit : &lsquo;Votre robe est tr\u00e8s originale.&rsquo; Non mais allo ?\u00a0\u00bb<\/p>\n<p>L&rsquo;anecdote de Nabilla avec Robert De Niro <a href=\"https:\/\/twitter.com\/hashtag\/C%C3%A0Vous?src=hash&amp;ref_src=twsrc%5Etfw\" rel=\"nofollow noopener\" target=\"_blank\">#C\u00e0Vous<\/a> <a href=\"https:\/\/t.co\/kiwXzG04q5\" rel=\"nofollow\">pic.twitter.com\/kiwXzG04q5<\/a><\/p>\n<p>\u2014 C \u00e0 vous (@cavousf5) <a href=\"https:\/\/twitter.com\/cavousf5\/status\/1925268383156629759?ref_src=twsrc%5Etfw\" rel=\"nofollow noopener\" target=\"_blank\">May 21, 2025<\/a><\/p><\/blockquote>\n<p>Nabilla\u00a0: cette robe qu&rsquo;elle a eu bien du mal \u00e0 trouver<\/p>\n<p><a href=\"https:\/\/www.google.com\/url?sa=t&amp;source=web&amp;rct=j&amp;opi=89978449&amp;url=https:\/\/vsd.fr\/13580-insolite-letonnante-resolution-de-nabilla\/&amp;ved=2ahUKEwiIzZucubaNAxWhK_sDHXWtCpYQFnoECBYQAQ&amp;usg=AOvVaw3gNlkPmOFmeQFvlfC9Qa6d\" rel=\"nofollow noopener\" target=\"_blank\">La jeune femme de 33 ans<\/a> a eu <strong>l&rsquo;opportunit\u00e9 de monter les marches de Cannes<\/strong> \u00e0 plusieurs reprises m\u00eame si certains ne comprennent pas que <a href=\"https:\/\/www.google.com\/url?sa=t&amp;source=web&amp;rct=j&amp;opi=89978449&amp;url=https:\/\/vsd.fr\/76425-nabilla-et-matthieu-delormeau-les-revelations-de-cyril-hanouna\/&amp;ved=2ahUKEwiIzZucubaNAxWhK_sDHXWtCpYQFnoECB4QAQ&amp;usg=AOvVaw1KSDc-3xEXuJin-Vz_kAkg\" rel=\"nofollow noopener\" target=\"_blank\">des influenceurs<\/a> soient invit\u00e9s \u00e0 participer \u00e0 un tel rendez-vous. \u00c0 cette occasion, <a href=\"https:\/\/www.google.com\/url?sa=t&amp;source=web&amp;rct=j&amp;opi=89978449&amp;url=https:\/\/vsd.fr\/26809-nabilla-devoile-ses-enormes-revenus-dans-complement-denquete\/&amp;ved=2ahUKEwiIzZucubaNAxWhK_sDHXWtCpYQFnoECDQQAQ&amp;usg=AOvVaw0WW_kXYJl5hEiM3voMxXa1\" rel=\"nofollow noopener\" target=\"_blank\">la fashionista<\/a> s&rsquo;est ainsi affich\u00e9e dans <strong>des robes les plus sublimes les unes que les autres<\/strong>. Tant\u00f4t a-t-elle mis en valeur son <strong>magnifique d\u00e9collet\u00e9<\/strong>, tant\u00f4t sa <strong>sublime chute de reins<\/strong>. Mais, il y a une ann\u00e9e\u2026 C&rsquo;\u00e9tait en 2022. Cette ann\u00e9e-l\u00e0, <a href=\"https:\/\/www.google.com\/url?sa=t&amp;source=web&amp;rct=j&amp;opi=89978449&amp;url=https:\/\/vsd.fr\/13580-insolite-letonnante-resolution-de-nabilla\/&amp;ved=2ahUKEwiG15KVvbaNAxULVqQEHQrSLnUQFnoECBsQAQ&amp;usg=AOvVaw3gNlkPmOFmeQFvlfC9Qa6d\" rel=\"nofollow noopener\" target=\"_blank\">la jolie brune <\/a>est apparue sur la Croisette <strong>enceinte de son deuxi\u00e8me fils<\/strong>. Du coup, cela n&rsquo;a <strong>pas \u00e9t\u00e9 simple de trouver une robe<\/strong>.<\/p>\n<p>Elle raconte ainsi <strong>cette \u00e9dition particuli\u00e8re <\/strong>pour elle o\u00f9 elle a pu monter les marches dans <strong>une sublime robe blanche fleurie <\/strong>et, par la suite, a \u00e9t\u00e9<strong> invit\u00e9e \u00e0 la soir\u00e9e de l&rsquo;amfAR<\/strong>. Il s&rsquo;agit l\u00e0 une des plus importantes fondations am\u00e9ricaines et mondiales pour le financement de la pr\u00e9vention et de la recherche m\u00e9dicale contre le sida. \u00ab\u00a0<strong>J&rsquo;\u00e9tais enceinte de huit mois. C&rsquo;\u00e9tait tr\u00e8s lourd<\/strong>. Puis, j&rsquo;avais trouv\u00e9 une robe d&rsquo;un cr\u00e9ateur avec un trou parce que <strong>je ne rentrais dans rien<\/strong> donc il fallait un trou\u00a0\u00bb, commence par raconter Nabilla qui a ensuite crois\u00e9 <a href=\"https:\/\/www.google.com\/url?sa=t&amp;source=web&amp;rct=j&amp;opi=89978449&amp;url=https:\/\/vsd.fr\/51475-patron-abusif-robert-de-niro-condamne-a-verser-une-somme-astronomique-a-son-ex-assistante\/&amp;ved=2ahUKEwjV2ZSZu7aNAxU4K_sDHdBaInYQFnoECBUQAQ&amp;usg=AOvVaw2DtWbq9m2SFlINq4g_vdCC\" rel=\"nofollow noopener\" target=\"_blank\">Robert de Niro<\/a>. Ce soir-l\u00e0, <a href=\"https:\/\/www.google.com\/url?sa=t&amp;source=web&amp;rct=j&amp;opi=89978449&amp;url=https:\/\/vsd.fr\/43396-robert-de-niro-les-stars-presentes-pour-celebrer-ses-80-ans\/&amp;ved=2ahUKEwjV2ZSZu7aNAxU4K_sDHdBaInYQFnoECBYQAQ&amp;usg=AOvVaw2oBJjhrf3F6J5nDPIevFNK\" rel=\"nofollow noopener\" target=\"_blank\">la star hollywoodienne<\/a> lui a alors lanc\u00e9\u00a0: \u00ab\u00a0<strong>Votre robe est vraiment originale<\/strong>\u00a0\u00bb et l\u00e0, \u00ab\u00a0<strong>je vois que c&rsquo;est Robert de Niro, non mais all\u00f4 quoi\u00a0?\u00a0!<\/strong>\u00ab\u00a0.<\/p>\n<p>      Mentionn\u00e9s dans cet article<\/p>\n<p>\u00c0 lire aussi<\/p>\n<p><script async src=\"https:\/\/platform.twitter.com\/widgets.js\" charset=\"utf-8\"><\/script><\/p>\n","protected":false},"excerpt":{"rendered":"J-2 avant de conna\u00eetre le laur\u00e9at de la Palme d&rsquo;or \u00e0 l&rsquo;occasion de la 78e \u00e9dition du Festival&hellip;\n","protected":false},"author":2,"featured_media":119061,"comment_status":"","ping_status":"","sticky":false,"template":"","format":"standard","meta":{"footnotes":""},"categories":[1359],"tags":[24015,5631,5632,7306,58,59,849,5634,1011,27,4467,24016,23482,973,17008],"class_list":{"0":"post-119060","1":"post","2":"type-post","3":"status-publish","4":"format-standard","5":"has-post-thumbnail","7":"category-people","8":"tag-allo-nabilla","9":"tag-anne-elisabeth-lemoine","10":"tag-c-a-vous","11":"tag-cannes","12":"tag-divertissement","13":"tag-entertainment","14":"tag-festival","15":"tag-festival-de-cannes","16":"tag-fr","17":"tag-france","18":"tag-france-5","19":"tag-jodie-foster","20":"tag-nabilla-benattia","21":"tag-people","22":"tag-robert-de-niro"},"share_on_mastodon":{"url":"https:\/\/pubeurope.com\/@fr\/114550737817906290","error":""},"_links":{"self":[{"href":"https:\/\/www.europesays.com\/fr\/wp-json\/wp\/v2\/posts\/119060","targetHints":{"allow":["GET"]}}],"collection":[{"href":"https:\/\/www.europesays.com\/fr\/wp-json\/wp\/v2\/posts"}],"about":[{"href":"https:\/\/www.europesays.com\/fr\/wp-json\/wp\/v2\/types\/post"}],"author":[{"embeddable":true,"href":"https:\/\/www.europesays.com\/fr\/wp-json\/wp\/v2\/users\/2"}],"replies":[{"embeddable":true,"href":"https:\/\/www.europesays.com\/fr\/wp-json\/wp\/v2\/comments?post=119060"}],"version-history":[{"count":0,"href":"https:\/\/www.europesays.com\/fr\/wp-json\/wp\/v2\/posts\/119060\/revisions"}],"wp:featuredmedia":[{"embeddable":true,"href":"https:\/\/www.europesays.com\/fr\/wp-json\/wp\/v2\/media\/119061"}],"wp:attachment":[{"href":"https:\/\/www.europesays.com\/fr\/wp-json\/wp\/v2\/media?parent=119060"}],"wp:term":[{"taxonomy":"category","embeddable":true,"href":"https:\/\/www.europesays.com\/fr\/wp-json\/wp\/v2\/categories?post=119060"},{"taxonomy":"post_tag","embeddable":true,"href":"https:\/\/www.europesays.com\/fr\/wp-json\/wp\/v2\/tags?post=119060"}],"curies":[{"name":"wp","href":"https:\/\/api.w.org\/{rel}","templated":true}]}}