{"id":119067,"date":"2025-05-22T09:21:09","date_gmt":"2025-05-22T09:21:09","guid":{"rendered":"https:\/\/www.europesays.com\/fr\/119067\/"},"modified":"2025-05-22T09:21:09","modified_gmt":"2025-05-22T09:21:09","slug":"katy-perry-sen-prend-a-une-fan-en-plein-concert-si-tu-continues","status":"publish","type":"post","link":"https:\/\/www.europesays.com\/fr\/119067\/","title":{"rendered":"Katy Perry s&rsquo;en prend \u00e0 une fan en plein concert\u00a0: \u00ab\u00a0Si tu continues\u2026\u00a0\u00bb"},"content":{"rendered":"<p class=\"ap-StoryElement ap-StoryElement--mb ap-StoryText\">\u00ab\u00a0Je sais pourquoi tu es l\u00e0\u00a0\u00bb. Accroupie au bord de la sc\u00e8ne lors de son concert dans le Nevada, aux \u00c9tats-Unis, le 17 mai dernier, <a href=\"https:\/\/www.parismatch.be\/actualites\/people\/2025\/04\/15\/apres-sa-viree-dans-lespace-katy-perry-vivement-critiquee-sur-les-reseaux-sociaux-je-suis-degoutee-2ZBEED6JMBBMTFRTHFQVG34N74\/\" target=\"_self\" rel=\"noopener\">Katy Perry<\/a> s&rsquo;est adress\u00e9 \u00e0 une fan pr\u00e9sente dans le public.<\/p>\n<p class=\"ap-StoryElement ap-StoryElement--mb ap-StoryText\">\u00ab\u00a0Si tu continues d&rsquo;envoyer des messages priv\u00e9s \u00e0 mon mec\u2026\u00a0\u00bb, a-t-elle alors lanc\u00e9, en parlant d&rsquo;<a href=\"https:\/\/www.parismatch.be\/culture\/cinema\/2024\/09\/09\/orlando-bloom-a-perdu-23-kilos-en-trois-mois-pour-son-prochain-role-des-concombres-et-du-thon-URQ5X76WAJAFHDHIIMZA7M4PYM\/\" target=\"_self\" rel=\"noopener\">Orlando Bloom<\/a>. \u00ab\u00a0Tu le fais depuis des mois. Tu n&rsquo;es pas venue me voir chanter ce soir.\u00a0\u00bb Avant d&rsquo;ajouter : \u00ab\u00a0Si tu continues \u00e0 lui envoyer des messages priv\u00e9s, je vais te faire virer. Je suis sa femme. Je suis \u00e0 lui\u00a0\u00bb.<\/p>\n","protected":false},"excerpt":{"rendered":"\u00ab\u00a0Je sais pourquoi tu es l\u00e0\u00a0\u00bb. Accroupie au bord de la sc\u00e8ne lors de son concert dans le&hellip;\n","protected":false},"author":2,"featured_media":119068,"comment_status":"","ping_status":"","sticky":false,"template":"","format":"standard","meta":{"footnotes":""},"categories":[1355],"tags":[58,59,1011,27,1227,1361,873],"class_list":{"0":"post-119067","1":"post","2":"type-post","3":"status-publish","4":"format-standard","5":"has-post-thumbnail","7":"category-musique","8":"tag-divertissement","9":"tag-entertainment","10":"tag-fr","11":"tag-france","12":"tag-horizontal","13":"tag-music","14":"tag-musique"},"share_on_mastodon":{"url":"https:\/\/pubeurope.com\/@fr\/114550753414552869","error":""},"_links":{"self":[{"href":"https:\/\/www.europesays.com\/fr\/wp-json\/wp\/v2\/posts\/119067","targetHints":{"allow":["GET"]}}],"collection":[{"href":"https:\/\/www.europesays.com\/fr\/wp-json\/wp\/v2\/posts"}],"about":[{"href":"https:\/\/www.europesays.com\/fr\/wp-json\/wp\/v2\/types\/post"}],"author":[{"embeddable":true,"href":"https:\/\/www.europesays.com\/fr\/wp-json\/wp\/v2\/users\/2"}],"replies":[{"embeddable":true,"href":"https:\/\/www.europesays.com\/fr\/wp-json\/wp\/v2\/comments?post=119067"}],"version-history":[{"count":0,"href":"https:\/\/www.europesays.com\/fr\/wp-json\/wp\/v2\/posts\/119067\/revisions"}],"wp:featuredmedia":[{"embeddable":true,"href":"https:\/\/www.europesays.com\/fr\/wp-json\/wp\/v2\/media\/119068"}],"wp:attachment":[{"href":"https:\/\/www.europesays.com\/fr\/wp-json\/wp\/v2\/media?parent=119067"}],"wp:term":[{"taxonomy":"category","embeddable":true,"href":"https:\/\/www.europesays.com\/fr\/wp-json\/wp\/v2\/categories?post=119067"},{"taxonomy":"post_tag","embeddable":true,"href":"https:\/\/www.europesays.com\/fr\/wp-json\/wp\/v2\/tags?post=119067"}],"curies":[{"name":"wp","href":"https:\/\/api.w.org\/{rel}","templated":true}]}}