{"id":119081,"date":"2025-05-22T09:28:12","date_gmt":"2025-05-22T09:28:12","guid":{"rendered":"https:\/\/www.europesays.com\/fr\/119081\/"},"modified":"2025-05-22T09:28:12","modified_gmt":"2025-05-22T09:28:12","slug":"deux-morts-50-000-personnes-bloquees-par-des-inondations-dans-lest-de-laustralie-actualites","status":"publish","type":"post","link":"https:\/\/www.europesays.com\/fr\/119081\/","title":{"rendered":"Deux morts, 50.000 personnes bloqu\u00e9es par des inondations dans l&rsquo;est de l&rsquo;Australie : Actualit\u00e9s"},"content":{"rendered":"<p class=\"lead \">Des pluies torrentielles qui se sont abattues sur l&rsquo;est de l&rsquo;Australie depuis mercredi ont fait deux morts et pi\u00e9g\u00e9 presque 50.000 personnes, a annonc\u00e9 jeudi le Premier ministre de l&rsquo;Etat de Nouvelles-Galles du Sud, Chris Minns.<\/p>\n<p class=\"lead \">La police a extrait deux corps des eaux dans la r\u00e9gion rurale de la Mid North Coast, \u00e0 environ 400 kilom\u00e8tres au nord-est de Sydney, a pr\u00e9cis\u00e9 cette source.<\/p>\n<p class=\"lead \">A certains endroits, les temp\u00eates ont d\u00e9vers\u00e9 plus de la moiti\u00e9 des pr\u00e9cipitations d&rsquo;une ann\u00e9e en l&rsquo;espace de trois jours seulement, a d\u00e9clar\u00e9 le bureau m\u00e9t\u00e9orologique du gouvernement.<\/p>\n<p class=\"lead \">\u00ab\u00a0Je dois \u00e9galement dire que nous nous pr\u00e9parons \u00e0 d&rsquo;autres mauvaises nouvelles dans les prochaines 24 heures. Cette catastrophe naturelle a \u00e9t\u00e9 terrible pour cette communaut\u00e9\u00a0\u00bb, a d\u00e9clar\u00e9 M. Minns.<\/p>\n<p class=\"lead \">Des habitants ont grimp\u00e9 sur leur toit pour \u00e9chapper \u00e0 la mont\u00e9e des eaux, selon les autorit\u00e9s, qui ont dit avoir envoy\u00e9 des h\u00e9licopt\u00e8res, des bateaux et des drones dans le cadre d&rsquo;une vaste mission de recherche et de sauvetage.<\/p>\n<p class=\"lead \"><img decoding=\"async\" class=\"w-100\" src=\"https:\/\/www.europesays.com\/fr\/wp-content\/uploads\/2025\/05\/2275\/actu\/afp-news\/0cf0ca49-0361-469a-9925-28b3d40813be-4.jpg\" alt=\"\"\/><\/p>\n<p class=\"lead \">La ville de Kempsey, situ\u00e9e dans une r\u00e9gion agricole \u00e0 mi-chemin entre Brisbane et Sydney, s&rsquo;est retrouv\u00e9e cern\u00e9e par les eaux sans avoir \u00e9t\u00e9 pr\u00e9alablement alert\u00e9e, a indiqu\u00e9 la maire Kinne Ring \u00e0 l&rsquo;AFP.<\/p>\n<p class=\"lead \">\u00ab\u00a0Les averses sont torrentielles et chaque fois qu&rsquo;il pleut, on se demande ce qui va se passer\u00a0\u00bb, a-t-elle confi\u00e9. <\/p>\n<p class=\"lead \">Mme Ring a indiqu\u00e9 que plus de 20.000 personnes \u00e9taient isol\u00e9es rien que dans sa r\u00e9gion, et que beaucoup d&rsquo;entre elles n&rsquo;avaient pas acc\u00e8s \u00e0 des m\u00e9dicaments ou de la nourriture.<\/p>\n<p class=\"lead \">\u00ab\u00a0Il s&rsquo;agit d&rsquo;une inondation comme nous n&rsquo;en avons pas connu depuis longtemps\u00a0\u00bb, a-t-elle soulign\u00e9.<\/p>\n<p class=\"lead \">Selon les estimations rapport\u00e9es par M. Minns, quelque 50.000 personnes au total sont isol\u00e9es par les inondations sur la Mid North Coast, bord\u00e9e de collines accident\u00e9es d&rsquo;o\u00f9 l&rsquo;eau s&rsquo;\u00e9coule \u00e0 flot. Au moins trois personnes sont port\u00e9es disparues.<\/p>\n<p class=\"lead \">&#8211; Changement climatique &#8211;<\/p>\n<p class=\"lead \">Quelque 2.500 secouristes ont \u00e9t\u00e9 d\u00e9ploy\u00e9s dans la r\u00e9gion, a indiqu\u00e9 le responsable, ainsi que des bateaux de sauvetage, une flotte d&rsquo;h\u00e9licopt\u00e8res et des \u00ab\u00a0centaines\u00a0\u00bb de drones de recherche.<\/p>\n<p class=\"lead \">\u00ab\u00a0Nous ne sommes pas encore sortis du pire\u00a0\u00bb, a pr\u00e9venu Kristy Mcbain, ministre de la Gestion d&rsquo;urgence \u00e0 la cha\u00eene nationale ABC.<\/p>\n<p class=\"lead \">Steve Bernasconi, porte-parole de l&rsquo;agence m\u00e9t\u00e9orologique, a d\u00e9clar\u00e9 que certaines villes avaient enregistr\u00e9 plus de 50 cm de pluie en l&rsquo;espace de trois jours. <\/p>\n<p class=\"lead \">Mais il a ajout\u00e9 que les conditions devraient commencer \u00e0 s&rsquo;am\u00e9liorer lentement tard dans la nuit de jeudi \u00e0 vendredi.<\/p>\n<p class=\"lead \">De l&rsquo;arri\u00e8re-pays aride \u00e0 la c\u00f4te tropicale, des pans entiers de l&rsquo;Australie ont \u00e9t\u00e9 frapp\u00e9s par des conditions m\u00e9t\u00e9orologiques extr\u00eames au cours des derniers mois.<\/p>\n<p class=\"lead \">La temp\u00e9rature moyenne \u00e0 la surface de la mer autour du pays a \u00e9t\u00e9 la plus \u00e9lev\u00e9e jamais enregistr\u00e9e en 2024, selon l&rsquo;Universit\u00e9 nationale d&rsquo;Australie.<\/p>\n<p class=\"lead \">Des eaux plus chaudes provoquent plus d&rsquo;humidit\u00e9 dans l&rsquo;atmosph\u00e8re, ce qui m\u00e8ne \u00e0 des pluies plus intenses.<\/p>\n<p class=\"lead \">Le r\u00e9chauffement climatique, caus\u00e9 principalement par la combustion du p\u00e9trole, du charbon et du gaz, accentue la violence et la fr\u00e9quence des d\u00e9sastres climatiques.<\/p>\n<p class=\"small font-weight-bold text-gray3 \"> publi\u00e9 le 22 mai \u00e0 11h14, AFP<\/p>\n<p>                             Partager<\/p>\n","protected":false},"excerpt":{"rendered":"Des pluies torrentielles qui se sont abattues sur l&rsquo;est de l&rsquo;Australie depuis mercredi ont fait deux morts et&hellip;\n","protected":false},"author":2,"featured_media":119082,"comment_status":"","ping_status":"","sticky":false,"template":"","format":"standard","meta":{"footnotes":""},"categories":[5],"tags":[11,5035,7183,1011,27,4458,24019,14,24017,24018,12,28],"class_list":{"0":"post-119081","1":"post","2":"type-post","3":"status-publish","4":"format-standard","5":"has-post-thumbnail","7":"category-international","8":"tag-actualites","9":"tag-australie","10":"tag-catastrophe","11":"tag-fr","12":"tag-france","13":"tag-inondation","14":"tag-intempries","15":"tag-international","16":"tag-mto","17":"tag-naturelle","18":"tag-news","19":"tag-world"},"share_on_mastodon":{"url":"https:\/\/pubeurope.com\/@fr\/114550781032609863","error":""},"_links":{"self":[{"href":"https:\/\/www.europesays.com\/fr\/wp-json\/wp\/v2\/posts\/119081","targetHints":{"allow":["GET"]}}],"collection":[{"href":"https:\/\/www.europesays.com\/fr\/wp-json\/wp\/v2\/posts"}],"about":[{"href":"https:\/\/www.europesays.com\/fr\/wp-json\/wp\/v2\/types\/post"}],"author":[{"embeddable":true,"href":"https:\/\/www.europesays.com\/fr\/wp-json\/wp\/v2\/users\/2"}],"replies":[{"embeddable":true,"href":"https:\/\/www.europesays.com\/fr\/wp-json\/wp\/v2\/comments?post=119081"}],"version-history":[{"count":0,"href":"https:\/\/www.europesays.com\/fr\/wp-json\/wp\/v2\/posts\/119081\/revisions"}],"wp:featuredmedia":[{"embeddable":true,"href":"https:\/\/www.europesays.com\/fr\/wp-json\/wp\/v2\/media\/119082"}],"wp:attachment":[{"href":"https:\/\/www.europesays.com\/fr\/wp-json\/wp\/v2\/media?parent=119081"}],"wp:term":[{"taxonomy":"category","embeddable":true,"href":"https:\/\/www.europesays.com\/fr\/wp-json\/wp\/v2\/categories?post=119081"},{"taxonomy":"post_tag","embeddable":true,"href":"https:\/\/www.europesays.com\/fr\/wp-json\/wp\/v2\/tags?post=119081"}],"curies":[{"name":"wp","href":"https:\/\/api.w.org\/{rel}","templated":true}]}}