{"id":119089,"date":"2025-05-22T09:32:08","date_gmt":"2025-05-22T09:32:08","guid":{"rendered":"https:\/\/www.europesays.com\/fr\/119089\/"},"modified":"2025-05-22T09:32:08","modified_gmt":"2025-05-22T09:32:08","slug":"surprise-a-gauche-le-depute-courbon-pas-candidat","status":"publish","type":"post","link":"https:\/\/www.europesays.com\/fr\/119089\/","title":{"rendered":"surprise \u00e0 gauche, le d\u00e9put\u00e9 Courbon pas candidat"},"content":{"rendered":"<p>            Par<br \/>\n        <strong><br \/>\n            <a href=\"https:\/\/actu.fr\/auteur\/mathias-souteyrat\" title=\"Consulter tous les articles de Mathias Souteyrat\" rel=\"nofollow noopener\" target=\"_blank\">Mathias Souteyrat<\/a><br \/>\n        <\/strong><\/p>\n<p>        Publi\u00e9 le<\/p>\n<p>            22 mai 2025 \u00e0 10h23        <\/p>\n<p>Les \u00c9cologistes, La France Insoumise et Saint\u00e9 populaire s\u2019associent \u00ab\u2009pour construire l\u2019union de la gauche, des \u00e9cologistes et des citoyens pour gagner ensemble\u2009\u00bb, \u00e9crivent les forces politiques de gauche (hors PS) le 5\u00a0mai 2025 en vue des <a href=\"https:\/\/actu.fr\/auvergne-rhone-alpes\/saint-etienne_42218\/municipales-2026-a-saint-etienne-trois-partis-de-gauche-s-unissent-quid-du-ps_62599138.html\" rel=\"nofollow noopener\" target=\"_blank\">\u00e9lections municipales de 2026 \u00e0 Saint-Etienne<\/a>.<\/p>\n<p>\u00ab\u2009Je ne serai pas \u00e0 la t\u00eate d\u2019une liste pour les prochaines municipales \u00e0 Saint-Etienne\u2009\u00bb<\/p>\n<p class=\" wall-content\">Quid du Parti socialiste\u2009? <a href=\"https:\/\/actu.fr\/auvergne-rhone-alpes\/saint-etienne_42218\/legislatives-pierrick-courbon-nfp-elu-depute-dans-la-1re-circonscription-de-la-loire_61321092.html\" rel=\"nofollow noopener\" target=\"_blank\">Pierrick Courbon<\/a>\u00a0ne briguera pas la municipalit\u00e9. Il l\u2019a annonc\u00e9 dans un communiqu\u00e9 mercredi 21\u00a0mai 2025. \u00ab\u2009Je ne serai pas \u00e0 la t\u00eate d\u2019une liste pour les prochaines municipales \u00e0 Saint-Etienne. Dans le cadre de la pr\u00e9paration des prochaines \u00e9lections municipales \u00e0 Saint-Etienne, les discussions se poursuivent entre les forces politiques de gauche et \u00e9cologistes, en vue de construire une alternative solide et cr\u00e9dible au syst\u00e8me Perdriau.\u2009\u00bb<\/p>\n<blockquote class=\"ac-article-quote wall-content\">\n<p>Depuis juillet, je suis pleinement mobilis\u00e9 par mes fonctions de d\u00e9put\u00e9, au service de toutes les communes de la circonscription et de leurs habitants, et dans la d\u00e9fense des valeurs et des convictions qui sont les miennes. J\u2019ai par ailleurs toujours fait de la fid\u00e9lit\u00e9 \u00e0 un territoire et \u00e0 ses \u00e9lecteurs une valeur cardinale de mon engagement public. Dans le contexte municipal actuel, je suis en outre persuad\u00e9 que Saint-Etienne a besoin d\u2019\u00e9lus nationaux actifs, cr\u00e9dibles et sinc\u00e8res pour la d\u00e9fendre et la repr\u00e9senter.<br \/>\nPour toutes ces raisons, j\u2019ai r\u00e9cemment annonc\u00e9 \u00e0 mes camarades du Parti Socialiste de la Loire que je ne solliciterai pas leur investiture pour \u00eatre le chef de file de notre famille politique pour les prochaines municipales. Je n\u2019ai, par voie de cons\u00e9quence, pas vocation \u00e0 \u00eatre \u00e0 la t\u00eate d\u2019une liste en mars prochain.<br \/>\nC\u2019est une d\u00e9cision lourde et difficile que j\u2019ai m\u00fbrement r\u00e9fl\u00e9chie. C\u2019est le choix de l\u2019efficacit\u00e9 politique et du partage des responsabilit\u00e9s.<\/p>\n<p>    <strong>Pierrick Courbon<\/strong>\n            <\/p><\/blockquote>\n<p class=\" wall-content\">Il a \u00e9t\u00e9 \u00e9lu d\u00e9put\u00e9 NFP de la Loire aux \u00e9lections l\u00e9gislatives de juillet\u00a02024. L\u2019\u00e9lu a \u00e9galement \u00e9t\u00e9 candidat en 2020 aux municipales (battues \u00e0 l\u2019\u00e9poque par Perdriau).<\/p>\n<p>L\u2019ancien d\u00e9put\u00e9 Juanico candidat<\/p>\n<p class=\" wall-content\">\u00ab\u2009J\u2019apporte tout naturellement mon total soutien aux deux chefs de file socialistes pour ce scrutin\u2009: <strong>R\u00e9gis Juanico<\/strong>, d\u00e9sign\u00e9 \u00ab\u2009premier des socialistes\u2009\u00bb par le vote des adh\u00e9rents st\u00e9phanois du PS ce soir et <strong>Isabelle Dumestre<\/strong>, en tant que Pr\u00e9sidente du groupe municipal \u00ab\u2009\u00c9lus Saint-Etienne Demain\u2009\u00bb. Ils ont mandat pour poursuivre les discussions avec les forces politiques de gauche et \u00e9cologistes, afin de constituer un large rassemblement \u00e0 m\u00eame de l\u2019emporter en mars prochain.\u2009\u00bb<\/p>\n<p>Une premi\u00e8re mesure pour le candidat \u00c9ric Le Jaouen<\/p>\n<p>\u00c9ric Le Jaouen, l&rsquo;ancien patron du Medef, puis de l&rsquo;Unedic dans la Loire, a \u00e9t\u00e9 le premier \u00e0 se d\u00e9clarer de fa\u00e7on officielle pour le centre-droit.<br \/>\u00ab Depuis le lancement de ma campagne, je vais \u00e0 la rencontre des St\u00e9phanoises et des St\u00e9phanois, dans les quartiers, sur les march\u00e9s, dans les associations. Chacun de ces \u00e9changes confirme un point essentiel : les habitants ont l\u2019expertise de leur ville. Ils savent ce qui fonctionne, ce qui manque et ce qu\u2019il faut changer. \u00c0 leurs c\u00f4t\u00e9s, je souhaite construire un projet ambitieux et concret pour Saint-\u00c9tienne.\u00a0\u00bb<br \/>L&rsquo;ex-candidat \u00e0 la d\u00e9putation est encart\u00e9 Horizons.<\/p>\n<p>Voir tout<\/p>\n<p class=\" wall-content\">R\u00e9gis Juanico, 53\u00a0ans, \u00e9tait d\u00e9put\u00e9 de la premi\u00e8re circonscription de la Loire de 2007 \u00e0 2022 (PS, puis G\u00e9n\u00e9ration. s et PS).<\/p>\n<p class=\" wall-content\">Suivez toute l\u2019actualit\u00e9 de vos villes et m\u00e9dias favoris en vous inscrivant \u00e0 <a href=\"https:\/\/moncompte.actu.fr\" title=\"D\u00e9couvez Mon Actu\" rel=\"nofollow noopener\" data-trk=\"{&quot;cta&quot;:{&quot;action&quot;:&quot;https:\\\/\\\/moncompte.actu.fr&quot;,&quot;category&quot;:&quot;mon compte&quot;,&quot;from&quot;:&quot;article footer&quot;,&quot;name&quot;:&quot;Mon actu&quot;,&quot;type&quot;:&quot;cta&quot;}}\" target=\"_blank\">Mon Actu<\/a>.<\/p>\n<ul class=\"ac-article-tag wall-content\">\n<li><a href=\"https:\/\/actu.fr\/tag\/municipales-2026\" data-trk=\"{&quot;cta&quot;:{&quot;action&quot;:&quot;Municipales 2026&quot;,&quot;category&quot;:&quot;tag&quot;,&quot;from&quot;:&quot;article footer&quot;,&quot;name&quot;:&quot;Municipales 2026&quot;,&quot;type&quot;:&quot;cta&quot;}}\" rel=\"nofollow noopener\" target=\"_blank\">#Municipales 2026<\/a><\/li>\n<li><a href=\"https:\/\/actu.fr\/tag\/parti-socialiste-ps\" data-trk=\"{&quot;cta&quot;:{&quot;action&quot;:&quot;Parti Socialiste (PS)&quot;,&quot;category&quot;:&quot;tag&quot;,&quot;from&quot;:&quot;article footer&quot;,&quot;name&quot;:&quot;Parti Socialiste (PS)&quot;,&quot;type&quot;:&quot;cta&quot;}}\" rel=\"nofollow noopener\" target=\"_blank\">#Parti Socialiste (PS)<\/a><\/li>\n<\/ul>\n","protected":false},"excerpt":{"rendered":"Par Mathias Souteyrat Publi\u00e9 le 22 mai 2025 \u00e0 10h23 Les \u00c9cologistes, La France Insoumise et Saint\u00e9 populaire&hellip;\n","protected":false},"author":2,"featured_media":119090,"comment_status":"","ping_status":"","sticky":false,"template":"","format":"standard","meta":{"footnotes":""},"categories":[9653],"tags":[1111,11,2430,4188,1777,674,1011,27,3434,12,4484,316,25,4001],"class_list":{"0":"post-119089","1":"post","2":"type-post","3":"status-publish","4":"format-standard","5":"has-post-thumbnail","7":"category-saint-etienne","8":"tag-actu","9":"tag-actualites","10":"tag-auvergne-rhone-alpes","11":"tag-elections-municipales","12":"tag-eu","13":"tag-europe","14":"tag-fr","15":"tag-france","16":"tag-municipales-2026","17":"tag-news","18":"tag-parti-socialiste-ps","19":"tag-politique","20":"tag-republique-francaise","21":"tag-saint-etienne"},"share_on_mastodon":{"url":"https:\/\/pubeurope.com\/@fr\/114550796732580985","error":""},"_links":{"self":[{"href":"https:\/\/www.europesays.com\/fr\/wp-json\/wp\/v2\/posts\/119089","targetHints":{"allow":["GET"]}}],"collection":[{"href":"https:\/\/www.europesays.com\/fr\/wp-json\/wp\/v2\/posts"}],"about":[{"href":"https:\/\/www.europesays.com\/fr\/wp-json\/wp\/v2\/types\/post"}],"author":[{"embeddable":true,"href":"https:\/\/www.europesays.com\/fr\/wp-json\/wp\/v2\/users\/2"}],"replies":[{"embeddable":true,"href":"https:\/\/www.europesays.com\/fr\/wp-json\/wp\/v2\/comments?post=119089"}],"version-history":[{"count":0,"href":"https:\/\/www.europesays.com\/fr\/wp-json\/wp\/v2\/posts\/119089\/revisions"}],"wp:featuredmedia":[{"embeddable":true,"href":"https:\/\/www.europesays.com\/fr\/wp-json\/wp\/v2\/media\/119090"}],"wp:attachment":[{"href":"https:\/\/www.europesays.com\/fr\/wp-json\/wp\/v2\/media?parent=119089"}],"wp:term":[{"taxonomy":"category","embeddable":true,"href":"https:\/\/www.europesays.com\/fr\/wp-json\/wp\/v2\/categories?post=119089"},{"taxonomy":"post_tag","embeddable":true,"href":"https:\/\/www.europesays.com\/fr\/wp-json\/wp\/v2\/tags?post=119089"}],"curies":[{"name":"wp","href":"https:\/\/api.w.org\/{rel}","templated":true}]}}