{"id":119091,"date":"2025-05-22T09:33:08","date_gmt":"2025-05-22T09:33:08","guid":{"rendered":"https:\/\/www.europesays.com\/fr\/119091\/"},"modified":"2025-05-22T09:33:08","modified_gmt":"2025-05-22T09:33:08","slug":"le-chru-de-nancy-se-mobilise-contre-le-cancer-de-la-vessie","status":"publish","type":"post","link":"https:\/\/www.europesays.com\/fr\/119091\/","title":{"rendered":"Le CHRU de Nancy se mobilise contre le cancer de la vessie"},"content":{"rendered":"<p><strong>Le mercredi 28 mai 2025, de 9h \u00e0 17h, le CHRU de Nancy propose une journ\u00e9e d\u00e9di\u00e9e \u00e0 la sensibilisation et \u00e0 la pr\u00e9vention du cancer de la vessie dans le hall de Brabois Adultes.<\/strong><\/p>\n<p><img loading=\"lazy\" decoding=\"async\" class=\"wp-image-80440 \" src=\"https:\/\/www.europesays.com\/fr\/wp-content\/uploads\/2025\/05\/chru-nancy-913x1024.jpg\" alt=\"Journ\u00e9e de pr\u00e9vention du cancer de la vessie (affiche CHRU Nancy)\" width=\"296\" height=\"332\"  \/>Journ\u00e9e de pr\u00e9vention du cancer de la vessie (affiche CHRU Nancy)<\/p>\n<p>Cette initiative vise \u00e0 informer le public et les soignants sur cette pathologie m\u00e9connue : reconna\u00eetre les sympt\u00f4mes pr\u00e9coces, identifier les facteurs de risque et comprendre les moyens de pr\u00e9vention.<\/p>\n<p>Un cancer fr\u00e9quent, mais mal connu du grand public<\/p>\n<p>En France, le cancer de la vessie repr\u00e9sente environ<strong> 13 000 nouveaux cas par an,<\/strong> se classant au 7e rang des cancers les plus fr\u00e9quents. Il affecte principalement les hommes autour de 70 ans, mais peut \u00e9galement toucher les femmes et, dans de rares cas, des adultes plus jeunes. <strong>Cette maladie cause environ 5 000 d\u00e9c\u00e8s annuels.<\/strong><\/p>\n<p>Les sympt\u00f4mes restent souvent discrets, mais m\u00e9ritent une attention particuli\u00e8re. <strong>Le signe le plus caract\u00e9ristique est la pr\u00e9sence de sang dans les urines<\/strong> (h\u00e9maturie), habituellement sans douleur et par \u00e9pisodes. Peuvent s\u2019y ajouter des br\u00fblures mictionnelles, une fr\u00e9quence ou urgence urinaire inhabituelle, ainsi que des douleurs pelviennes. Face \u00e0 ces manifestations, une consultation m\u00e9dicale s\u2019impose pour \u00e9tablir un diagnostic et initier une prise en charge appropri\u00e9e.<\/p>\n<p>Des causes principalement li\u00e9es au tabac et aux expositions professionnelles<\/p>\n<p><strong>Le tabagisme<\/strong> constitue le principal facteur de risque de ce cancer. Les compos\u00e9s toxiques de la cigarette, filtr\u00e9s par les reins puis concentr\u00e9s dans l\u2019urine, agressent directement la muqueuse v\u00e9sicale. Le risque est multipli\u00e9 par 3 \u00e0 5 chez les fumeurs.<\/p>\n<p>Certaines expositions professionnelles jouent \u00e9galement un r\u00f4le d\u00e9terminant : industries du caoutchouc, secteur m\u00e9tallurgique et manipulation d\u2019hydrocarbures. L\u2019\u00e2ge avanc\u00e9, le sexe masculin et des ant\u00e9c\u00e9dents th\u00e9rapeutiques (radioth\u00e9rapie, certaines chimioth\u00e9rapies) constituent d\u2019autres facteurs de vuln\u00e9rabilit\u00e9.<\/p>\n<p>L\u2019importance d\u2019un diagnostic pr\u00e9coce<\/p>\n<p>Bien qu\u2019il n\u2019existe pas de programme de d\u00e9pistage organis\u00e9, la d\u00e9tection pr\u00e9coce transforme significativement le pronostic. Le bilan diagnostique associe habituellement imagerie des voies urinaires (\u00e9chographie ou scanner), cystoscopie (examen endoscopique de la vessie) et analyses urinaires sp\u00e9cialis\u00e9es.<\/p>\n<p><img loading=\"lazy\" decoding=\"async\" class=\"size-full wp-image-58124\" src=\"https:\/\/www.europesays.com\/fr\/wp-content\/uploads\/2025\/05\/vessie-prostate-Flickr.jpg\" alt=\"Vessie et prostate (Flickr)\" width=\"1200\" height=\"800\"  \/>Vessie et prostate (Flickr)<\/p>\n","protected":false},"excerpt":{"rendered":"Le mercredi 28 mai 2025, de 9h \u00e0 17h, le CHRU de Nancy propose une journ\u00e9e d\u00e9di\u00e9e \u00e0&hellip;\n","protected":false},"author":2,"featured_media":119092,"comment_status":"","ping_status":"","sticky":false,"template":"","format":"standard","meta":{"footnotes":""},"categories":[9635],"tags":[1111,11,6520,12123,1777,674,1011,27,775,1702,12,25],"class_list":{"0":"post-119091","1":"post","2":"type-post","3":"status-publish","4":"format-standard","5":"has-post-thumbnail","7":"category-nancy","8":"tag-actu","9":"tag-actualites","10":"tag-cancers","11":"tag-chru-nancy","12":"tag-eu","13":"tag-europe","14":"tag-fr","15":"tag-france","16":"tag-grand-est","17":"tag-nancy","18":"tag-news","19":"tag-republique-francaise"},"share_on_mastodon":{"url":"https:\/\/pubeurope.com\/@fr\/114550800803781301","error":""},"_links":{"self":[{"href":"https:\/\/www.europesays.com\/fr\/wp-json\/wp\/v2\/posts\/119091","targetHints":{"allow":["GET"]}}],"collection":[{"href":"https:\/\/www.europesays.com\/fr\/wp-json\/wp\/v2\/posts"}],"about":[{"href":"https:\/\/www.europesays.com\/fr\/wp-json\/wp\/v2\/types\/post"}],"author":[{"embeddable":true,"href":"https:\/\/www.europesays.com\/fr\/wp-json\/wp\/v2\/users\/2"}],"replies":[{"embeddable":true,"href":"https:\/\/www.europesays.com\/fr\/wp-json\/wp\/v2\/comments?post=119091"}],"version-history":[{"count":0,"href":"https:\/\/www.europesays.com\/fr\/wp-json\/wp\/v2\/posts\/119091\/revisions"}],"wp:featuredmedia":[{"embeddable":true,"href":"https:\/\/www.europesays.com\/fr\/wp-json\/wp\/v2\/media\/119092"}],"wp:attachment":[{"href":"https:\/\/www.europesays.com\/fr\/wp-json\/wp\/v2\/media?parent=119091"}],"wp:term":[{"taxonomy":"category","embeddable":true,"href":"https:\/\/www.europesays.com\/fr\/wp-json\/wp\/v2\/categories?post=119091"},{"taxonomy":"post_tag","embeddable":true,"href":"https:\/\/www.europesays.com\/fr\/wp-json\/wp\/v2\/tags?post=119091"}],"curies":[{"name":"wp","href":"https:\/\/api.w.org\/{rel}","templated":true}]}}