{"id":119099,"date":"2025-05-22T09:37:08","date_gmt":"2025-05-22T09:37:08","guid":{"rendered":"https:\/\/www.europesays.com\/fr\/119099\/"},"modified":"2025-05-22T09:37:08","modified_gmt":"2025-05-22T09:37:08","slug":"cinq-humoristes-pour-une-premiere-au-grand-cafe-riche-roi-de-la-comedie","status":"publish","type":"post","link":"https:\/\/www.europesays.com\/fr\/119099\/","title":{"rendered":"cinq humoristes pour une premi\u00e8re au Grand Caf\u00e9 Riche, roi de la Com\u00e9die"},"content":{"rendered":"<p>            Par<br \/>\n        <strong><br \/>\n            <a href=\"https:\/\/actu.fr\/auteur\/jm-aubert\" title=\"Consulter tous les articles de Jean-Marc Aubert\" rel=\"nofollow noopener\" target=\"_blank\">Jean-Marc Aubert<\/a><br \/>\n        <\/strong><\/p>\n<p>        Publi\u00e9 le<\/p>\n<p>            22 mai 2025 \u00e0 11h31        <\/p>\n<p>On ne pouvait pas trouver mieux pour baptiser le concept test\u00e9 ce jeudi 22 mai 2025, de 21h \u00e0 23h, \u00e0 l\u2019\u00e9tage du <strong>Grand Caf\u00e9 Riche<\/strong>, au coeur de Montpellier : <strong>\u00ab\u00a0Place \u00e0 la com\u00e9die\u00a0\u00bb<\/strong> ! Le nouveau patron, David Alessi propose deux heures de rires avec cinq humoristes tri\u00e9s sur le volet par l\u2019\u00e9quipe du Redline, la premi\u00e8re salle consacr\u00e9e au stand-up \u00e0 Montpellier et qui a eu les honneurs r\u00e9cemment de France 4 gr\u00e2ce \u00e0 l\u2019incontournable Paname Comedy Club anim\u00e9 par le Catalan d\u00e9jant\u00e9 Mathieu Mad\u00e9nian.<\/p>\n<p>    <a href=\"https:\/\/www.google.com\/maps\/embed?pb=!1m18!1m12!1m3!1d4008.364913940379!2d3.8770640713083044!3d43.60888337046521!2m3!1f0!2f0!3f0!3m2!1i1024!2i768!4f13.1!3m3!1m2!1s0x12b6afa725c6cd37%3A0xd90642764d9be332!2sLe%20Caf%C3%A9%20Riche!5e0!3m2!1sfr!2sfr!4v1747899879504!5m2!1sfr!2sfr\" title=\"Ouvrie le lien\" rel=\"nofollow noopener\" target=\"_blank\">Cliquez ici pour visualiser le contenu<\/a><\/p>\n<p class=\" wall-content\">Apr\u00e8s le Redline est n\u00e9 le Fridge avec un artiste de choix aux commandes, Kev Adams. Et d\u00e9sormais donc, Le Grand Caf\u00e9 Riche s\u2019essaie \u00e0 ces spectacles qui font passer un agr\u00e9able moment dans ce monde de brutes. C\u2019est l\u2019occasion de d\u00e9couvrir des inconnus qui peuvent se r\u00e9v\u00e9ler sur les sc\u00e8nes parisiennes. En attendant, les cinq premiers humoristes vont inaugurer ce jeudi soir \u00ab\u00a0Place \u00e0 la com\u00e9die\u00a0\u00bb, au Caf\u00e9 Riche de la place de la Com\u00e9die, avec un passage d\u2019environ quinze minutes sur la sc\u00e8ne install\u00e9e au premier \u00e9tage r\u00e9am\u00e9nag\u00e9, ainsi que la salle, confortable, insonoris\u00e9e, o\u00f9 les clients pourront assister \u00e0 la prestation des humoristes, boire un verre et d\u00e9guster des tapas pour 15\u20ac le tout.<\/p>\n<p class=\" wall-content\">\u00ab\u00a0Si le public est au rendez-vous et qu\u2019il en redemande, alors, aucune h\u00e9sitation, Place \u00e0 la com\u00e9die reviendra chaque semaine \u00e0 la rentr\u00e9e, \u00e0 un jour que nous d\u00e9terminerons d\u2019ici septembre prochain, r\u00e9v\u00e8le David Alessi, impatient de d\u00e9couvrir la temp\u00e9rature de cette premi\u00e8re au Grand Caf\u00e9 Riche, une v\u00e9ritable institution dans l\u2019\u00c9cusson qu\u2019il dirige depuis six mois.<\/p>\n<p class=\" wall-content\">Il fourmille de projets, comme programmer ces prochains mois des soir\u00e9es karaok\u00e9 et autres rendez-vous o\u00f9 la musique sera reine. \u00ab\u00a0Je veux que les gens de Montpellier et d\u2019ailleurs sachent que, le Caf\u00e9 Riche est avant tout un restaurant, qu\u2019ils le d\u00e9couvrent et qu\u2019ils deviennent des clients r\u00e9guliers en venant rire \u00e0 Place de la com\u00e9die, dans cette belle salle am\u00e9nag\u00e9e \u00e0 l\u2019\u00e9tage qui est un outil formidable\u00a0\u00bb, souligne David Alessi.<\/p>\n<p>Vid\u00e9os : en ce moment sur ActuLe Riche, roi de la Com\u00e9die<\/p>\n<p class=\" wall-content\">Gr\u00e2ce \u00e0 l\u2019humoriste Hayrane, le directeur artistique du Redline -et fr\u00e8re d\u2019un collaborateur de David Alessi, CQFD-qui a concoct\u00e9 cette premi\u00e8re programmation, ce sera l\u2019occasion de d\u00e9couvrir des humoristes pendant pr\u00e8s de deux heures, avec de sacr\u00e9es blagues. Selon un observateur d\u2019ici qui admire les humoristes, \u00ab\u00a0ces trois lieux de d\u00e9tente, de convivialit\u00e9 et de fous rires assur\u00e9s sont plus compl\u00e9mentaires que concurrentiels\u00a0\u00bb. Le stand-up a le vent en poupe et il va souffler fort ce jeudi soir au Grand Caf\u00e9 Riche, roi de la com\u00e9die.<\/p>\n<p class=\" wall-content\">Suivez toute l\u2019actualit\u00e9 de vos villes et m\u00e9dias favoris en vous inscrivant \u00e0 <a href=\"https:\/\/moncompte.actu.fr\" title=\"D\u00e9couvez Mon Actu\" rel=\"nofollow noopener\" data-trk=\"{&quot;cta&quot;:{&quot;action&quot;:&quot;https:\\\/\\\/moncompte.actu.fr&quot;,&quot;category&quot;:&quot;mon compte&quot;,&quot;from&quot;:&quot;article footer&quot;,&quot;name&quot;:&quot;Mon actu&quot;,&quot;type&quot;:&quot;cta&quot;}}\" target=\"_blank\">Mon Actu<\/a>.<\/p>\n","protected":false},"excerpt":{"rendered":"Par Jean-Marc Aubert Publi\u00e9 le 22 mai 2025 \u00e0 11h31 On ne pouvait pas trouver mieux pour baptiser&hellip;\n","protected":false},"author":2,"featured_media":119100,"comment_status":"","ping_status":"","sticky":false,"template":"","format":"standard","meta":{"footnotes":""},"categories":[9599],"tags":[1111,11,1777,674,1011,27,1305,2208,12,2680,25],"class_list":{"0":"post-119099","1":"post","2":"type-post","3":"status-publish","4":"format-standard","5":"has-post-thumbnail","7":"category-montpellier","8":"tag-actu","9":"tag-actualites","10":"tag-eu","11":"tag-europe","12":"tag-fr","13":"tag-france","14":"tag-lifestyle","15":"tag-montpellier","16":"tag-news","17":"tag-occitanie","18":"tag-republique-francaise"},"share_on_mastodon":{"url":"https:\/\/pubeurope.com\/@fr\/114550816358226670","error":""},"_links":{"self":[{"href":"https:\/\/www.europesays.com\/fr\/wp-json\/wp\/v2\/posts\/119099","targetHints":{"allow":["GET"]}}],"collection":[{"href":"https:\/\/www.europesays.com\/fr\/wp-json\/wp\/v2\/posts"}],"about":[{"href":"https:\/\/www.europesays.com\/fr\/wp-json\/wp\/v2\/types\/post"}],"author":[{"embeddable":true,"href":"https:\/\/www.europesays.com\/fr\/wp-json\/wp\/v2\/users\/2"}],"replies":[{"embeddable":true,"href":"https:\/\/www.europesays.com\/fr\/wp-json\/wp\/v2\/comments?post=119099"}],"version-history":[{"count":0,"href":"https:\/\/www.europesays.com\/fr\/wp-json\/wp\/v2\/posts\/119099\/revisions"}],"wp:featuredmedia":[{"embeddable":true,"href":"https:\/\/www.europesays.com\/fr\/wp-json\/wp\/v2\/media\/119100"}],"wp:attachment":[{"href":"https:\/\/www.europesays.com\/fr\/wp-json\/wp\/v2\/media?parent=119099"}],"wp:term":[{"taxonomy":"category","embeddable":true,"href":"https:\/\/www.europesays.com\/fr\/wp-json\/wp\/v2\/categories?post=119099"},{"taxonomy":"post_tag","embeddable":true,"href":"https:\/\/www.europesays.com\/fr\/wp-json\/wp\/v2\/tags?post=119099"}],"curies":[{"name":"wp","href":"https:\/\/api.w.org\/{rel}","templated":true}]}}