{"id":11910,"date":"2025-04-09T06:04:18","date_gmt":"2025-04-09T06:04:18","guid":{"rendered":"https:\/\/www.europesays.com\/fr\/11910\/"},"modified":"2025-04-09T06:04:18","modified_gmt":"2025-04-09T06:04:18","slug":"michel-drucker-tire-a-balles-reelles-ces-celebrites-refusent-de-faire-son-emission-et-lui-preferent-laurent-delahousse","status":"publish","type":"post","link":"https:\/\/www.europesays.com\/fr\/11910\/","title":{"rendered":"Michel Drucker tire \u00e0 balles r\u00e9elles : ces c\u00e9l\u00e9brit\u00e9s refusent de faire son \u00e9mission et lui pr\u00e9f\u00e8rent Laurent Delahousse"},"content":{"rendered":"<p>      R\u00e9sum\u00e9<\/p>\n<p>Voil\u00e0 pr\u00e8s de trente ans que Michel Drucker pr\u00e9sente \u00ab\u00a0Vivement dimanche\u00a0\u00bb sur France 3. Toutefois, \u00e0 82 ans, l&rsquo;animateur n&rsquo;est pas n\u00e9 de la derni\u00e8re pluie et voit bien que certaines personnalit\u00e9s pr\u00e9f\u00e8rent aller chez Laurent Delahousse plut\u00f4t que sur son canap\u00e9 rouge.<\/p>\n<p>        Sommaire<\/p>\n<p><strong>Sa long\u00e9vit\u00e9 est impressionnante<\/strong> et le nombre de personnalit\u00e9s qu&rsquo;il a pu c\u00f4toyer tout au long de sa carri\u00e8re l&rsquo;est tout autant ! A 82 ans, Michel Drucker est l&rsquo;<strong><a href=\"https:\/\/www.public.fr\/vous-bandez-encore-en-la-voyant-michel-drucker-pas-tres-a-laise-face-a-une-question-sur-sa-celebre-petite-soeur\" target=\"_blank\" rel=\"noopener\">un des plus grands animateurs<\/a> fran\u00e7ais<\/strong>. \u00ab\u00a0Champs-\u00c9lys\u00e9es\u00a0\u00bb, \u00ab\u00a0Studio Gabriel\u00a0\u00bb ou encore \u00ab\u00a0Tenue de soir\u00e9e\u00a0\u00bb, on ne compte plus le nombre d&rsquo;<strong>\u00e9missions <\/strong>qu&rsquo;il a pu pr\u00e9senter. Et le succ\u00e8s est au rendez-vous ! Prenons pour exemple \u00ab\u00a0Vivement dimanche\u00a0\u00bb, sur France 3, qui a \u00e9t\u00e9 <strong>diffus\u00e9e pour la premi\u00e8re fois en 1998<\/strong>. 27 ans plus tard, le programme est toujours l\u00e0. <\/p>\n<p>Ainsi, pour revenir sur son parcours incroyable, <a href=\"https:\/\/www.public.fr\/je-vais-marreter-michel-drucker-et-la-retraite-cette-fois-ci-cest-acte\" target=\"_blank\" rel=\"noopener\">le Normand <\/a>a publi\u00e9 le 2 avril dernier <strong>son autobiographie intitul\u00e9e Avec le Temps <\/strong>(\u00c9ditions Albin Michel). A cette occasion, <a href=\"https:\/\/www.public.fr\/je-ne-suis-pas-un-saint-marie-michel-drucker-evoque-ouvertement-ses-infidelites\" target=\"_blank\" rel=\"noopener\">le pilote d&rsquo;h\u00e9licopt\u00e8re exp\u00e9riment\u00e9<\/a> a \u00e9t\u00e9 interrog\u00e9 par le magazine T\u00e9l\u00e9 7 Jours. Nos confr\u00e8res lui ont, notamment, demand\u00e9 s&rsquo;il n&rsquo;\u00e9tait pas \u00ab\u00a0bless\u00e9\u00a0\u00bb d&rsquo;\u00eatre <strong>sans cesse compar\u00e9 \u00e0 un \u00ab\u00a0animateur gentil\u00a0\u00bb, \u00ab\u00a0un cireur de pompes\u00a0\u00bb<\/strong>.<\/p>\n<p>La r\u00e9ponse est oui ! \u00ab\u00a0<strong>Cela me fait de la peine. Ils font leur promo sur mon canap\u00e9 et, une fois partis, disent du mal de l&rsquo;\u00e9mission<\/strong>\u00a0\u00bb confie <a href=\"https:\/\/www.public.fr\/michel-drucker-retrouve-dans-son-lit-apres-un-coma-ethylique\" target=\"_blank\" rel=\"noopener\">le compagnon de Dany Saval<\/a> m\u00eame s&rsquo;ils sont, toutefois, \u00ab\u00a0<strong>peu nombreux<\/strong>\u00ab\u00a0. Mais ce qui affecte Michel Drucker, ce sont les personnalit\u00e9s qui <strong>assurent ne pas \u00eatre disponibles<\/strong> pour enregistrer l&rsquo;\u00e9mission&#8230; Et pourtant&#8230; <\/p>\n<p>Michel Drucker : certaines personnalit\u00e9s \u00ab\u00a0grill\u00e9es\u00a0\u00bb par l&rsquo;animateur TV<\/p>\n<p>\u00ab\u00a0<strong>Ce qui m\u2019\u00e9nerve, ce sont les attach\u00e9s de presse qui me disent que l&rsquo;artiste ne peut pas venir chez moi parce qu&rsquo;il n&rsquo;est pas \u00e0 Paris, alors que je l&rsquo;ai vu, la veille, chez L\u00e9a Salam\u00e9 !<\/strong>\u00a0\u00bb (dans l&rsquo;\u00e9mission \u00ab\u00a0Quelle \u00e9poque!\u00a0\u00bb, NDLR). Par ailleurs, <a href=\"https:\/\/www.google.com\/url?sa=t&amp;source=web&amp;rct=j&amp;opi=89978449&amp;url=https:\/\/vsd.fr\/78321-michel-drucker-regle-ses-comptes-avec-certains-artistes-venus-sur-son-canape-ils-font-leur-promo-et-une-fois-partis-ils-disent-du-mal\/&amp;ved=2ahUKEwiQ-JOu3sWMAxULSUEAHUcMCLMQFnoECBoQAQ&amp;usg=AOvVaw2EahErYY_N_GPQVKiMplB_\" target=\"_blank\" rel=\"noopener\">le beau-p\u00e8re de St\u00e9phanie Jarre<\/a> ne cache pas sa d\u00e9ception de voir certains artistes lui tourner le dos aujourd&rsquo;hui. \u00ab\u00a0<strong>Certains oublient que j&rsquo;ai lanc\u00e9 leur carri\u00e8re<\/strong>, mais c&rsquo;est le jeu. J&rsquo;ai un public de seniors, je ne suis plus un jeune homme\u00a0\u00bb ajoute-t-il dans les colonnes de T\u00e9l\u00e9 7 Jours. Ainsi, cela lui parait \u00ab\u00a0naturel\u00a0\u00bb que certains pr\u00e9f\u00e8rent aller au 20 heures de <a href=\"https:\/\/www.google.com\/url?sa=t&amp;source=web&amp;rct=j&amp;opi=89978449&amp;url=https:\/\/vsd.fr\/73091-il-est-omnipotent-laurent-delahousse-de-plus-en-plus-isole-et-critique-pour-ses-methodes\/&amp;ved=2ahUKEwiZ4Kmu38WMAxVnQUEAHc1VH_UQFnoECB8QAQ&amp;usg=AOvVaw1c8dyiFAzeh7yMzjapHaUQ\" target=\"_blank\" rel=\"noopener\">Laurent Delahousse.<\/a> <\/p>\n<p>Mais heureusement, Michel Drucker pourra <strong>toujours compter sur ses amis<\/strong> <strong>de toujours. <\/strong>Ainsi, le 11 mai prochain, c&rsquo;est <a href=\"https:\/\/www.google.com\/url?sa=t&amp;source=web&amp;rct=j&amp;opi=89978449&amp;url=https:\/\/vsd.fr\/51310-jean-pierre-foucault-vire-apres-30-ans-de-fidelite-son-coup-de-gueule-sur-x\/&amp;ved=2ahUKEwj19bPO38WMAxWqZ0EAHdnxBKYQFnoECBoQAQ&amp;usg=AOvVaw3AWTLsWEUMU224vrB6QQzT\" target=\"_blank\" rel=\"noopener\">Jean-Pierre Foucault <\/a>qui prendra place <strong>sur son c\u00e9l\u00e8bre canap\u00e9 rouge<\/strong>. D&rsquo;ici l\u00e0, l&rsquo;\u00e9mission ne sera pas diffus\u00e9e sur France 3. En cause : la programmation sur France T\u00e9l\u00e9visions de plusieurs comp\u00e9titions majeures de cyclisme.<\/p>\n<p>      Mentionn\u00e9s dans cet article<\/p>\n<p>\u00c0 lire aussi<\/p>\n","protected":false},"excerpt":{"rendered":"R\u00e9sum\u00e9 Voil\u00e0 pr\u00e8s de trente ans que Michel Drucker pr\u00e9sente \u00ab\u00a0Vivement dimanche\u00a0\u00bb sur France 3. Toutefois, \u00e0 82&hellip;\n","protected":false},"author":2,"featured_media":11911,"comment_status":"","ping_status":"","sticky":false,"template":"","format":"standard","meta":{"footnotes":""},"categories":[1356],"tags":[5586,5587,58,59,1011,27,876,2400,594,3806,2003,877,4495,252,1364,878],"class_list":{"0":"post-11910","1":"post","2":"type-post","3":"status-publish","4":"format-standard","5":"has-post-thumbnail","7":"category-television","8":"tag-animateur-de-television","9":"tag-autobiographie","10":"tag-divertissement","11":"tag-entertainment","12":"tag-fr","13":"tag-france","14":"tag-france-3","15":"tag-france-televisions","16":"tag-france-2","17":"tag-lea-salame","18":"tag-livre","19":"tag-michel-drucker","20":"tag-quelle-epoque","21":"tag-television","22":"tag-tv","23":"tag-vivement-dimanche"},"share_on_mastodon":{"url":"https:\/\/pubeurope.com\/@fr\/114306499414732898","error":""},"_links":{"self":[{"href":"https:\/\/www.europesays.com\/fr\/wp-json\/wp\/v2\/posts\/11910","targetHints":{"allow":["GET"]}}],"collection":[{"href":"https:\/\/www.europesays.com\/fr\/wp-json\/wp\/v2\/posts"}],"about":[{"href":"https:\/\/www.europesays.com\/fr\/wp-json\/wp\/v2\/types\/post"}],"author":[{"embeddable":true,"href":"https:\/\/www.europesays.com\/fr\/wp-json\/wp\/v2\/users\/2"}],"replies":[{"embeddable":true,"href":"https:\/\/www.europesays.com\/fr\/wp-json\/wp\/v2\/comments?post=11910"}],"version-history":[{"count":0,"href":"https:\/\/www.europesays.com\/fr\/wp-json\/wp\/v2\/posts\/11910\/revisions"}],"wp:featuredmedia":[{"embeddable":true,"href":"https:\/\/www.europesays.com\/fr\/wp-json\/wp\/v2\/media\/11911"}],"wp:attachment":[{"href":"https:\/\/www.europesays.com\/fr\/wp-json\/wp\/v2\/media?parent=11910"}],"wp:term":[{"taxonomy":"category","embeddable":true,"href":"https:\/\/www.europesays.com\/fr\/wp-json\/wp\/v2\/categories?post=11910"},{"taxonomy":"post_tag","embeddable":true,"href":"https:\/\/www.europesays.com\/fr\/wp-json\/wp\/v2\/tags?post=11910"}],"curies":[{"name":"wp","href":"https:\/\/api.w.org\/{rel}","templated":true}]}}