{"id":119105,"date":"2025-05-22T09:40:15","date_gmt":"2025-05-22T09:40:15","guid":{"rendered":"https:\/\/www.europesays.com\/fr\/119105\/"},"modified":"2025-05-22T09:40:15","modified_gmt":"2025-05-22T09:40:15","slug":"spectacle-sport-et-meme-concert-tribute-doasis-le-festival-animaijuin-est-de-retour-pres-de-rouen","status":"publish","type":"post","link":"https:\/\/www.europesays.com\/fr\/119105\/","title":{"rendered":"Spectacle, sport et m\u00eame concert tribute d&rsquo;Oasis&#8230; Le festival Animaijuin est de retour, pr\u00e8s de Rouen"},"content":{"rendered":"<p>            Par<br \/>\n        <strong><br \/>\n            <a href=\"https:\/\/actu.fr\/auteur\/jessie-leclerc\" title=\"Consulter tous les articles de Jessie Leclerc\" rel=\"nofollow noopener\" target=\"_blank\">Jessie Leclerc<\/a><br \/>\n        <\/strong><\/p>\n<p>        Publi\u00e9 le<\/p>\n<p>            22 mai 2025 \u00e0 10h43        <\/p>\n<p>C\u2019est sans doute l\u2019\u00e9v\u00e9nement le plus attendu chaque ann\u00e9e \u00e0 Petit-Quevilly, pr\u00e8s <a href=\"https:\/\/actu.fr\/normandie\/rouen_76540\" rel=\"nofollow noopener\" target=\"_blank\">de Rouen (Seine-Maritime)<\/a>. Le<strong> festival Animaijuin<\/strong> revient pour une 31e \u00e9dition ce <strong>samedi 24\u00a0mai \u00e0 partir au Parc des Chartreux<\/strong>. Spectacles vivants, animations, ateliers, musique et feu d\u2019artifice\u2026 Voici le programme de la journ\u00e9e.<\/p>\n<p class=\" wall-content\">Animaijuin a vu le jour en 1993. Charlotte Goujon, maire <a href=\"https:\/\/actu.fr\/normandie\/le-petit-quevilly_76498\/c-etait-pourri-les-restos-du-coeur-quittent-leur-local-pour-un-entrepot-tout-neuf-a-petit-quevilly_62559459.html\" rel=\"nofollow noopener\" target=\"_blank\">de Petit-Quevilly<\/a>, rappelle que ce festival est, avant tout, n\u00e9 d\u2019un d\u00e9sir de rassembler les habitants. \u00ab\u2009On mise sur le spectacle vivant pour r\u00e9unir familles et enfants autour d\u2019une journ\u00e9e conviviale et accessible \u00e0 tous.\u2009\u00bb<\/p>\n<p class=\" wall-content\">Chaque ann\u00e9e, le festival attire entre 10\u2009000\u00a0et 15\u2009000 visiteurs. \u00ab\u2009C\u2019est familial, mais c\u2019est cons\u00e9quent, c\u2019est connu et reconnu\u2009\u00bb, avance la Maire.<\/p>\n<p>Des spectacles pour toute la famille<\/p>\n<p class=\" wall-content\">Le c\u0153ur battant du festival, c\u2019est <strong>le spectacle vivant<\/strong>\u2009:<\/p>\n<p>    <img   decoding=\"async\" loading=\"lazy\" src=\"https:\/\/www.europesays.com\/fr\/wp-content\/uploads\/2025\/05\/spectacle-voyage-dans-les-abysses-c-arnaud-bertereau-960x640.jpg\" alt=\"Spectacle Voyage dans les abysses.\" width=\"960\" height=\"640\"\/><br \/>\n    Spectacle Voyage dans les abysses. (\u00a9Arnaud Bertereau)<\/p>\n<ul class=\" wall-content\">\n<li>\u00c0 16h et 17h55, partez \u00e0 l\u2019aventure avec Le Chat Fou et ses cr\u00e9atures \u00e9tonnantes.<\/li>\n<li>La Caravane magique vous accueillera de 16h \u00e0 20h dans un univers intimiste m\u00ealant magie et lumi\u00e8re noire.<\/li>\n<li>D\u00e8s 16h30, prenez de la hauteur avec Plus haut, encore plus haut par B-side Company.<\/li>\n<li>Puis, \u00e0 17h10, vibrez avec Gravir, un duo d\u2019acrobates d\u00e9tonant.<\/li>\n<\/ul>\n<p>Vid\u00e9os : en ce moment sur Actu<br \/>\n    <img   decoding=\"async\" loading=\"lazy\" src=\"https:\/\/www.europesays.com\/fr\/wp-content\/uploads\/2025\/05\/spectacle-gravir-c-calin-muresan-960x640.jpg\" alt=\"Spectacle Gravir.\" width=\"960\" height=\"640\"\/><br \/>\n    Spectacle Gravir. (\u00a9Calin Muresan)<\/p>\n<ul class=\" wall-content\">\n<li>\u00c0 19h10, Monsieur Pif, clown r\u00eaveur du Bazar savant, vous fera rire et r\u00e9fl\u00e9chir.<\/li>\n<li>Cl\u00f4ture spectaculaire \u00e0 21h15 avec Abysses de La Cerise sur le mot\u2009: un voyage po\u00e9tique peupl\u00e9 de cr\u00e9atures marines lumineuses au c\u0153ur du parc\u2009!<\/li>\n<\/ul>\n<p>Le paradis des tout petits<\/p>\n<p class=\" wall-content\">\u00c0 15h30, le festival ouvre ses portes <strong>pour les \u00ab\u2009tout tout-petits\u2009\u00bb<\/strong>, explique Charlotte Goujon, maire de Petit-Quevilly. Jusqu\u2019\u00e0 19h30, un espace leur est enti\u00e8rement d\u00e9di\u00e9. \u00ab\u2009On a des animations ouvertes d\u00e8s l\u2019\u00e2ge de 18\u00a0mois, c\u2019est rare dans ce genre d\u2019\u00e9v\u00e9nements. \u00c7a commence d\u00e8s l\u2019\u00e2ge de 2\u00a0ans, en moyenne.\u2009\u00bb<\/p>\n<ul class=\" wall-content\">\n<li><a href=\"https:\/\/actu.fr\/normandie\/rouen_76540\/nouveau-la-vive-un-atelier-creatif-en-plein-centre-ville-de-rouen_60731358.html\" rel=\"nofollow noopener\" target=\"_blank\">Ateliers cr\u00e9atifs<\/a> avec La Semaine des 4 jeudis, fabrication de papier avec La Roulotte Scarab\u00e9e<\/li>\n<li>Spectacle po\u00e9tique Longues jupes et culottes courtes pour les tout-petits \u00e0 15h45 et 17h30.<\/li>\n<li>La compagnie La Cerise sur le mot reviendra \u00e0 16h30 et 18h15 avec Bookiwi, un voyage onirique, d\u00e8s 2\u00a0ans.<\/li>\n<\/ul>\n<p>Pour les artistes en herbe, comme les sportifs<\/p>\n<p class=\" wall-content\">D\u00e8s l\u2019ouverture, les enfants pourront toucher \u00e0 toutes sortes d\u2019activit\u00e9s et <strong>assembler des insectes 3D<\/strong> avec Semis Urbain, assembler <strong>un cerf-volant<\/strong> ou \u00e9couter Kamishiba\u00ef, le<strong> petit th\u00e9\u00e2tre enchanteur<\/strong>. Unis-Cit\u00e9 animera des ateliers cr\u00e9atifs, tandis que le Carrousel des jardiniers sensibilisera \u00e0 l\u2019environnement.<\/p>\n<p class=\" wall-content\">Envie de sensations fortes\u2009? Testez <strong>les \u00e9chasses urbaines<\/strong> avec Normandy Jump, grimpez aux arbres avec<strong> l\u2019Escalad\u2019arbre<\/strong> ou amusez-vous dans <strong>les Man\u00e8ges fitness<\/strong> de la compagnie DUT, o\u00f9 l\u2019\u00e9nergie humaine est mise \u00e0 contribution\u2009! \u00ab\u2009Ce sont <a href=\"https:\/\/actu.fr\/normandie\/rouen_76540\/construit-en-1967-ce-manege-est-le-plus-vieux-de-la-foire-saint-romain-de-rouen_55287733.html\" rel=\"nofollow noopener\" target=\"_blank\">des man\u00e8ges<\/a> conviviaux, car ils font participer les familles, parents, grands-parents, oncles et tantes\u2026 Et pour les arbres, ils ont une belle hauteur, je pense qu\u2019il est possible de monter \u00e0 plusieurs dizaines de m\u00e8tres du sol\u2009\u00bb, s\u2019amuse Charlotte Goujon.<\/p>\n<p>    <a href=\"https:\/\/www.facebook.com\/plugins\/post.php?href=https%3A%2F%2Fwww.facebook.com%2FPetitQuevilly%2Fposts%2Fpfbid02uhGF3bokxAocLhskRrSR88iq9Aep1J2arAqhmRP8NUFrS7m6dWm2XJpm9zboHnQZl&amp;show_text=true&amp;width=350\" title=\"Ouvrie le lien\" rel=\"nofollow noopener\" target=\"_blank\">Cliquez ici pour visualiser le contenu<\/a><\/p>\n<p class=\" wall-content\">Les familles pourront aussi d\u00e9couvrir des\u00a0jeux anciens\u00a0avec le service des sports ou s\u2019amuser \u00e0 un atelier\u00a0caviardage\u00a0original avec la m\u00e9diath\u00e8que.<\/p>\n<p>Place \u00e0 la musique\u2009!<\/p>\n<p class=\" wall-content\">\u00c0 18h30 <strong>la chorale des \u00e9coles<\/strong> r\u00e9unira 252 \u00e9l\u00e8ves de 4 \u00e9tablissements. Ils seront heureux de chanter apr\u00e8s une ann\u00e9e de r\u00e9p\u00e9titions. \u00ab\u2009Les familles seront fi\u00e8res et les enfants aussi, \u00e7a va \u00eatre impressionnant pour eux\u2009\u00bb, assure la Maire.<\/p>\n<p class=\" wall-content\">\u00c0 20h,<strong> place \u00e0 la Soul avec deux jeunes de l\u2019EMMDT<\/strong>, l\u2019\u00e9cole municipale de musique, de danse et de th\u00e9\u00e2tre de Petit-Quevilly, suivis du DJ Yann Dulch\u00e9 pour un set festif d\u00e8s 20h15.<\/p>\n<p class=\" wall-content\">Le clou du spectacle \u00e0 21h30\u2009: <strong>Whatever, tribute d\u2019Oasis<\/strong>, offrira un concert rock pour les fans d\u00e9\u00e7us de ne pas avoir eu leurs places pour voir le groupe en vrai. \u00ab\u2009Ils ont \u00e9t\u00e9 s\u00e9par\u00e9s 15 ans et ont annonc\u00e9 se retrouver pour plusieurs concerts, pas en France malheureusement. Beaucoup n\u2019ont pas eu de places, l\u00e0 on joue sur \u00e7a et on fait vivre les chansons du groupe autrement\u2009\u00bb, conclu Charlotte Goujon.<\/p>\n<p class=\" wall-content\">\u00c0 23h, pour conclure la journ\u00e9e en beaut\u00e9, un <strong>feu d\u2019artifice<\/strong> rue Paul-Lambard sera orchestr\u00e9 par la compagnie 8e Art.<\/p>\n<p>Parc des Chartreux, Petit-Quevilly. Entr\u00e9e gratuite.<\/p>\n<p>Retrouvez le programme complet <a href=\"https:\/\/www.petit-quevilly.fr\/information\/publications\/quevilly-mag-mai-juin-2025-5202\" rel=\"nofollow noopener\" target=\"_blank\">sur Petit-Quevilly Mag<\/a> et sur <a href=\"https:\/\/www.facebook.com\/PetitQuevilly?locale=fr_FR\" rel=\"nofollow noopener\" target=\"_blank\">la page Facebook de la Ville<\/a>.Suivez l\u2019actualit\u00e9 de Rouen <a href=\"https:\/\/www.whatsapp.com\/channel\/0029VaKfnf99hXF2ddApFB1D\" rel=\"nofollow noopener\" target=\"_blank\">sur notre cha\u00eene WhatsApp<\/a> et <a href=\"https:\/\/www.tiktok.com\/@76actu.fr?lang=fr\" rel=\"nofollow noopener\" target=\"_blank\">sur notre compte TikTok<\/a><\/p>\n<p class=\" wall-content\">Suivez toute l\u2019actualit\u00e9 de vos villes et m\u00e9dias favoris en vous inscrivant \u00e0 <a href=\"https:\/\/moncompte.actu.fr\" title=\"D\u00e9couvez Mon Actu\" rel=\"nofollow noopener\" data-trk=\"{&quot;cta&quot;:{&quot;action&quot;:&quot;https:\\\/\\\/moncompte.actu.fr&quot;,&quot;category&quot;:&quot;mon compte&quot;,&quot;from&quot;:&quot;article footer&quot;,&quot;name&quot;:&quot;Mon actu&quot;,&quot;type&quot;:&quot;cta&quot;}}\" target=\"_blank\">Mon Actu<\/a>.<\/p>\n<p>                    <script async src=\"\/\/www.tiktok.com\/embed.js\"><\/script><\/p>\n","protected":false},"excerpt":{"rendered":"Par Jessie Leclerc Publi\u00e9 le 22 mai 2025 \u00e0 10h43 C\u2019est sans doute l\u2019\u00e9v\u00e9nement le plus attendu chaque&hellip;\n","protected":false},"author":2,"featured_media":119106,"comment_status":"","ping_status":"","sticky":false,"template":"","format":"standard","meta":{"footnotes":""},"categories":[9587],"tags":[1111,11,1063,677,1777,674,1011,27,1652,12,5161,25,9590,853],"class_list":{"0":"post-119105","1":"post","2":"type-post","3":"status-publish","4":"format-standard","5":"has-post-thumbnail","7":"category-rouen","8":"tag-actu","9":"tag-actualites","10":"tag-animations","11":"tag-bons-plans","12":"tag-eu","13":"tag-europe","14":"tag-fr","15":"tag-france","16":"tag-loisirs-culture","17":"tag-news","18":"tag-normandie","19":"tag-republique-francaise","20":"tag-rouen","21":"tag-spectacles"},"share_on_mastodon":{"url":"https:\/\/pubeurope.com\/@fr\/114550828153855321","error":""},"_links":{"self":[{"href":"https:\/\/www.europesays.com\/fr\/wp-json\/wp\/v2\/posts\/119105","targetHints":{"allow":["GET"]}}],"collection":[{"href":"https:\/\/www.europesays.com\/fr\/wp-json\/wp\/v2\/posts"}],"about":[{"href":"https:\/\/www.europesays.com\/fr\/wp-json\/wp\/v2\/types\/post"}],"author":[{"embeddable":true,"href":"https:\/\/www.europesays.com\/fr\/wp-json\/wp\/v2\/users\/2"}],"replies":[{"embeddable":true,"href":"https:\/\/www.europesays.com\/fr\/wp-json\/wp\/v2\/comments?post=119105"}],"version-history":[{"count":0,"href":"https:\/\/www.europesays.com\/fr\/wp-json\/wp\/v2\/posts\/119105\/revisions"}],"wp:featuredmedia":[{"embeddable":true,"href":"https:\/\/www.europesays.com\/fr\/wp-json\/wp\/v2\/media\/119106"}],"wp:attachment":[{"href":"https:\/\/www.europesays.com\/fr\/wp-json\/wp\/v2\/media?parent=119105"}],"wp:term":[{"taxonomy":"category","embeddable":true,"href":"https:\/\/www.europesays.com\/fr\/wp-json\/wp\/v2\/categories?post=119105"},{"taxonomy":"post_tag","embeddable":true,"href":"https:\/\/www.europesays.com\/fr\/wp-json\/wp\/v2\/tags?post=119105"}],"curies":[{"name":"wp","href":"https:\/\/api.w.org\/{rel}","templated":true}]}}