{"id":119107,"date":"2025-05-22T09:41:08","date_gmt":"2025-05-22T09:41:08","guid":{"rendered":"https:\/\/www.europesays.com\/fr\/119107\/"},"modified":"2025-05-22T09:41:08","modified_gmt":"2025-05-22T09:41:08","slug":"le-chasseur-condamne-en-appel","status":"publish","type":"post","link":"https:\/\/www.europesays.com\/fr\/119107\/","title":{"rendered":"le chasseur condamn\u00e9 en appel"},"content":{"rendered":"<p itemprop=\"description\"><strong>Un chasseur, qui avait tu\u00e9 un pygargue \u00e0 queue blanche, une esp\u00e8ce prot\u00e9g\u00e9e, a \u00e9t\u00e9 condamn\u00e9 \u00e0 quatre mois de prison avec sursis.<\/strong><\/p>\n<p>Un chasseur, \u00e2g\u00e9 d\u2019une trentaine d\u2019ann\u00e9es, avait abattu un rapace prot\u00e9g\u00e9, un pygargue \u00e0 queue blanche, dans le massif de l\u2019Oisans (Is\u00e8re) en f\u00e9vrier 2024. Nomm\u00e9 \u00ab\u00a0Morzine\u00a0\u00bb, il \u00e9tait n\u00e9 en captivit\u00e9 au parc des Aigles du L\u00e9man en Haute-Savoie. Le meurtre avait ainsi suscit\u00e9 la col\u00e8re des associations et notamment du directeur du p\u00f4le Protection de la Nature de la Ligue pour la protection des oiseaux (LPO), C\u00e9dric Marteau.<\/p>\n<p>Le trentenaire, retrouv\u00e9 gr\u00e2ce \u00e0 la balise high-tech install\u00e9e sur l\u2019oiseau, avait \u00e9t\u00e9 condamn\u00e9 en premi\u00e8re instance, en juillet 2024, \u00e0 quatre mois de prison avec sursis et avait vu son permis de chasse \u00eatre suspendu.<\/p>\n<p>Apr\u00e8s avoir fait appel, le chasseur \u00e9tait jug\u00e9 \u00e0 nouveau, ce mercredi, au tribunal judiciaire de Grenoble. Si les condamnations n\u2019ont pas \u00e9t\u00e9 remises en cause, le montant des dommages et int\u00e9r\u00eats a, lui, \u00e9t\u00e9 augment\u00e9 \u00e0 84 000 euros au lieu de 60 000 euros pour pr\u00e9judice moral et \u00e9cologique.<\/p>\n<p>L\u2019avocat du chasseur condamn\u00e9 a indiqu\u00e9 qu\u2019un pourvoi en cassation serait envisageable.<\/p>\n","protected":false},"excerpt":{"rendered":"Un chasseur, qui avait tu\u00e9 un pygargue \u00e0 queue blanche, une esp\u00e8ce prot\u00e9g\u00e9e, a \u00e9t\u00e9 condamn\u00e9 \u00e0 quatre&hellip;\n","protected":false},"author":2,"featured_media":119108,"comment_status":"","ping_status":"","sticky":false,"template":"","format":"standard","meta":{"footnotes":""},"categories":[9566],"tags":[1111,11,7733,8279,2430,7736,650,7734,2889,2263,1777,674,1011,27,2731,8280,6417,1114,108,4662,12,3725,1825,25,7737],"class_list":{"0":"post-119107","1":"post","2":"type-post","3":"status-publish","4":"format-standard","5":"has-post-thumbnail","7":"category-grenoble","8":"tag-actu","9":"tag-actualites","10":"tag-alpes","11":"tag-alpes1","12":"tag-auvergne-rhone-alpes","13":"tag-cds","14":"tag-cinema","15":"tag-ecoute","16":"tag-emission","17":"tag-equipe","18":"tag-eu","19":"tag-europe","20":"tag-fr","21":"tag-france","22":"tag-grenoble","23":"tag-haute","24":"tag-information","25":"tag-infos","26":"tag-isere","27":"tag-journal","28":"tag-news","29":"tag-podcast","30":"tag-radio","31":"tag-republique-francaise","32":"tag-winamp"},"share_on_mastodon":{"url":"https:\/\/pubeurope.com\/@fr\/114550832142888818","error":""},"_links":{"self":[{"href":"https:\/\/www.europesays.com\/fr\/wp-json\/wp\/v2\/posts\/119107","targetHints":{"allow":["GET"]}}],"collection":[{"href":"https:\/\/www.europesays.com\/fr\/wp-json\/wp\/v2\/posts"}],"about":[{"href":"https:\/\/www.europesays.com\/fr\/wp-json\/wp\/v2\/types\/post"}],"author":[{"embeddable":true,"href":"https:\/\/www.europesays.com\/fr\/wp-json\/wp\/v2\/users\/2"}],"replies":[{"embeddable":true,"href":"https:\/\/www.europesays.com\/fr\/wp-json\/wp\/v2\/comments?post=119107"}],"version-history":[{"count":0,"href":"https:\/\/www.europesays.com\/fr\/wp-json\/wp\/v2\/posts\/119107\/revisions"}],"wp:featuredmedia":[{"embeddable":true,"href":"https:\/\/www.europesays.com\/fr\/wp-json\/wp\/v2\/media\/119108"}],"wp:attachment":[{"href":"https:\/\/www.europesays.com\/fr\/wp-json\/wp\/v2\/media?parent=119107"}],"wp:term":[{"taxonomy":"category","embeddable":true,"href":"https:\/\/www.europesays.com\/fr\/wp-json\/wp\/v2\/categories?post=119107"},{"taxonomy":"post_tag","embeddable":true,"href":"https:\/\/www.europesays.com\/fr\/wp-json\/wp\/v2\/tags?post=119107"}],"curies":[{"name":"wp","href":"https:\/\/api.w.org\/{rel}","templated":true}]}}