{"id":119111,"date":"2025-05-22T09:43:16","date_gmt":"2025-05-22T09:43:16","guid":{"rendered":"https:\/\/www.europesays.com\/fr\/119111\/"},"modified":"2025-05-22T09:43:16","modified_gmt":"2025-05-22T09:43:16","slug":"arret-cardiaque-lors-de-rennes-monaco-que-sest-il-passe-au-roazhon-park-sport-maville-com-rennes","status":"publish","type":"post","link":"https:\/\/www.europesays.com\/fr\/119111\/","title":{"rendered":"Arr\u00eat cardiaque lors de Rennes \u2013 Monaco : que s&#039;est-il pass\u00e9 au Roazhon Park ? . Sport &#8211; MaVille.com &#8211; Rennes"},"content":{"rendered":"<ol>\n<li><a href=\"https:\/\/news.google.com\/rss\/articles\/CBMizAFBVV95cUxNMTJyd2RKbjRfTTBwaWVfUkdhRFc1SS1YSFFpa1FmamVienFfdUNtVUNLM3NzWnFTdzA2XzJBblpGXzQwYl92dWJqbERCSFB4R1ZucGZUUG01WnBvYV9ETFJ1UGVfQjJGWEZ0TDdocHFSelQ1dS1PUUpoeFVuZlFqeGRCVVFpMTdqM3JBYlpqWEZZMFdxR0ZDMkY3enQ2S0F6OTlJc0tMeUtHTGVkcHU4dUwwelFDY0liMTN3ZXg3S0t2OXhBamwyUG5sZnE?oc=5\" target=\"_blank\" rel=\"noopener\">Arr\u00eat cardiaque lors de Rennes \u2013 Monaco : que s&rsquo;est-il pass\u00e9 au Roazhon Park ? . Sport<\/a>&nbsp;&nbsp;MaVille.com &#8211; Rennes<\/li>\n<li><a href=\"https:\/\/news.google.com\/rss\/articles\/CBMijgJBVV95cUxNc0pxQk0ycGxncXU0bTFQeW14SkVPSlc5RUJib1A1NWJYekpKM3pJSEVEdjlsVWduVkxMYWU1cHRIV01kNFZsU0xRc2tHT0lHbFYtTFVmcnVfY0hMOWdnQ3dQZTBjSDJNWklhbllIQVFzVmpQQ282MnlRazd2cVpoSGNuYzNlRlEyaUNpMW8xY3hVNU1tV1RTMFVMaHhzQWZxVVcwYkhlbEJpQl9zdkM3NnJSVkJkREhkaGhneFU3TmNPNnJ5ODFZMmNtYnl6NjRmbEZPQ01MWEQ2OGo5WC1KNW92c21HTnh2VFFXMGYxb294S1NpMmxrWTdXYnVNb1M5NXdfRWc1OWU4MTVPNHc?oc=5\" target=\"_blank\" rel=\"noopener\">Arr\u00eat cardiaque lors de Rennes \u2013 Monaco : que s\u2019est-il pass\u00e9 au Roazhon Park ?<\/a>&nbsp;&nbsp;Ouest-France<\/li>\n<li><a href=\"https:\/\/news.google.com\/rss\/articles\/CBMi_wFBVV95cUxQQm9HM3QwczNBUDgteE14QjAxMjN2WEcxTlZkcTdLaEVUTmZhc3ROMmlxbnNPRFdoQVJVSG1acEVfZ3ZpWjRJVENKUHFsSG9aa0xsSlRZQUcxUm5HcEpDV21ScURyNEtFUXA5Y1ZjZmFGSTllaXlsMHNaNGt5bmRHa1BPVmJkUFVjdHdYX1lySnpWQTZBWFBrN29LbTQ5VFA0V1Nuc1VNTW1WV1dUUzZIOEstRlNGdDFMbW9FMFlOYnk4UkxwQU1pcENuZ2NvQ29hOFF4d0VjYTBlbUhqZ1RLX184NVVScWpRTDc0M0xUZnlLc3JNbV9LVVZwdmdZdEU?oc=5\" target=\"_blank\" rel=\"noopener\">Il s&rsquo;\u00e9croule sur la pelouse \u00e0 quelques minutes de la fin&#8230; Un joueur de Monaco victime d&rsquo;un arr\u00eat cardiaque en plein match<\/a>&nbsp;&nbsp;L&rsquo;Ind\u00e9pendant<\/li>\n<li><a href=\"https:\/\/news.google.com\/rss\/articles\/CBMi2gFBVV95cUxOSFpIX2JZa05xNEdGLTJBNndXX0djZXpqdEFvaHdJZU5PeWdhWWFJTnE4dXd2a2lVakYzc2d0ZWVjOU1IdGpWMDB6Ym1LVTlxZS1VLTdVU19XUklxT0p0Uk9IQ2s1cF9haXpPLTE2eWI4VC1NRVpQMjNKQnZwcDZVYVcxYmt5YUtfUlNCMkNpUEhKcm9sZEphdGFTbEdfS3pscEFoZVp2Wmx3cWMzOVRwbEtyaVQ3SENGaVFJenNhY0E5bjdlX3p5MjBudGNlem5xeEFjclE0N2dlQQ?oc=5\" target=\"_blank\" rel=\"noopener\">Foot : nouvelles rassurantes apr\u00e8s le malaise cardiaque d\u2019un joueur de 17 ans, \u00e9voluant \u00e0 Monaco<\/a>&nbsp;&nbsp;Le Figaro<\/li>\n<li><a href=\"https:\/\/news.google.com\/rss\/articles\/CBMi_gFBVV95cUxQbk80YVBFYUNPN0JiVzBnNUtOMWJ6UWJVTkdnOC1uUk9MWkpVWGtVYklXOU83UW5nd04wTXdCY09BZXZYUWFmUDRoRHUweWI5bjlaMU8wU2x1OHJ4Q3BpeWZrM3ZaRFFOWmhpS1NCN0lPOUdjNzZMVy1OLVBWb0dYaFZySFAzUWpiMmdJRVZlVkJ4bG9hZ1ZOeXZJWHdGX1pEYnBSeko4MkM2MFJNRFM5VUtwcnZXUktXTDk4SXRkZmI3SE9NWUZjUHBiSjJKazJ5T05BbHVTMXk2S0pRQ1hELXdIbExEZng1VUp6XzJpZ2cxZWxlRjJNREltUUJvUQ?oc=5\" target=\"_blank\" rel=\"noopener\">Football : \u00ab\u00a0Des nouvelles rassurantes\u2026\u00a0\u00bb La finale du Challenge Espoirs interrompue apr\u00e8s le malaise cardiaque d\u2019un des joueurs<\/a>&nbsp;&nbsp;ladepeche.fr<\/li>\n<\/ol>\n","protected":false},"excerpt":{"rendered":"Arr\u00eat cardiaque lors de Rennes \u2013 Monaco : que s&rsquo;est-il pass\u00e9 au Roazhon Park ? . Sport&nbsp;&nbsp;MaVille.com &#8211;&hellip;\n","protected":false},"author":2,"featured_media":119112,"comment_status":"","ping_status":"","sticky":false,"template":"","format":"standard","meta":{"footnotes":""},"categories":[2821],"tags":[1111,11,3809,1465,829,1777,674,63,1011,27,1792,1922,12,584,25,479,517,1470],"class_list":{"0":"post-119111","1":"post","2":"type-post","3":"status-publish","4":"format-standard","5":"has-post-thumbnail","7":"category-rennes","8":"tag-actu","9":"tag-actualites","10":"tag-ball","11":"tag-basket","12":"tag-bretagne","13":"tag-eu","14":"tag-europe","15":"tag-football","16":"tag-fr","17":"tag-france","18":"tag-handball","19":"tag-info","20":"tag-news","21":"tag-rennes","22":"tag-republique-francaise","23":"tag-rugby","24":"tag-sport","25":"tag-volley"},"share_on_mastodon":{"url":"https:\/\/pubeurope.com\/@fr\/114550839975550725","error":""},"_links":{"self":[{"href":"https:\/\/www.europesays.com\/fr\/wp-json\/wp\/v2\/posts\/119111","targetHints":{"allow":["GET"]}}],"collection":[{"href":"https:\/\/www.europesays.com\/fr\/wp-json\/wp\/v2\/posts"}],"about":[{"href":"https:\/\/www.europesays.com\/fr\/wp-json\/wp\/v2\/types\/post"}],"author":[{"embeddable":true,"href":"https:\/\/www.europesays.com\/fr\/wp-json\/wp\/v2\/users\/2"}],"replies":[{"embeddable":true,"href":"https:\/\/www.europesays.com\/fr\/wp-json\/wp\/v2\/comments?post=119111"}],"version-history":[{"count":0,"href":"https:\/\/www.europesays.com\/fr\/wp-json\/wp\/v2\/posts\/119111\/revisions"}],"wp:featuredmedia":[{"embeddable":true,"href":"https:\/\/www.europesays.com\/fr\/wp-json\/wp\/v2\/media\/119112"}],"wp:attachment":[{"href":"https:\/\/www.europesays.com\/fr\/wp-json\/wp\/v2\/media?parent=119111"}],"wp:term":[{"taxonomy":"category","embeddable":true,"href":"https:\/\/www.europesays.com\/fr\/wp-json\/wp\/v2\/categories?post=119111"},{"taxonomy":"post_tag","embeddable":true,"href":"https:\/\/www.europesays.com\/fr\/wp-json\/wp\/v2\/tags?post=119111"}],"curies":[{"name":"wp","href":"https:\/\/api.w.org\/{rel}","templated":true}]}}