{"id":119113,"date":"2025-05-22T09:44:08","date_gmt":"2025-05-22T09:44:08","guid":{"rendered":"https:\/\/www.europesays.com\/fr\/119113\/"},"modified":"2025-05-22T09:44:08","modified_gmt":"2025-05-22T09:44:08","slug":"un-jeune-joueur-monegasque-fait-un-arret-cardiaque-en-plein-match-sur-la-pelouse-du-roazhon-park","status":"publish","type":"post","link":"https:\/\/www.europesays.com\/fr\/119113\/","title":{"rendered":"un jeune joueur mon\u00e9gasque fait un arr\u00eat cardiaque en plein match sur la pelouse du Roazhon Park"},"content":{"rendered":"<p>            Par<br \/>\n        <strong><br \/>\n            <a href=\"https:\/\/actu.fr\/auteur\/lou-batteux\" title=\"Consulter tous les articles de Lou Batteux\" target=\"_blank\" rel=\"noopener\">Lou Batteux<\/a><br \/>\n        <\/strong><\/p>\n<p>        Publi\u00e9 le<\/p>\n<p>            22 mai 2025 \u00e0 10h55        <\/p>\n<p>Mercredi 21\u00a0mai 2025 se jouait <strong>la finale du Challenge Espoirs sur la pelouse du Roazhon Park<\/strong>. Ce match de football, qui opposait le <a href=\"https:\/\/actu.fr\/tag\/stade-rennais\" target=\"_blank\" rel=\"noopener\">Stade Rennais<\/a> \u00e0 l\u2019AS Monaco, a \u00e9t\u00e9 interrompu \u00e0 quelques minutes \u00e0 peine de la fin du jeu.<\/p>\n<p>Un incident grave<\/p>\n<p class=\" wall-content\">En effet, <strong>Samuel Nibomb\u00e9<\/strong>, un joueur mon\u00e9gasque \u00e2g\u00e9 de 17\u00a0ans seulement, a \u00e9t\u00e9 <strong>victime d\u2019un malaise cardiorespiratoire<\/strong>, indique le Codis (Centre op\u00e9rationnel d\u00e9partemental d\u2019incendie et de secours) \u00e0 la r\u00e9daction d\u2019<a href=\"https:\/\/actu.fr\/rennes\/\" target=\"_blank\" rel=\"noopener\">actu Rennes<\/a>, confirmant les informations de nos confr\u00e8res de <a href=\"https:\/\/www.ouest-france.fr\/sport\/football\/monaco\/un-jeune-joueur-de-las-monaco-victime-dun-malaise-cardiaque-contre-le-stade-rennais-366b32a8-3674-11f0-a239-9c8da3da27ee\" target=\"_blank\" rel=\"noopener\">Ouest-France<\/a>. L\u2019incident est survenu \u00e0 la <strong>80\u1d49 minute de la rencontre<\/strong>.<\/p>\n<p class=\" wall-content\">Les pompiers, appel\u00e9s \u00e0<strong> 20h46<\/strong>, ont pris en charge le jeune joueur, alors d\u00e9j\u00e0 <strong>r\u00e9anim\u00e9<\/strong> par les \u00e9quipes m\u00e9dicales de l\u2019AS Monaco qui avaient r\u00e9ussi \u00e0 r\u00e9cup\u00e9rer une activit\u00e9 cardiaque. Il a ensuite \u00e9t\u00e9 <strong>transport\u00e9 au <a href=\"https:\/\/actu.fr\/tag\/chu-de-rennes\" target=\"_blank\" rel=\"noopener\">CHU de Rennes<\/a> en urgence absolue<\/strong>.<\/p>\n<p>Des \u00ab\u2009nouvelles rassurantes\u2009\u00bb<\/p>\n<p class=\" wall-content\">Le club de football mon\u00e9gasque a par la suite donn\u00e9 des <strong>\u00ab\u2009nouvelles rassurantes\u2009\u00bb<\/strong> de Samuel Nibomb\u00e9 sur X (ex-Twitter).<\/p>\n<p>Vid\u00e9os : en ce moment sur Actu<\/p>\n<p class=\" wall-content\">\n<p class=\" wall-content\"><strong>Le match n\u2019a \u00e9videmment pas repris<\/strong> suite \u00e0 l\u2019incident\u2009; le score a \u00e9t\u00e9 arr\u00eat\u00e9 \u00e0 2 \u2013 1 pour l\u2019AS Monaco.<\/p>\n<p class=\" wall-content\">Suivez toute l\u2019actualit\u00e9 de vos villes et m\u00e9dias favoris en vous inscrivant \u00e0 <a href=\"https:\/\/moncompte.actu.fr\" title=\"D\u00e9couvez Mon Actu\" rel=\"nofollow noopener\" data-trk=\"{&quot;cta&quot;:{&quot;action&quot;:&quot;https:\\\/\\\/moncompte.actu.fr&quot;,&quot;category&quot;:&quot;mon compte&quot;,&quot;from&quot;:&quot;article footer&quot;,&quot;name&quot;:&quot;Mon actu&quot;,&quot;type&quot;:&quot;cta&quot;}}\" target=\"_blank\">Mon Actu<\/a>.<\/p>\n","protected":false},"excerpt":{"rendered":"Par Lou Batteux Publi\u00e9 le 22 mai 2025 \u00e0 10h55 Mercredi 21\u00a0mai 2025 se jouait la finale du&hellip;\n","protected":false},"author":2,"featured_media":119114,"comment_status":"","ping_status":"","sticky":false,"template":"","format":"standard","meta":{"footnotes":""},"categories":[2821],"tags":[1111,11,829,1777,674,1011,27,12,1311,584,25,7091,104,3087],"class_list":{"0":"post-119113","1":"post","2":"type-post","3":"status-publish","4":"format-standard","5":"has-post-thumbnail","7":"category-rennes","8":"tag-actu","9":"tag-actualites","10":"tag-bretagne","11":"tag-eu","12":"tag-europe","13":"tag-fr","14":"tag-france","15":"tag-news","16":"tag-pompiers","17":"tag-rennes","18":"tag-republique-francaise","19":"tag-roazhon-park","20":"tag-societe","21":"tag-stade-rennais"},"share_on_mastodon":{"url":"https:\/\/pubeurope.com\/@fr\/114550843910378151","error":""},"_links":{"self":[{"href":"https:\/\/www.europesays.com\/fr\/wp-json\/wp\/v2\/posts\/119113","targetHints":{"allow":["GET"]}}],"collection":[{"href":"https:\/\/www.europesays.com\/fr\/wp-json\/wp\/v2\/posts"}],"about":[{"href":"https:\/\/www.europesays.com\/fr\/wp-json\/wp\/v2\/types\/post"}],"author":[{"embeddable":true,"href":"https:\/\/www.europesays.com\/fr\/wp-json\/wp\/v2\/users\/2"}],"replies":[{"embeddable":true,"href":"https:\/\/www.europesays.com\/fr\/wp-json\/wp\/v2\/comments?post=119113"}],"version-history":[{"count":0,"href":"https:\/\/www.europesays.com\/fr\/wp-json\/wp\/v2\/posts\/119113\/revisions"}],"wp:featuredmedia":[{"embeddable":true,"href":"https:\/\/www.europesays.com\/fr\/wp-json\/wp\/v2\/media\/119114"}],"wp:attachment":[{"href":"https:\/\/www.europesays.com\/fr\/wp-json\/wp\/v2\/media?parent=119113"}],"wp:term":[{"taxonomy":"category","embeddable":true,"href":"https:\/\/www.europesays.com\/fr\/wp-json\/wp\/v2\/categories?post=119113"},{"taxonomy":"post_tag","embeddable":true,"href":"https:\/\/www.europesays.com\/fr\/wp-json\/wp\/v2\/tags?post=119113"}],"curies":[{"name":"wp","href":"https:\/\/api.w.org\/{rel}","templated":true}]}}