{"id":119115,"date":"2025-05-22T09:45:08","date_gmt":"2025-05-22T09:45:08","guid":{"rendered":"https:\/\/www.europesays.com\/fr\/119115\/"},"modified":"2025-05-22T09:45:08","modified_gmt":"2025-05-22T09:45:08","slug":"la-poste-un-cortege-de-facteurs-va-sarreter-dans-le-centre-ville-de-strasbourg-ce-vendredi-voici-pourquoi","status":"publish","type":"post","link":"https:\/\/www.europesays.com\/fr\/119115\/","title":{"rendered":"La Poste. Un cort\u00e8ge de facteurs va s&rsquo;arr\u00eater dans le centre-ville de Strasbourg ce vendredi, voici pourquoi"},"content":{"rendered":"<p>            Par<br \/>\n        <strong><br \/>\n            <a href=\"https:\/\/actu.fr\/auteur\/margot-fournie\" title=\"Consulter tous les articles de Margot Fournie\" rel=\"nofollow noopener\" target=\"_blank\">Margot Fournie<\/a><br \/>\n        <\/strong><\/p>\n<p>        Publi\u00e9 le<\/p>\n<p>            22 mai 2025 \u00e0 11h38        <\/p>\n<p>Apr\u00e8s avoir <a href=\"https:\/\/actu.fr\/grand-est\/metz_57463\/la-poste-pourquoi-plein-de-facteurs-vont-debarquer-en-centre-ville-de-metz-ce-mercredi-apres-midi_62666458.html\" rel=\"nofollow noopener\" target=\"_blank\">d\u00e9barqu\u00e9 dans le centre-ville de Metz<\/a>, des <strong>facteurs et factrices<\/strong> de <strong>La Poste<\/strong> vont s\u2019arr\u00eater \u00e0 <a href=\"https:\/\/actu.fr\/strasbourg\/\" rel=\"nofollow noopener\" target=\"_blank\">Strasbourg<\/a>, place Broglie, ce vendredi 23 mai, \u00e0 14h45.<\/p>\n<p class=\" wall-content\">\u00c9quip\u00e9s de <strong>leurs v\u00e9los \u00e0 assistance \u00e9lectrique<\/strong>, utilis\u00e9s initialement pour leurs tourn\u00e9es, ces facteurs se sont lanc\u00e9s le d\u00e9fi de faire <strong>un relais entre Paris et Strasbourg<\/strong>. Un p\u00e9riple de 500\u00a0km.<\/p>\n<p>Une performance sportive pour promouvoir l\u2019usage du v\u00e9lo<\/p>\n<p class=\" wall-content\">Un <strong>p\u00e9riple de 500\u00a0km<\/strong> et fait en <strong>cinq jours<\/strong>. Les facteurs ont <strong>quitt\u00e9 la capitale le 19\u00a0mai<\/strong>.<\/p>\n<p class=\" wall-content\">Cette <strong>performance sportive<\/strong> est organis\u00e9e dans le cadre de \u00ab\u2009Mai \u00e0 v\u00e9lo\u2009\u00bb, en partenariat avec la F\u00e9d\u00e9ration des usag\u00e8res et usagers de la bicyclette (FUB). Elle a pour but de <strong>promouvoir l\u2019usage du v\u00e9lo<\/strong> et de faire de la pr\u00e9vention sur la s\u00e9curit\u00e9 routi\u00e8re.<\/p>\n<p>Vid\u00e9os : en ce moment sur ActuSur place, des ateliers seront organis\u00e9s<\/p>\n<p class=\" wall-content\">En ce sens, \u00e0 l\u2019arriv\u00e9e des facteurs, <strong>des animations<\/strong> seront propos\u00e9es <strong>au grand public<\/strong> avec les associations du r\u00e9seau de la FUB\u2009: <strong>ateliers d\u2019auto-r\u00e9paration<\/strong>, de sensibilisation au code vu du guidon et pr\u00e9sentation du Barom\u00e8tre v\u00e9lo, la plus grande enqu\u00eate citoyenne.<\/p>\n<p class=\" wall-content\">Suivez toute l\u2019actualit\u00e9 de vos villes et m\u00e9dias favoris en vous inscrivant \u00e0 <a href=\"https:\/\/moncompte.actu.fr\" title=\"D\u00e9couvez Mon Actu\" rel=\"nofollow noopener\" data-trk=\"{&quot;cta&quot;:{&quot;action&quot;:&quot;https:\\\/\\\/moncompte.actu.fr&quot;,&quot;category&quot;:&quot;mon compte&quot;,&quot;from&quot;:&quot;article footer&quot;,&quot;name&quot;:&quot;Mon actu&quot;,&quot;type&quot;:&quot;cta&quot;}}\" target=\"_blank\">Mon Actu<\/a>.<\/p>\n","protected":false},"excerpt":{"rendered":"Par Margot Fournie Publi\u00e9 le 22 mai 2025 \u00e0 11h38 Apr\u00e8s avoir d\u00e9barqu\u00e9 dans le centre-ville de Metz,&hellip;\n","protected":false},"author":2,"featured_media":119116,"comment_status":"","ping_status":"","sticky":false,"template":"","format":"standard","meta":{"footnotes":""},"categories":[2820],"tags":[1111,11,1777,674,1011,27,775,3316,12,25,104,640],"class_list":{"0":"post-119115","1":"post","2":"type-post","3":"status-publish","4":"format-standard","5":"has-post-thumbnail","7":"category-strasbourg","8":"tag-actu","9":"tag-actualites","10":"tag-eu","11":"tag-europe","12":"tag-fr","13":"tag-france","14":"tag-grand-est","15":"tag-la-poste","16":"tag-news","17":"tag-republique-francaise","18":"tag-societe","19":"tag-strasbourg"},"share_on_mastodon":{"url":"https:\/\/pubeurope.com\/@fr\/114550847762398737","error":""},"_links":{"self":[{"href":"https:\/\/www.europesays.com\/fr\/wp-json\/wp\/v2\/posts\/119115","targetHints":{"allow":["GET"]}}],"collection":[{"href":"https:\/\/www.europesays.com\/fr\/wp-json\/wp\/v2\/posts"}],"about":[{"href":"https:\/\/www.europesays.com\/fr\/wp-json\/wp\/v2\/types\/post"}],"author":[{"embeddable":true,"href":"https:\/\/www.europesays.com\/fr\/wp-json\/wp\/v2\/users\/2"}],"replies":[{"embeddable":true,"href":"https:\/\/www.europesays.com\/fr\/wp-json\/wp\/v2\/comments?post=119115"}],"version-history":[{"count":0,"href":"https:\/\/www.europesays.com\/fr\/wp-json\/wp\/v2\/posts\/119115\/revisions"}],"wp:featuredmedia":[{"embeddable":true,"href":"https:\/\/www.europesays.com\/fr\/wp-json\/wp\/v2\/media\/119116"}],"wp:attachment":[{"href":"https:\/\/www.europesays.com\/fr\/wp-json\/wp\/v2\/media?parent=119115"}],"wp:term":[{"taxonomy":"category","embeddable":true,"href":"https:\/\/www.europesays.com\/fr\/wp-json\/wp\/v2\/categories?post=119115"},{"taxonomy":"post_tag","embeddable":true,"href":"https:\/\/www.europesays.com\/fr\/wp-json\/wp\/v2\/tags?post=119115"}],"curies":[{"name":"wp","href":"https:\/\/api.w.org\/{rel}","templated":true}]}}